{"id":37147,"date":"2022-02-14T14:52:46","date_gmt":"2022-02-14T14:52:46","guid":{"rendered":"https:\/\/ladecimaweb.com\/?p=12630"},"modified":"2022-02-14T14:52:46","modified_gmt":"2022-02-14T14:52:46","slug":"comenzo-a-construirse-el-edificio-de-un-jardin-en-barrio-congreso","status":"publish","type":"post","link":"http:\/\/hoycordobaweb.com\/index.php\/2022\/02\/14\/comenzo-a-construirse-el-edificio-de-un-jardin-en-barrio-congreso\/","title":{"rendered":"Comenz\u00f3 a construirse el edificio de un jard\u00edn en barrio Congreso"},"content":{"rendered":"<p><em>(Prensa municipal)<\/em> Con una <strong>inversi\u00f3n superior a los 62 millones de pesos<\/strong>, la Municipalidad de C\u00f3rdoba inici\u00f3 la construcci\u00f3n del edificio propio del <strong>Jard\u00edn Maternal \u201cTrapito\u201d, en barrio Congreso.\u00a0<\/strong><\/p>\n<p>En sus <strong>448 m\u00b2<\/strong> el nuevo establecimiento educativo tendr\u00e1 dos aulas, sal\u00f3n de usos m\u00faltiples, galer\u00eda y patio exteriores, direcci\u00f3n, secretar\u00eda, cocina, ba\u00f1os, dep\u00f3sito, sala de maestros.<\/p>\n<p>Contar\u00e1 con <strong>salas de 2 y 3 a\u00f1os<\/strong>, ampliando la red educativa en esa zona junto a la escuela primaria Republica de Italia y el Parque Educativo Sur.<\/p>\n<p><strong>La sede estar\u00e1 dotada de instalaci\u00f3n el\u00e9ctrica, sanitaria, conectividad, calefacci\u00f3n y ventiladores.<\/strong> Garantizar\u00e1 la accesibilidad a trav\u00e9s de rampas, pasamanos y ba\u00f1os para discapacitados.<\/p>\n<p>El Jard\u00edn Maternal \u201cTrapitos\u201d <strong>se ubicar\u00e1 cerca del Parque Educativo Sur y colindante a la Escuela Municipal Primaria Republica de Italia<\/strong>, donde tambi\u00e9n se levantan dos nuevas aulas que registran un 60 por ciento de avance de obra.<\/p>\n<p>\u201cGenerar\u00e1 m\u00e1s oportunidades en la zona sur, para que los ni\u00f1os y ni\u00f1as desde muy temprana edad puedan acceder al jard\u00edn maternal. Luego podr\u00e1n continuar el jard\u00edn de infantes y la primaria en la Escuela Municipal Rep\u00fablica de Italia, adem\u00e1s de finalizar la educaci\u00f3n obligatoria en las escuelas secundarias que est\u00e1n en el mismo barrio\u201d, destac\u00f3 el secretario de Educaci\u00f3n Horacio Ferreyra.<\/p>\n<p>Actualmente, en los 38 jardines maternales asisten 4.387 ni\u00f1os y ni\u00f1as que acceden a una oportunidad educativa de calidad.<\/p>\n<div class=\"ubm_banner\"><a href=\"https:\/\/www.cba.gov.ar\/10-mil-viviendas\/?csrt=8333084810548506306\" target=\"_blank\" rel=\"dofollow noopener noreferrer\"><img src=\"http:\/\/hoycordobaweb.com\/wp-content\/uploads\/2022\/02\/comenzo-a-construirse-el-edificio-de-un-jardin-en-barrio-congreso.gif\" alt=\"\"><\/a><\/div>\n<p>La entrada <a rel=\"nofollow\" href=\"https:\/\/ladecimaweb.com\/comenzo-a-construirse-el-edificio-de-un-jardin-en-barrio-congreso\/\">Comenz\u00f3 a construirse el edificio de un jard\u00edn en barrio Congreso<\/a> se public\u00f3 primero en <a rel=\"nofollow\" href=\"https:\/\/ladecimaweb.com\">LaDecima<\/a>.<\/p>\n","protected":false},"excerpt":{"rendered":"<p>(Prensa municipal) Con una inversi\u00f3n superior a los 62 millones de pesos, la Municipalidad de C\u00f3rdoba inici\u00f3 la construcci\u00f3n del edificio propio del Jard\u00edn Maternal \u201cTrapito\u201d, en barrio Congreso.\u00a0 En sus 448 m\u00b2 el nuevo establecimiento educativo tendr\u00e1 dos aulas, sal\u00f3n de usos m\u00faltiples, galer\u00eda y patio exteriores, direcci\u00f3n, secretar\u00eda, cocina, ba\u00f1os, dep\u00f3sito, sala de [&hellip;]<\/p>\n","protected":false},"author":1,"featured_media":37148,"comment_status":"closed","ping_status":"closed","sticky":false,"template":"","format":"standard","meta":[],"categories":[19],"tags":[],"_links":{"self":[{"href":"http:\/\/hoycordobaweb.com\/index.php\/wp-json\/wp\/v2\/posts\/37147"}],"collection":[{"href":"http:\/\/hoycordobaweb.com\/index.php\/wp-json\/wp\/v2\/posts"}],"about":[{"href":"http:\/\/hoycordobaweb.com\/index.php\/wp-json\/wp\/v2\/types\/post"}],"author":[{"embeddable":true,"href":"http:\/\/hoycordobaweb.com\/index.php\/wp-json\/wp\/v2\/users\/1"}],"replies":[{"embeddable":true,"href":"http:\/\/hoycordobaweb.com\/index.php\/wp-json\/wp\/v2\/comments?post=37147"}],"version-history":[{"count":0,"href":"http:\/\/hoycordobaweb.com\/index.php\/wp-json\/wp\/v2\/posts\/37147\/revisions"}],"wp:featuredmedia":[{"embeddable":true,"href":"http:\/\/hoycordobaweb.com\/index.php\/wp-json\/wp\/v2\/media\/37148"}],"wp:attachment":[{"href":"http:\/\/hoycordobaweb.com\/index.php\/wp-json\/wp\/v2\/media?parent=37147"}],"wp:term":[{"taxonomy":"category","embeddable":true,"href":"http:\/\/hoycordobaweb.com\/index.php\/wp-json\/wp\/v2\/categories?post=37147"},{"taxonomy":"post_tag","embeddable":true,"href":"http:\/\/hoycordobaweb.com\/index.php\/wp-json\/wp\/v2\/tags?post=37147"}],"curies":[{"name":"wp","href":"https:\/\/api.w.org\/{rel}","templated":true}]}}