{"id":37011,"date":"2022-02-12T23:47:52","date_gmt":"2022-02-12T23:47:52","guid":{"rendered":"https:\/\/www.ole.com.ar\/informacion-general\/carlos-salvador-bilardo-reaparecio-publico-estudiantes-foto_0_8oVITCsJzu.html"},"modified":"2022-02-12T23:47:52","modified_gmt":"2022-02-12T23:47:52","slug":"bilardo-reaparecio-publicamente-que-alegria-doctor","status":"publish","type":"post","link":"http:\/\/hoycordobaweb.com\/index.php\/2022\/02\/12\/bilardo-reaparecio-publicamente-que-alegria-doctor\/","title":{"rendered":"Bilardo reapareci\u00f3 p\u00fablicamente: \u00a1Qu\u00e9 alegr\u00eda Doctor!"},"content":{"rendered":"<p><img src=\"http:\/\/hoycordobaweb.com\/wp-content\/uploads\/2022\/02\/bilardo-reaparecio-publicamente-que-alegria-doctor.jpg\"><\/p>\n<p>A pocas horas del estreno de <a alt=\"estudiantes-lp\" class=\"slug\" href=\"https:\/\/www.ole.com.ar\/tema\/estudiantes-lp.html\" target=\"_blank\" title=\"estudiantes-lp\" rel=\"noopener noreferrer\">Estudiantes<\/a> por la Zona B de la <a alt=\"copa-liga-profesional\" class=\"slug\" href=\"https:\/\/www.ole.com.ar\/tema\/copa-liga-profesional.html\" target=\"_blank\" title=\"copa-liga-profesional\" rel=\"noopener noreferrer\">Copa Liga Profesional<\/a>, en La Plata y ante Independiente, el pueblo Pincha celebr\u00f3 una grata noticia, la cual se festej\u00f3 m\u00e1s que cualquier gol: <strong>la reaparici\u00f3n p\u00fablica de <a alt=\"carlos-salvador-bilardo\" class=\"slug\" href=\"https:\/\/www.ole.com.ar\/tema\/carlos-salvador-bilardo.html\" target=\"_blank\" title=\"carlos-salvador-bilardo\" rel=\"noopener noreferrer\">Carlos Salvador Bilardo<\/a>. <\/strong><\/p>\n<div class=\"sp__SM\">\n<div class=\"content-new \">\n<span class=\"tit-mobile\">Mir\u00e1 tambi\u00e9n<\/span><\/p>\n<div class=\"mg\">\n<div class=\"wrap-figure\">\n<picture>\n<a href=\"https:\/\/www.ole.com.ar\/futbol-internacional\/inglaterra\/marcelo-bielsa-declaraciones-post-derrota-leeds-everton_0_bBEAIndgnW.html\" target=\"_self\" rel=\"noopener noreferrer\"><br \/>\n<img class=\"img-responsive\" alt=\"Bielsa: del &quot;resultado justo&quot; al &quot;error de mi parte&quot;\" src=\"http:\/\/hoycordobaweb.com\/wp-content\/uploads\/2022\/02\/bilardo-reaparecio-publicamente-que-alegria-doctor-2.jpg\" loading=\"lazy\"><br \/>\n<\/a>\n<\/picture>\n<\/div>\n<\/div><\/div>\n<\/div>\n<p><strong>\u200b\u00bbLa felicidad de Bilardo es la nuestra. \u00a1Qu\u00e9 lindo verlo as\u00ed, Doctor!\u00bb<\/strong>, escribi\u00f3 el elenco platense, en el cual brill\u00f3 como jugador y como entrenador, junto auna imagen que previamente hab\u00eda subido la hija del Doc. La fecha no ser\u00eda casualidad, ya que justamente el Le\u00f3n le tendr\u00eda preparado un homenaje muy especial en Uno.<\/p>\n<p>En dicho sentido, fue Daniela, la descendiente del emblem\u00e1tico entrenador de la Selecci\u00f3n Argentina, quien public\u00f3 la fotograf\u00eda de la familia reunida, con Bilardo sonriente y en buen estado. Junto a la imagen, escribi\u00f3: <strong>\u00abA tu lado acompa\u00f1\u00e1ndote hoy, igual que siempre. Y recordando juntos 40 a\u00f1os de gloria intacta\u00bb.\u200b<\/strong><\/p>\n<div class=\"sp__SM\">\n<div class=\"content-new \">\n<span class=\"tit-mobile\">Mir\u00e1 tambi\u00e9n<\/span><\/p>\n<div class=\"mg\">\n<div class=\"wrap-figure\">\n<picture>\n<a href=\"https:\/\/www.ole.com.ar\/futbol-internacional\/mano-thiago-silva-luan-chelsea_0_PZ0GTRCP30.html\" target=\"_self\" rel=\"noopener noreferrer\"><br \/>\n<img class=\"img-responsive\" alt=\"La mano ins\u00f3lita de Thiago Silva y la del t\u00edtulo del Chelsea\" src=\"http:\/\/hoycordobaweb.com\/wp-content\/uploads\/2022\/02\/bilardo-reaparecio-publicamente-que-alegria-doctor-3.jpg\" loading=\"lazy\"><br \/>\n<\/a>\n<\/picture>\n<\/div>\n<\/div><\/div>\n<\/div>\n<div class=\"sp__Normal\">\n<div class=\"image-embeb image-trigger\" readability=\"6.5\">\n<picture><source media=\"(min-width: 720px)\" srcset=\"http:\/\/hoycordobaweb.com\/wp-content\/uploads\/2022\/02\/bilardo-reaparecio-publicamente-que-alegria-doctor-4.jpg\"><img itemprop=\"image\" src=\"http:\/\/hoycordobaweb.com\/wp-content\/uploads\/2022\/02\/bilardo-reaparecio-publicamente-que-alegria-doctor-4.jpg\" loading=\"lazy\" alt=\"La publicaci\u00f3n de Daniela Bilardo, hija del Narig\u00f3n.\">\n<\/picture><figcaption readability=\"3\">\n<p>La publicaci\u00f3n de Daniela Bilardo, hija del Narig\u00f3n.\n<\/p>\n<\/figcaption><\/div>\n<\/div>\n<p>\u200bEl posteo se viraliz\u00f3 en las redes por el cari\u00f1o que genera a lo largo y ancho del pa\u00eds&nbsp;el Narig\u00f3n, quien padece una enfermedad neurodegenerativa y hace tiempo no se lo ve\u00eda p\u00fablicamente. De hecho, su entorno m\u00e1s cercano coment\u00f3 que por el momento, para no afectarlo emocionalmente, no le dijeron sobre los fallecimientos de Diego Maradona, Alejandro Sabella, el Tata Brown o Cacho Malbernat.&nbsp;<strong>El tributo que le realiza Estudiantes es&nbsp;en referencia al 40\u00b0 aniversario de la coronaci\u00f3n del Torneo Metropolitano de 1982, equipo que comand\u00f3 t\u00e9cnicamente.<\/strong> Cabe mencionar que Jorge Bilardo, su hermano, ya est\u00e1 en 1 y 57 para el festejo especial.<\/p>\n<div class=\"sp__SM\">\n<div class=\"content-new \">\n<span class=\"tit-mobile\">Mir\u00e1 tambi\u00e9n<\/span><\/p>\n<div class=\"mg\">\n<div class=\"wrap-figure\">\n<picture>\n<a href=\"https:\/\/www.ole.com.ar\/futbol-internacional\/eliminatorias\/colombia-rueda-gareca-bielsa-osorio_0_Sfbaf0pOzX.html\" target=\"_self\" rel=\"noopener noreferrer\"><br \/>\n<img class=\"img-responsive\" alt=\"Los nombres que ya suenan como posibles entrenadores de Colombia\" src=\"http:\/\/hoycordobaweb.com\/wp-content\/uploads\/2022\/02\/bilardo-reaparecio-publicamente-que-alegria-doctor-5.jpg\" loading=\"lazy\"><br \/>\n<\/a>\n<\/picture>\n<\/div>\n<\/div><\/div>\n<\/div>\n<div class=\"sp__SM\">\n<div class=\"content-new \">\n<span class=\"tit-mobile\">Mir\u00e1 tambi\u00e9n<\/span><\/p>\n<div class=\"mg\">\n<div class=\"wrap-figure\">\n<picture>\n<a href=\"https:\/\/www.ole.com.ar\/futbol-internacional\/espana\/angel-correa-goles-atletico_0_gARhVMpxt3.html\" target=\"_self\" rel=\"noopener noreferrer\"><br \/>\n<img class=\"img-responsive\" alt=\"Correa: premio, doblete y gran presente en Atl\u00e9tico\" src=\"http:\/\/hoycordobaweb.com\/wp-content\/uploads\/2022\/02\/bilardo-reaparecio-publicamente-que-alegria-doctor-6.jpg\" loading=\"lazy\"><br \/>\n<\/a>\n<\/picture>\n<\/div>\n<\/div><\/div>\n<\/div>\n<div class=\"entry-tags\">\n<h2>TEMAS QUE APARECEN EN ESTA NOTA<\/h2>\n<\/p><\/div>\n","protected":false},"excerpt":{"rendered":"<p>A pocas horas del estreno de Estudiantes por la Zona B de la Copa Liga Profesional, en La Plata y ante Independiente, el pueblo Pincha celebr\u00f3 una grata noticia, la cual se festej\u00f3 m\u00e1s que cualquier gol: la reaparici\u00f3n p\u00fablica de Carlos Salvador Bilardo. Mir\u00e1 tambi\u00e9n \u200b\u00bbLa felicidad de Bilardo es la nuestra. \u00a1Qu\u00e9 lindo [&hellip;]<\/p>\n","protected":false},"author":1,"featured_media":37012,"comment_status":"open","ping_status":"closed","sticky":false,"template":"","format":"standard","meta":[],"categories":[16],"tags":[],"_links":{"self":[{"href":"http:\/\/hoycordobaweb.com\/index.php\/wp-json\/wp\/v2\/posts\/37011"}],"collection":[{"href":"http:\/\/hoycordobaweb.com\/index.php\/wp-json\/wp\/v2\/posts"}],"about":[{"href":"http:\/\/hoycordobaweb.com\/index.php\/wp-json\/wp\/v2\/types\/post"}],"author":[{"embeddable":true,"href":"http:\/\/hoycordobaweb.com\/index.php\/wp-json\/wp\/v2\/users\/1"}],"replies":[{"embeddable":true,"href":"http:\/\/hoycordobaweb.com\/index.php\/wp-json\/wp\/v2\/comments?post=37011"}],"version-history":[{"count":0,"href":"http:\/\/hoycordobaweb.com\/index.php\/wp-json\/wp\/v2\/posts\/37011\/revisions"}],"wp:featuredmedia":[{"embeddable":true,"href":"http:\/\/hoycordobaweb.com\/index.php\/wp-json\/wp\/v2\/media\/37012"}],"wp:attachment":[{"href":"http:\/\/hoycordobaweb.com\/index.php\/wp-json\/wp\/v2\/media?parent=37011"}],"wp:term":[{"taxonomy":"category","embeddable":true,"href":"http:\/\/hoycordobaweb.com\/index.php\/wp-json\/wp\/v2\/categories?post=37011"},{"taxonomy":"post_tag","embeddable":true,"href":"http:\/\/hoycordobaweb.com\/index.php\/wp-json\/wp\/v2\/tags?post=37011"}],"curies":[{"name":"wp","href":"https:\/\/api.w.org\/{rel}","templated":true}]}}