{"id":36937,"date":"2022-02-11T00:24:00","date_gmt":"2022-02-11T00:24:00","guid":{"rendered":"http:\/\/hoycordobaweb.com\/index.php\/2022\/02\/11\/se-estrena-los-paseos-un-historia-de-amor-marcada-por-las-diferencia-sociales\/"},"modified":"2022-02-11T00:24:00","modified_gmt":"2022-02-11T00:24:00","slug":"se-estrena-los-paseos-un-historia-de-amor-marcada-por-las-diferencia-sociales","status":"publish","type":"post","link":"http:\/\/hoycordobaweb.com\/index.php\/2022\/02\/11\/se-estrena-los-paseos-un-historia-de-amor-marcada-por-las-diferencia-sociales\/","title":{"rendered":"Se estrena \u201cLos paseos\u201d, un historia de amor marcada por las diferencia sociales"},"content":{"rendered":"<p><img src=\"http:\/\/hoycordobaweb.com\/wp-content\/uploads\/2022\/02\/se-estrena-los-paseos-un-historia-de-amor-marcada-por-las-diferencia-sociales.jpg\"><\/p>\n<figure class=\"mb-3\"><img loading=\"lazy\" src=\"http:\/\/hoycordobaweb.com\/wp-content\/uploads\/2022\/02\/se-estrena-los-paseos-un-historia-de-amor-marcada-por-las-diferencia-sociales-2.jpg\" width=\"100%\" height=\"100%\" alt=\"Sergio Mayorquin encarna a un errtico estudiante de clase media\"><figcaption> Sergio Mayorquin encarna a un err\u00e1tico estudiante de clase media. <\/figcaption><\/figure>\n<p>La relaci\u00f3n amorosa entre un estudiante de arquitectura y una chica que cuida a una anciana, con la ciudad como un protagonista m\u00e1s de la historia, es el eje de <strong>\u201cLos paseos\u201d <\/strong>de <strong>Esteban Tabacznik<\/strong>, que se estrena este jueves en el Complejo Gaumont y desde el 17 de febrero se podr\u00e1 ver en la plataforma Puentes de Cine.<\/p>\n<p>Luego de dirigir el documental <strong>\u201cEstoy ac\u00e1 (Mangui Fi)\u201d<\/strong>, junto a <strong>Juan Manuel Bramuglia<\/strong>, Tabacznik cuenta en su primera ficci\u00f3n una historia de amor marcada por la diferencia de clases entre Diego (<strong>Sergio Mayorqu\u00edn <\/strong>), un err\u00e1tico estudiante de clase media y Bel\u00e9n (<strong>Camila Peralta<\/strong>), una chica paraguaya que cuida a Eva (<strong>Rosa Marco<\/strong>), una se\u00f1ora mayor, mientras estudia cocina y franc\u00e9s para convertirse en chef.<\/p>\n<figure class=\"mb-3\"><img loading=\"lazy\" src=\"http:\/\/hoycordobaweb.com\/wp-content\/uploads\/2022\/02\/se-estrena-los-paseos-un-historia-de-amor-marcada-por-las-diferencia-sociales-3.jpg\" width=\"100%\" height=\"100%\" alt=\"Camila Peralta la joven paraguaya que cuida a una seora mayor\"><figcaption> Camila Peralta, la joven paraguaya que cuida a una se\u00f1ora mayor. <\/figcaption><\/figure>\n<p><br open> La deriva y la indecisi\u00f3n del joven estudiante contrastan con la determinaci\u00f3n de la chica y esa diferencia,<strong> \u201ctiene que ver con lo que llamamos el pasaje de la juventud a la adultez o madurez\u201d<\/strong>, describe el director en comunicaci\u00f3n con T\u00e9lam.<\/p>\n<p><strong>\u201cMe parec\u00eda interesante el cruce de los dos protagonistas, porque para Bel\u00e9n ese proceso se dio antes o nunca hubo realmente un espacio para ello <\/strong>-explica-<strong> la diferencia de clases se ve muy fuertemente en la relaci\u00f3n que tenemos con las ambiciones personales\u201d<\/strong>.<\/p>\n<p><strong>T\u00e9lam: \u00bfCu\u00e1l fue la motivaci\u00f3n para centrar tu primera ficci\u00f3n en una historia de amor?<\/strong><\/p>\n<p>Esteban Tabacznik: Est\u00e1 inspirada en una historia personal. Yo hice durante un tiempo el mismo trabajo que Diego, el protagonista, y tuve una relaci\u00f3n con la chica que cuidaba a una se\u00f1ora y esa historia siempre me qued\u00f3 dando vueltas con un cierto sinsabor y descontento lleno de interrogantes. \u2018Los paseos\u2019 parte de ah\u00ed y obviamente fue mutando y adquiriendo otros elementos a lo largo del proceso.<\/p>\n<p><strong>T: La pel\u00edcula comprende un periodo en la vida de un joven de clase media sin rumbo definido pero que, a la vez, se encuentra con otros mundos posibles. \u00bfEse es el centro del relato de lo que quer\u00edas contar?<\/strong><\/p>\n<p>ET: En parte creo que s\u00ed. Pero tambi\u00e9n hay algo en relaci\u00f3n a la fantas\u00eda y c\u00f3mo esta nos hace relacionarnos con el mundo que nos rodea. Hay un punto en donde resulta encantadora y otro, en donde nos aleja de la realidad y no hace m\u00e1s que llenarnos de frustraciones y creo que algo de esto tiene que ver con lo que llamamos el pasaje de la juventud a la adultez o madurez.<\/p>\n<p><strong>T: \u201cLos paseos\u201d cuenta una historia de amor en progreso pero destinado al fracaso. \u00bfLas clases sociales diferentes de los protagonistas determinan ese desenlace?<\/strong><\/p>\n<figure class=\"mb-3\"><img loading=\"lazy\" src=\"http:\/\/hoycordobaweb.com\/wp-content\/uploads\/2022\/02\/se-estrena-los-paseos-un-historia-de-amor-marcada-por-las-diferencia-sociales-4.jpg\" width=\"100%\" height=\"100%\" alt=\"Esteban Tabacznik el director debuta en la ficcin\"><figcaption> Esteban Tabacznik, el director, debuta en la ficci\u00f3n. <\/figcaption><\/figure>\n<p><br open> ET: Creo, o al menos esa fue la intenci\u00f3n, que la pel\u00edcula no tiene un final completamente cerrado. Pero s\u00ed me interesaba indagar en qu\u00e9 radican las diferencias de clase social m\u00e1s all\u00e1 del aspecto material. Hay un orgullo de clase en Diego que le hace doblemente hostil su situaci\u00f3n y entonces, esas frustraciones producidas por su choque con una realidad muy lejana a la de su fantas\u00eda, se le vuelven m\u00e1s pesadas. En esas fantas\u00edas veo algo de mandato de clase. Vi\u00e9ndolo desde esta perspectiva, s\u00ed, la diferencia de clases incide en la historia de Diego y Bel\u00e9n.<\/p>\n<p><strong>T \u00bfC\u00f3mo se conjuga la ciudad, que es un protagonista m\u00e1s del relato, con la historia que quer\u00edas contar?<\/strong><\/p>\n<p>ET: Es el escenario en el que transcurre la historia y tambi\u00e9n, lo que une a los tres personajes principales. Pero es tambi\u00e9n lo que qued\u00f3 de un viejo anhelo a\u00fan presente que es una ciudad construida pensando siempre en parecerse a otras. En parte tambi\u00e9n por eso decidimos filmarla principalmente desde el auto, porque as\u00ed Buenos Aires parece como una pel\u00edcula que pasa delante de nuestros ojos, volvi\u00e9ndose cercana y distante a la vez. Pienso que esta ciudad se construy\u00f3 con la nostalgia de los inmigrantes y el desprecio digno de los colonizadores, en tensi\u00f3n con una realidad que se le resiste. Esto es algo que todav\u00eda nos atraviesa y nos identifica. Y esa caracter\u00edstica est\u00e1 presente en la historia de amor de los personajes. Por eso aparece la arquitectura como s\u00edmbolo de lo social y, en medio, estas dos individualidades que de alg\u00fan modo, desaf\u00edan esa batalla en la que est\u00e1n inmersos y que llamamos Buenos Aires.<\/p>\n<p><strong>T: Entre otros elementos, la puesta tiene una \u00f3pera del siglo XVlll, textos de Andr\u00e9 Bret\u00f3n y fragmentos de la opera prima del cineasta portugu\u00e9s Paulo Rocha. \u00bfC\u00f3mo fue el armado de la puesta? \u00bfquer\u00edas significar algo as\u00ed como el imaginario de la clase media ilustrada porte\u00f1a?<\/strong><\/p>\n<p>ET: Claro, un imaginario poblado por im\u00e1genes extranjeras, m\u00e1s precisamente europeas. Pero quer\u00eda que esos materiales, m\u00e1s all\u00e1 de ilustrar ese imaginario y funcionar como notas al pie de la relaci\u00f3n, interactuaran con los protagonistas y tuvieran una progresi\u00f3n. Diego intenta acercarse a Bel\u00e9n desde ese lugar y veo algo muy amoroso en ese gesto que se torna violento cuando \u00e9l no recibe lo que esperaba. Por eso los cr\u00e9ditos finales est\u00e1n acompa\u00f1ados un g\u00e9nero musical caracter\u00edstico de Paraguay como la guarania, como si ese mundo ligado a Bel\u00e9n hubiera quedado marginado y ella, a pesar de todo, continuara encerrada en s\u00ed misma, con cierta desconfianza y escondiendo su voz. <\/p>\n","protected":false},"excerpt":{"rendered":"<p>Sergio Mayorquin encarna a un err\u00e1tico estudiante de clase media. La relaci\u00f3n amorosa entre un estudiante de arquitectura y una chica que cuida a una anciana, con la ciudad como un protagonista m\u00e1s de la historia, es el eje de \u201cLos paseos\u201d de Esteban Tabacznik, que se estrena este jueves en el Complejo Gaumont y [&hellip;]<\/p>\n","protected":false},"author":1,"featured_media":36938,"comment_status":"open","ping_status":"closed","sticky":false,"template":"","format":"standard","meta":[],"categories":[19],"tags":[],"_links":{"self":[{"href":"http:\/\/hoycordobaweb.com\/index.php\/wp-json\/wp\/v2\/posts\/36937"}],"collection":[{"href":"http:\/\/hoycordobaweb.com\/index.php\/wp-json\/wp\/v2\/posts"}],"about":[{"href":"http:\/\/hoycordobaweb.com\/index.php\/wp-json\/wp\/v2\/types\/post"}],"author":[{"embeddable":true,"href":"http:\/\/hoycordobaweb.com\/index.php\/wp-json\/wp\/v2\/users\/1"}],"replies":[{"embeddable":true,"href":"http:\/\/hoycordobaweb.com\/index.php\/wp-json\/wp\/v2\/comments?post=36937"}],"version-history":[{"count":0,"href":"http:\/\/hoycordobaweb.com\/index.php\/wp-json\/wp\/v2\/posts\/36937\/revisions"}],"wp:featuredmedia":[{"embeddable":true,"href":"http:\/\/hoycordobaweb.com\/index.php\/wp-json\/wp\/v2\/media\/36938"}],"wp:attachment":[{"href":"http:\/\/hoycordobaweb.com\/index.php\/wp-json\/wp\/v2\/media?parent=36937"}],"wp:term":[{"taxonomy":"category","embeddable":true,"href":"http:\/\/hoycordobaweb.com\/index.php\/wp-json\/wp\/v2\/categories?post=36937"},{"taxonomy":"post_tag","embeddable":true,"href":"http:\/\/hoycordobaweb.com\/index.php\/wp-json\/wp\/v2\/tags?post=36937"}],"curies":[{"name":"wp","href":"https:\/\/api.w.org\/{rel}","templated":true}]}}