{"id":36917,"date":"2022-02-10T23:33:43","date_gmt":"2022-02-10T23:33:43","guid":{"rendered":"https:\/\/www.ole.com.ar\/futbol-primera\/newell-s-defensa_0_H1cnLa4yI6.html"},"modified":"2022-02-10T23:33:43","modified_gmt":"2022-02-10T23:33:43","slug":"el-renovado-newells-va-ante-defensa","status":"publish","type":"post","link":"http:\/\/hoycordobaweb.com\/index.php\/2022\/02\/10\/el-renovado-newells-va-ante-defensa\/","title":{"rendered":"El renovado Newell&#8217;s va ante Defensa"},"content":{"rendered":"<p><img src=\"http:\/\/hoycordobaweb.com\/wp-content\/uploads\/2022\/02\/el-renovado-newells-va-ante-defensa.jpg\"><\/p>\n<div><img src=\"http:\/\/hoycordobaweb.com\/wp-content\/uploads\/2022\/02\/el-renovado-newells-va-ante-defensa.jpg\" class=\"ff-og-image-inserted\"><\/div>\n<p>Newell&#8217;s recibe al \u00faltimo subcampe\u00f3n del f\u00fatbol argentino,Defensa y Justicia, por la primera fecha de la Zona A laCopa de la Liga Profesional. El encuentro se disputar\u00e1 en el Coloso Marcelo Bielsa, de Parque Independencia, y contar\u00e1 con el arbitraje de Andr\u00e9s Merlos.<\/p>\n<p>LaLepraencara el comienzo de una nueva era conJavier Sanguinettial mando del plantel profesional tras su llegada en enero de este a\u00f1o, proveniente de Banfield. No solo ser\u00e1 eldebut oficial del entrenador, sino que tambi\u00e9n se presentar\u00e1n algunosrefuerzos,como el arquero colombiano Iv\u00e1n Arboleda, el uruguayo Armando M\u00e9ndez, el zaguero Willer Ditta y el lateral izquierdo Leonel Vangioni. Por el contrario,ya no est\u00e1n sus referentes: Maxi Rodr\u00edguez y Nacho Scocco, ambos retirados del f\u00fatbol profesional.<\/p>\n<p>Por su parte, el Halc\u00f3n de Florencio Varela llega con algunas caras nuevas y como uno de los equipos animadores del \u00faltimo campeonato, en el que culmin\u00f3 como escolta del consagrado River Plate. La visita contar\u00e1 con el delantero Walter Bou, luego de que el club le comprara la mitad del pase a Boca; y con la llegada del atacante Agust\u00edn Fontana, a pr\u00e9stamo de River.<\/p>\n<p> <opta-widget sport=\"football\" widget=\"timeline\" competition=\"384\" season=\"2022\" match=\"2268294\" template=\"normal\" live=\"true\" orientation=\"horizontal\" vertical_timebar_height=\"260\" show_match_header=\"true\" show_score=\"true\" show_crests=\"true\" show_assists=\"all\" show_team_formation=\"true\" show_clock=\"true\" show_period_dividers=\"true\" show_halftime_score=\"false\" show_date=\"true\" date_format=\"dddd D MMMM YYYY\" show_attendance=\"true\" show_images=\"true\" show_referee=\"true\" show_venue=\"true\" show_cards=\"all\" show_goals=\"true\" show_penalties_missed=\"true\" show_subs=\"false\" show_goals_combined=\"false\" show_shootouts=\"false\" show_competition_name=\"true\" competition_naming=\"full\" team_naming=\"full\" player_naming=\"full\" show_live=\"true\" show_logo=\"false\" show_title=\"true\" breakpoints=\"400, 700\"><\/opta-widget><opta-widget sport=\"football\" widget=\"matchstats\" competition=\"384\" season=\"2022\" match=\"2268294\" template=\"lineups\" live=\"true\" side=\"both\" column_count=\"1\" side_by_side=\"true\" show_match_header=\"true\" show_score=\"true\" show_halftime_score=\"false\" show_crests=\"false\" show_team_formation=\"true\" show_competition_name=\"true\" show_date=\"false\" date_format=\"dddd D MMMM YYYY\" order_by=\"position\" group_by_position=\"false\" show_position=\"true\" show_images=\"false\" show_key=\"false\" show_starters=\"true\" show_goalkeepers=\"true\" show_defenders=\"true\" show_midfielders=\"true\" show_forwards=\"true\" show_subs=\"true\" show_unused_subs=\"false\" show_managers=\"true\" show_captain=\"false\" show_match_events=\"true\" competition_naming=\"full\" team_naming=\"full\" player_naming=\"full\" show_live=\"false\" show_logo=\"false\" show_title=\"true\" breakpoints=\"400, 700\"><\/opta-widget><opta-widget widget=\"commentary\" competition=\"384\" season=\"2022\" match=\"2268294\" template=\"normal\" live=\"true\" data_type=\"auto\" order_by=\"time_descending\" show_event_icons=\"true\" show_minor_events=\"true\" fixed_height_comments=\"300\" show_live=\"true\" show_logo=\"false\" show_title=\"true\" breakpoints=\"400\" sport=\"football\"><\/opta-widget><opta-widget sport=\"football\" widget=\"heatmap\" competition=\"384\" season=\"2022\" match=\"2268294\" preselected_player template=\"normal\" live=\"true\" show_maps=\"all\" orientation=\"horizontal\" side=\"both\" dimension=\"2D\" one_direction=\"false\" show_match_header=\"true\" show_score=\"true\" show_halftime_score=\"false\" show_crests=\"false\" show_team_formation=\"true\" show_competition_name=\"true\" show_date=\"true\" date_format=\"dddd D MMMM YYYY\" show_team_sheets=\"true\" show_subs=\"true\" show_position=\"true\" show_timecontrols=\"true\" show_timecontrols_buttons=\"true\" show_timecontrols_bar=\"true\" show_tooltips=\"false\" competition_naming=\"full\" team_naming=\"full\" player_naming=\"full\" show_logo=\"false\" show_title=\"true\" breakpoints=\"400, 700\"><\/opta-widget><opta-widget widget=\"standings\" competition=\"384\" season=\"2022\" template=\"normal\" live=\"true\" default_nav=\"1\" side=\"combined\" data_detail=\"default\" show_key=\"true\" show_crests=\"true\" points_in_first_column=\"true\" lose_before_draw=\"false\" competition_naming=\"full\" team_naming=\"full\" date_format=\"dddd D MMMM YYYY\" sorting=\"false\" show_live=\"false\" show_relegation_average=\"true\" show_logo=\"true\" show_title=\"true\" breakpoints=\"382\" sport=\"football\"><\/opta-widget> <\/p>\n<div class=\"entry-tags\">\n<h2>TEMAS QUE APARECEN EN ESTA NOTA<\/h2>\n<\/p><\/div>\n","protected":false},"excerpt":{"rendered":"<p>Newell&#8217;s recibe al \u00faltimo subcampe\u00f3n del f\u00fatbol argentino,Defensa y Justicia, por la primera fecha de la Zona A laCopa de la Liga Profesional. El encuentro se disputar\u00e1 en el Coloso Marcelo Bielsa, de Parque Independencia, y contar\u00e1 con el arbitraje de Andr\u00e9s Merlos. LaLepraencara el comienzo de una nueva era conJavier Sanguinettial mando del plantel [&hellip;]<\/p>\n","protected":false},"author":1,"featured_media":36918,"comment_status":"open","ping_status":"closed","sticky":false,"template":"","format":"standard","meta":[],"categories":[16],"tags":[],"_links":{"self":[{"href":"http:\/\/hoycordobaweb.com\/index.php\/wp-json\/wp\/v2\/posts\/36917"}],"collection":[{"href":"http:\/\/hoycordobaweb.com\/index.php\/wp-json\/wp\/v2\/posts"}],"about":[{"href":"http:\/\/hoycordobaweb.com\/index.php\/wp-json\/wp\/v2\/types\/post"}],"author":[{"embeddable":true,"href":"http:\/\/hoycordobaweb.com\/index.php\/wp-json\/wp\/v2\/users\/1"}],"replies":[{"embeddable":true,"href":"http:\/\/hoycordobaweb.com\/index.php\/wp-json\/wp\/v2\/comments?post=36917"}],"version-history":[{"count":0,"href":"http:\/\/hoycordobaweb.com\/index.php\/wp-json\/wp\/v2\/posts\/36917\/revisions"}],"wp:featuredmedia":[{"embeddable":true,"href":"http:\/\/hoycordobaweb.com\/index.php\/wp-json\/wp\/v2\/media\/36918"}],"wp:attachment":[{"href":"http:\/\/hoycordobaweb.com\/index.php\/wp-json\/wp\/v2\/media?parent=36917"}],"wp:term":[{"taxonomy":"category","embeddable":true,"href":"http:\/\/hoycordobaweb.com\/index.php\/wp-json\/wp\/v2\/categories?post=36917"},{"taxonomy":"post_tag","embeddable":true,"href":"http:\/\/hoycordobaweb.com\/index.php\/wp-json\/wp\/v2\/tags?post=36917"}],"curies":[{"name":"wp","href":"https:\/\/api.w.org\/{rel}","templated":true}]}}