{"id":36898,"date":"2022-02-10T10:36:00","date_gmt":"2022-02-10T10:36:00","guid":{"rendered":"https:\/\/fm-comunicar.com.ar\/contenido\/18836\/jesus-maria-dio-a-conocer-mas-detalles-de-la-super-agenda-de-febrero"},"modified":"2022-02-10T10:36:00","modified_gmt":"2022-02-10T10:36:00","slug":"jesus-maria-dio-a-conocer-mas-detalles-de-la-super-agenda-de-febrero","status":"publish","type":"post","link":"http:\/\/hoycordobaweb.com\/index.php\/2022\/02\/10\/jesus-maria-dio-a-conocer-mas-detalles-de-la-super-agenda-de-febrero\/","title":{"rendered":"Jes\u00fas Mar\u00eda dio a conocer m\u00e1s detalles de la s\u00faper agenda de febrero"},"content":{"rendered":"<p>La ciudad tendr\u00e1 dos jornadas de carnaval, una se har\u00e1 en el centro y la otra en el predio de Do\u00f1a Pipa con el show de Los Caligaris. Tambi\u00e9n habr\u00e1 un ciclo de cine bajo las estrellas en los barrios.<img src=\"http:\/\/hoycordobaweb.com\/wp-content\/uploads\/2022\/02\/jesus-maria-dio-a-conocer-mas-detalles-de-la-super-agenda-de-febrero.jpg\"><\/p>\n","protected":false},"excerpt":{"rendered":"<p>La ciudad tendr\u00e1 dos jornadas de carnaval, una se har\u00e1 en el centro y la otra en el predio de Do\u00f1a Pipa con el show de Los Caligaris. Tambi\u00e9n habr\u00e1 un ciclo de cine bajo las estrellas en los barrios.<\/p>\n","protected":false},"author":1,"featured_media":36899,"comment_status":"closed","ping_status":"closed","sticky":false,"template":"","format":"standard","meta":[],"categories":[18],"tags":[],"_links":{"self":[{"href":"http:\/\/hoycordobaweb.com\/index.php\/wp-json\/wp\/v2\/posts\/36898"}],"collection":[{"href":"http:\/\/hoycordobaweb.com\/index.php\/wp-json\/wp\/v2\/posts"}],"about":[{"href":"http:\/\/hoycordobaweb.com\/index.php\/wp-json\/wp\/v2\/types\/post"}],"author":[{"embeddable":true,"href":"http:\/\/hoycordobaweb.com\/index.php\/wp-json\/wp\/v2\/users\/1"}],"replies":[{"embeddable":true,"href":"http:\/\/hoycordobaweb.com\/index.php\/wp-json\/wp\/v2\/comments?post=36898"}],"version-history":[{"count":0,"href":"http:\/\/hoycordobaweb.com\/index.php\/wp-json\/wp\/v2\/posts\/36898\/revisions"}],"wp:featuredmedia":[{"embeddable":true,"href":"http:\/\/hoycordobaweb.com\/index.php\/wp-json\/wp\/v2\/media\/36899"}],"wp:attachment":[{"href":"http:\/\/hoycordobaweb.com\/index.php\/wp-json\/wp\/v2\/media?parent=36898"}],"wp:term":[{"taxonomy":"category","embeddable":true,"href":"http:\/\/hoycordobaweb.com\/index.php\/wp-json\/wp\/v2\/categories?post=36898"},{"taxonomy":"post_tag","embeddable":true,"href":"http:\/\/hoycordobaweb.com\/index.php\/wp-json\/wp\/v2\/tags?post=36898"}],"curies":[{"name":"wp","href":"https:\/\/api.w.org\/{rel}","templated":true}]}}