{"id":36840,"date":"2022-02-09T00:03:00","date_gmt":"2022-02-09T00:03:00","guid":{"rendered":"http:\/\/hoycordobaweb.com\/index.php\/2022\/02\/09\/italia-deja-sin-efecto-la-obligacion-de-usar-tapabocas-en-espacios-abiertos\/"},"modified":"2022-02-09T00:03:00","modified_gmt":"2022-02-09T00:03:00","slug":"italia-deja-sin-efecto-la-obligacion-de-usar-tapabocas-en-espacios-abiertos","status":"publish","type":"post","link":"http:\/\/hoycordobaweb.com\/index.php\/2022\/02\/09\/italia-deja-sin-efecto-la-obligacion-de-usar-tapabocas-en-espacios-abiertos\/","title":{"rendered":"Italia deja sin efecto la obligaci\u00f3n de usar tapabocas en espacios abiertos"},"content":{"rendered":"<p><img src=\"http:\/\/hoycordobaweb.com\/wp-content\/uploads\/2022\/02\/italia-deja-sin-efecto-la-obligacion-de-usar-tapabocas-en-espacios-abiertos.jpg\"><\/p>\n<figure class=\"mb-3\"><img loading=\"lazy\" src=\"http:\/\/hoycordobaweb.com\/wp-content\/uploads\/2022\/02\/italia-deja-sin-efecto-la-obligacion-de-usar-tapabocas-en-espacios-abiertos-2.jpg\" width=\"100%\" height=\"100%\" alt=\"Desde este viernes en Italia ya no habr que usar tapabocas en lugares abiertos Foto AFP\"><figcaption> Desde este viernes en Italia, ya no habr\u00e1 que usar tapabocas en lugares abiertos. Foto: AFP <\/figcaption><\/figure>\n<p>Italia levantar\u00e1 a partir de este viernes la obligaci\u00f3n de usar barbijos en espacios abiertos, excepto en casos de aglomeraciones, y solo mantendr\u00e1 esa imposici\u00f3n hasta fin de marzo para los lugares cerrados, se inform\u00f3 oficialmente.<\/p>\n<p>No obstante, seguir\u00e1 siendo <strong>\u201cobligatorio en todo el territorio nacional\u201d llevar siempre encima un tapabocas y usarlo donde \u201chaya reuniones y multitudes<\/strong>\u201d, seg\u00fan consta en una resoluci\u00f3n firmada por el ministro de Salud, Roberto Speranza.<\/p>\n<p>Asimismo, el documento establece que \u201c<strong>hasta el 31 de marzo de 2022 es obligatorio en todo el territorio nacional el uso de dispositivos de protecci\u00f3n respiratoria en lugares cerrados que no sean domicilios particulares\u201d.<\/strong><\/p>\n<blockquote class=\"twitter-tweet\" readability=\"8.6746987951807\">\n<p lang=\"it\" dir=\"ltr\">\u00abVia mascherine all&#8217;aperto dall&#8217;11 febbraio anche in zona rossa, il provvedimento uscir\u00e0 gioved\u00ec. Siamo all&#8217;inizio di una nuova fase, con gradualit\u00e0 si allenteranno altre misure su mascherine al chiuso e Green Pass\u00bb, ha detto il sottosegretario Costa <a href=\"https:\/\/twitter.com\/hashtag\/ANSA?src=hash&amp;ref_src=twsrc%5Etfw\">#ANSA<\/a> <a href=\"https:\/\/t.co\/KLW7MLWlny\">https:\/\/t.co\/KLW7MLWlny<\/a><\/p>\n<p>\u2014 Agenzia ANSA (@Agenzia_Ansa) <a href=\"https:\/\/twitter.com\/Agenzia_Ansa\/status\/1491069446831878144?ref_src=twsrc%5Etfw\">February 8, 2022<\/a><\/p><\/blockquote>\n<p>Por otra parte, fuentes oficiales afirmaron que <strong>quedar\u00e1n exentos de la obligaci\u00f3n de portar barbijo los menores de seis a\u00f1os, las personas con discapacidades o patolog\u00edas que desaconsejen su uso y quienes est\u00e9n practicando deportes,<\/strong> seg\u00fan la agencia de noticias Europa Press.<\/p>\n<p>El gobierno report\u00f3 101.864 contagios de coronavirus y 415 muertes por la enfermedad en las \u00faltimas 24 horas, lo que elev\u00f3 los totales desde el comienzo de la pandemia a m\u00e1s de 11,7 millones y 149.512, respectivamente. <\/p>\n","protected":false},"excerpt":{"rendered":"<p>Desde este viernes en Italia, ya no habr\u00e1 que usar tapabocas en lugares abiertos. Foto: AFP Italia levantar\u00e1 a partir de este viernes la obligaci\u00f3n de usar barbijos en espacios abiertos, excepto en casos de aglomeraciones, y solo mantendr\u00e1 esa imposici\u00f3n hasta fin de marzo para los lugares cerrados, se inform\u00f3 oficialmente. No obstante, seguir\u00e1 [&hellip;]<\/p>\n","protected":false},"author":1,"featured_media":36841,"comment_status":"open","ping_status":"closed","sticky":false,"template":"","format":"standard","meta":[],"categories":[19],"tags":[],"_links":{"self":[{"href":"http:\/\/hoycordobaweb.com\/index.php\/wp-json\/wp\/v2\/posts\/36840"}],"collection":[{"href":"http:\/\/hoycordobaweb.com\/index.php\/wp-json\/wp\/v2\/posts"}],"about":[{"href":"http:\/\/hoycordobaweb.com\/index.php\/wp-json\/wp\/v2\/types\/post"}],"author":[{"embeddable":true,"href":"http:\/\/hoycordobaweb.com\/index.php\/wp-json\/wp\/v2\/users\/1"}],"replies":[{"embeddable":true,"href":"http:\/\/hoycordobaweb.com\/index.php\/wp-json\/wp\/v2\/comments?post=36840"}],"version-history":[{"count":0,"href":"http:\/\/hoycordobaweb.com\/index.php\/wp-json\/wp\/v2\/posts\/36840\/revisions"}],"wp:featuredmedia":[{"embeddable":true,"href":"http:\/\/hoycordobaweb.com\/index.php\/wp-json\/wp\/v2\/media\/36841"}],"wp:attachment":[{"href":"http:\/\/hoycordobaweb.com\/index.php\/wp-json\/wp\/v2\/media?parent=36840"}],"wp:term":[{"taxonomy":"category","embeddable":true,"href":"http:\/\/hoycordobaweb.com\/index.php\/wp-json\/wp\/v2\/categories?post=36840"},{"taxonomy":"post_tag","embeddable":true,"href":"http:\/\/hoycordobaweb.com\/index.php\/wp-json\/wp\/v2\/tags?post=36840"}],"curies":[{"name":"wp","href":"https:\/\/api.w.org\/{rel}","templated":true}]}}