{"id":36822,"date":"2022-02-08T20:47:21","date_gmt":"2022-02-08T20:47:21","guid":{"rendered":"https:\/\/ladecimaweb.com\/?p=12592"},"modified":"2022-02-08T20:47:21","modified_gmt":"2022-02-08T20:47:21","slug":"comenzo-la-construccion-del-cantero-central-de-chacabuco-y-maipu","status":"publish","type":"post","link":"http:\/\/hoycordobaweb.com\/index.php\/2022\/02\/08\/comenzo-la-construccion-del-cantero-central-de-chacabuco-y-maipu\/","title":{"rendered":"Comenz\u00f3 la construcci\u00f3n del cantero central de Chacabuco y Maip\u00fa"},"content":{"rendered":"<p><em>(Prensa municipal)<\/em> La Municipalidad de C\u00f3rdoba inici\u00f3 este lunes <strong>las obras de construcci\u00f3n del cantero central de las avenidas Chacabuco y Maip<\/strong>\u00fa como parte del proyecto de sistematizaci\u00f3n de las mencionadas arterias que se extiende entre Bv. Illia y Av. Emilio Olmos, conformando as\u00ed un <strong>corredor que llegar\u00e1 hasta Ciudad Universitaria.<\/strong><\/p>\n<p>Se trata de la continuidad de los trabajos iniciados a fines de 2021 por la Secretar\u00eda de Desarrollo Urbano con el objetivo de<strong> generar infraestructura que permita a los vecinos hacer uso del espacio p\u00fablico<\/strong> ocupado actualmente y de manera exclusiva por tr\u00e1nsito vehicular.<\/p>\n<p>La primera etapa, pr\u00f3xima a finalizar, consisti\u00f3 en la generaci\u00f3n de canteros laterales en veredas a ambos lados de las avenidas Chacabuco y Maip\u00fa.<\/p>\n<p>La obra plantea la <strong>sistematizaci\u00f3n del tr\u00e1nsito<\/strong> otorgando al mismo tiempo espacios inexistentes en la actualidad para que peatones y ciclistas puedan circular en un <strong>entorno amigable y seguro<\/strong> desde el centro hasta la Ciudad Universitaria.<\/p>\n<p>En materia ambiental, la obra significa la creaci\u00f3n de un <strong>nuevo pulm\u00f3n verde<\/strong> en pleno centro de la ciudad, <strong>con m\u00e1s de 150 nuevos \u00e1rboles,<\/strong> arbustos, parquizaci\u00f3n de canteros y la instalaci\u00f3n de un sistema de riego por goteo.<\/p>\n<p>La intervenci\u00f3n plantea un cap\u00edtulo especial en materia de <strong>accesibilidad<\/strong> mediante la generaci\u00f3n de rampas en todas sus esquinas y en punteras del cantero, adem\u00e1s de sendas podot\u00e1ctiles para personas ciegas.<\/p>\n<p>En el mismo sentido, las demarcaciones de los cruces peatonales se retraer\u00e1n para evitar que queden sobre las esquinas, haci\u00e9ndolos de esta manera m\u00e1s seguros y accesibles.<\/p>\n<p><img loading=\"lazy\" class=\"wp-image-12593 alignleft\" src=\"http:\/\/hoycordobaweb.com\/wp-content\/uploads\/2022\/02\/comenzo-la-construccion-del-cantero-central-de-chacabuco-y-maipu.jpg\" alt=\"\" width=\"417\" height=\"278\" srcset=\"http:\/\/hoycordobaweb.com\/wp-content\/uploads\/2022\/02\/comenzo-la-construccion-del-cantero-central-de-chacabuco-y-maipu.jpg 1600w, http:\/\/hoycordobaweb.com\/wp-content\/uploads\/2022\/02\/comenzo-la-construccion-del-cantero-central-de-chacabuco-y-maipu-1.jpg 666w, http:\/\/hoycordobaweb.com\/wp-content\/uploads\/2022\/02\/comenzo-la-construccion-del-cantero-central-de-chacabuco-y-maipu-2.jpg 768w, http:\/\/hoycordobaweb.com\/wp-content\/uploads\/2022\/02\/comenzo-la-construccion-del-cantero-central-de-chacabuco-y-maipu-3.jpg 1536w\" sizes=\"(max-width: 417px) 100vw, 417px\" \/><\/p>\n<p>Tambi\u00e9n habr\u00e1 <strong>nuevas luces led y mobiliario urbano<\/strong>, bancos y bicicleteros, entre otros.<\/p>\n<p>La obra incluye un cap\u00edtulo para el <strong>transporte urbano de pasajeros, otorgando mayor comodidad y seguridad a sus usuarios<\/strong>, con dos carriles exclusivos para el Solo Bus y paradas sobreelevadas ubicadas en la mano izquierda del cantero central que facilitar\u00e1n los movimientos de ascenso y descenso de pasajeros.<\/p>\n<p>Esta medida es parte de la sistematizaci\u00f3n de todo el tr\u00e1nsito vehicular en los 800 metros de avenidas Chacabuco y Maip\u00fa que se extienden entre Illia y Olmos tal como ya ocurre \u201ccuadras arriba\u201d, desde Illia hasta la Ciudad Universitaria.<\/p>\n<p>En materia de higiene urbana, la realizaci\u00f3n de esta obra posibilitar\u00e1 la instalaci\u00f3n por primera vez en la ciudad de un<strong> sistema de contenerizaci\u00f3n soterrada de residuos.<\/strong><\/p>\n<p>Ser\u00e1n <strong>24 contenedores soterrados distribuidos en las 6 cuadras intervenidas.<\/strong> Cada dispositivo tiene una capacidad de almacenamiento de 4 m3, cuatro veces m\u00e1s que los contenedores comunes.<\/p>\n<p>La innovaci\u00f3n contribuir\u00e1 a la mejora del aspecto visual, la reducci\u00f3n de olores y el mejor aprovechamiento del espacio p\u00fablico.<\/p>\n<p>El secretario de Desarrollo Urbano, Daniel Rey, record\u00f3 que esta es la primera etapa de un proyecto integral dise\u00f1ado por la gesti\u00f3n de Mart\u00edn Llaryora para revitalizar el \u00e1rea central de la ciudad, haciendo que la gente vuelva a vivir en ella.<\/p>\n<p>Al mismo tiempo, el funcionario reafirm\u00f3 que futuro el cantero central llegar\u00e1 hasta el r\u00edo Suqu\u00eda, conect\u00e1ndolo con Ciudad Universitaria.<\/p>\n<div class=\"ubm_banner\"><a href=\"https:\/\/www.cordobaturismo.gov.ar\/\" target=\"_blank\" rel=\"dofollow noopener noreferrer\"><img src=\"http:\/\/hoycordobaweb.com\/wp-content\/uploads\/2022\/02\/comenzo-la-construccion-del-cantero-central-de-chacabuco-y-maipu.gif\" alt=\"\"><\/a><\/div>\n<p>La entrada <a rel=\"nofollow\" href=\"https:\/\/ladecimaweb.com\/comenzo-la-construccion-del-cantero-central-en-chacabuco-y-maipu\/\">Comenz\u00f3 la construcci\u00f3n del cantero central de Chacabuco y Maip\u00fa<\/a> se public\u00f3 primero en <a rel=\"nofollow\" href=\"https:\/\/ladecimaweb.com\">LaDecima<\/a>.<\/p>\n","protected":false},"excerpt":{"rendered":"<p>(Prensa municipal) La Municipalidad de C\u00f3rdoba inici\u00f3 este lunes las obras de construcci\u00f3n del cantero central de las avenidas Chacabuco y Maip\u00fa como parte del proyecto de sistematizaci\u00f3n de las mencionadas arterias que se extiende entre Bv. Illia y Av. Emilio Olmos, conformando as\u00ed un corredor que llegar\u00e1 hasta Ciudad Universitaria. Se trata de la [&hellip;]<\/p>\n","protected":false},"author":1,"featured_media":36823,"comment_status":"closed","ping_status":"closed","sticky":false,"template":"","format":"standard","meta":[],"categories":[19],"tags":[],"_links":{"self":[{"href":"http:\/\/hoycordobaweb.com\/index.php\/wp-json\/wp\/v2\/posts\/36822"}],"collection":[{"href":"http:\/\/hoycordobaweb.com\/index.php\/wp-json\/wp\/v2\/posts"}],"about":[{"href":"http:\/\/hoycordobaweb.com\/index.php\/wp-json\/wp\/v2\/types\/post"}],"author":[{"embeddable":true,"href":"http:\/\/hoycordobaweb.com\/index.php\/wp-json\/wp\/v2\/users\/1"}],"replies":[{"embeddable":true,"href":"http:\/\/hoycordobaweb.com\/index.php\/wp-json\/wp\/v2\/comments?post=36822"}],"version-history":[{"count":0,"href":"http:\/\/hoycordobaweb.com\/index.php\/wp-json\/wp\/v2\/posts\/36822\/revisions"}],"wp:featuredmedia":[{"embeddable":true,"href":"http:\/\/hoycordobaweb.com\/index.php\/wp-json\/wp\/v2\/media\/36823"}],"wp:attachment":[{"href":"http:\/\/hoycordobaweb.com\/index.php\/wp-json\/wp\/v2\/media?parent=36822"}],"wp:term":[{"taxonomy":"category","embeddable":true,"href":"http:\/\/hoycordobaweb.com\/index.php\/wp-json\/wp\/v2\/categories?post=36822"},{"taxonomy":"post_tag","embeddable":true,"href":"http:\/\/hoycordobaweb.com\/index.php\/wp-json\/wp\/v2\/tags?post=36822"}],"curies":[{"name":"wp","href":"https:\/\/api.w.org\/{rel}","templated":true}]}}