{"id":36815,"date":"2022-02-08T01:22:53","date_gmt":"2022-02-08T01:22:53","guid":{"rendered":"http:\/\/hoycordobaweb.com\/index.php\/2022\/02\/08\/organismos-de-derechos-humanos-piden-cambiar-la-fecha-del-argentina-venezuela-abc-color\/"},"modified":"2022-02-08T01:22:53","modified_gmt":"2022-02-08T01:22:53","slug":"organismos-de-derechos-humanos-piden-cambiar-la-fecha-del-argentina-venezuela-abc-color","status":"publish","type":"post","link":"http:\/\/hoycordobaweb.com\/index.php\/2022\/02\/08\/organismos-de-derechos-humanos-piden-cambiar-la-fecha-del-argentina-venezuela-abc-color\/","title":{"rendered":"Organismos de Derechos Humanos piden cambiar la fecha del <b>Argentina<\/b>-Venezuela &#8230; &#8211; ABC Color"},"content":{"rendered":"<p>&#8230; un comunicado dirigido al Comit\u00e9 Ejecutivo de la Asociaci\u00f3n del <b>F\u00fatbol Argentino<\/b> y al Ministerio de Turismo y Deportes del pa\u00eds sudamericano. <\/p>\n","protected":false},"excerpt":{"rendered":"<p>&#8230; un comunicado dirigido al Comit\u00e9 Ejecutivo de la Asociaci\u00f3n del F\u00fatbol Argentino y al Ministerio de Turismo y Deportes del pa\u00eds sudamericano.<\/p>\n","protected":false},"author":1,"featured_media":0,"comment_status":"closed","ping_status":"closed","sticky":false,"template":"","format":"standard","meta":[],"categories":[22],"tags":[],"_links":{"self":[{"href":"http:\/\/hoycordobaweb.com\/index.php\/wp-json\/wp\/v2\/posts\/36815"}],"collection":[{"href":"http:\/\/hoycordobaweb.com\/index.php\/wp-json\/wp\/v2\/posts"}],"about":[{"href":"http:\/\/hoycordobaweb.com\/index.php\/wp-json\/wp\/v2\/types\/post"}],"author":[{"embeddable":true,"href":"http:\/\/hoycordobaweb.com\/index.php\/wp-json\/wp\/v2\/users\/1"}],"replies":[{"embeddable":true,"href":"http:\/\/hoycordobaweb.com\/index.php\/wp-json\/wp\/v2\/comments?post=36815"}],"version-history":[{"count":0,"href":"http:\/\/hoycordobaweb.com\/index.php\/wp-json\/wp\/v2\/posts\/36815\/revisions"}],"wp:attachment":[{"href":"http:\/\/hoycordobaweb.com\/index.php\/wp-json\/wp\/v2\/media?parent=36815"}],"wp:term":[{"taxonomy":"category","embeddable":true,"href":"http:\/\/hoycordobaweb.com\/index.php\/wp-json\/wp\/v2\/categories?post=36815"},{"taxonomy":"post_tag","embeddable":true,"href":"http:\/\/hoycordobaweb.com\/index.php\/wp-json\/wp\/v2\/tags?post=36815"}],"curies":[{"name":"wp","href":"https:\/\/api.w.org\/{rel}","templated":true}]}}