{"id":36813,"date":"2022-02-08T02:53:09","date_gmt":"2022-02-08T02:53:09","guid":{"rendered":"http:\/\/hoycordobaweb.com\/index.php\/2022\/02\/08\/baja-confirmada-en-el-xeneize-un-club-del-futbol-argentino-confirmo-la-incorporacion-de\/"},"modified":"2022-02-08T02:53:09","modified_gmt":"2022-02-08T02:53:09","slug":"baja-confirmada-en-el-xeneize-un-club-del-futbol-argentino-confirmo-la-incorporacion-de","status":"publish","type":"post","link":"http:\/\/hoycordobaweb.com\/index.php\/2022\/02\/08\/baja-confirmada-en-el-xeneize-un-club-del-futbol-argentino-confirmo-la-incorporacion-de\/","title":{"rendered":"\u00a1Baja confirmada en el Xeneize! Un club del <b>f\u00fatbol argentino<\/b> confirm\u00f3 la incorporaci\u00f3n de &#8230;"},"content":{"rendered":"<p>Un club del <b>f\u00fatbol argentino<\/b> confirm\u00f3 la incorporaci\u00f3n de un jugador de Boca: Uni\u00f3n de Santa Fe anunci\u00f3 al juvenil Enzo Rold\u00e1n. 07 Febrero. <\/p>\n","protected":false},"excerpt":{"rendered":"<p>Un club del f\u00fatbol argentino confirm\u00f3 la incorporaci\u00f3n de un jugador de Boca: Uni\u00f3n de Santa Fe anunci\u00f3 al juvenil Enzo Rold\u00e1n. 07 Febrero.<\/p>\n","protected":false},"author":1,"featured_media":0,"comment_status":"closed","ping_status":"closed","sticky":false,"template":"","format":"standard","meta":[],"categories":[22],"tags":[],"_links":{"self":[{"href":"http:\/\/hoycordobaweb.com\/index.php\/wp-json\/wp\/v2\/posts\/36813"}],"collection":[{"href":"http:\/\/hoycordobaweb.com\/index.php\/wp-json\/wp\/v2\/posts"}],"about":[{"href":"http:\/\/hoycordobaweb.com\/index.php\/wp-json\/wp\/v2\/types\/post"}],"author":[{"embeddable":true,"href":"http:\/\/hoycordobaweb.com\/index.php\/wp-json\/wp\/v2\/users\/1"}],"replies":[{"embeddable":true,"href":"http:\/\/hoycordobaweb.com\/index.php\/wp-json\/wp\/v2\/comments?post=36813"}],"version-history":[{"count":0,"href":"http:\/\/hoycordobaweb.com\/index.php\/wp-json\/wp\/v2\/posts\/36813\/revisions"}],"wp:attachment":[{"href":"http:\/\/hoycordobaweb.com\/index.php\/wp-json\/wp\/v2\/media?parent=36813"}],"wp:term":[{"taxonomy":"category","embeddable":true,"href":"http:\/\/hoycordobaweb.com\/index.php\/wp-json\/wp\/v2\/categories?post=36813"},{"taxonomy":"post_tag","embeddable":true,"href":"http:\/\/hoycordobaweb.com\/index.php\/wp-json\/wp\/v2\/tags?post=36813"}],"curies":[{"name":"wp","href":"https:\/\/api.w.org\/{rel}","templated":true}]}}