{"id":36780,"date":"2022-02-07T22:34:34","date_gmt":"2022-02-07T22:34:34","guid":{"rendered":"https:\/\/www.ole.com.ar\/seleccion\/emiliano-buendia-seleccion-mundial_0_ETOiUlalfF.html"},"modified":"2022-02-07T22:34:34","modified_gmt":"2022-02-07T22:34:34","slug":"buendia-su-debut-con-la-seleccion-y-el-sueno-mundialista","status":"publish","type":"post","link":"http:\/\/hoycordobaweb.com\/index.php\/2022\/02\/07\/buendia-su-debut-con-la-seleccion-y-el-sueno-mundialista\/","title":{"rendered":"Buend\u00eda: su debut con la Selecci\u00f3n y el sue\u00f1o mundialista"},"content":{"rendered":"<p><img src=\"http:\/\/hoycordobaweb.com\/wp-content\/uploads\/2022\/02\/buendia-su-debut-con-la-seleccion-y-el-sueno-mundialista.jpg\"><\/p>\n<p><strong><a alt=\"emiliano-buendia\" class=\"slug\" href=\"https:\/\/www.ole.com.ar\/tema\/emiliano-buendia.html\" target=\"_blank\" title=\"emiliano-buendia\" rel=\"noopener noreferrer\">Emiliano Buend\u00eda<\/a><\/strong> cumpli\u00f3 su sue\u00f1o el martes \u00faltimo, cuando <strong><a alt=\"lionel-scaloni\" class=\"slug\" href=\"https:\/\/www.ole.com.ar\/tema\/lionel-scaloni.html\" target=\"_blank\" title=\"lionel-scaloni\" rel=\"noopener noreferrer\">Lionel Scaloni<\/a><\/strong> lo mand\u00f3 a la cancha por los \u00faltimos 10 minutos de juego del <a target=\"_blank\" href=\"https:\/\/www.ole.com.ar\/seleccion\/argentina-colombia-eliminatorias-fecha16_0_kpgkm7wN2f.html\" rel=\"noopener noreferrer\">encuentro ante Colombia<\/a>. El enganche marplatense pudo representar a la <strong><a alt=\"seleccion-argentina\" class=\"slug\" href=\"https:\/\/www.ole.com.ar\/tema\/seleccion-argentina.html\" target=\"_blank\" title=\"seleccion-argentina\" rel=\"noopener noreferrer\">Selecci\u00f3n Argentina<\/a><\/strong> por primera vez, y tach\u00f3 uno de sus objetivos de la lista. Ahora est\u00e1 mentalizado en una sola cosa: <strong>ser convocado para el <a alt=\"mundial-de-qatar\" class=\"slug\" href=\"https:\/\/www.ole.com.ar\/tema\/mundial-de-qatar.html\" target=\"_blank\" title=\"mundial-de-qatar\" rel=\"noopener noreferrer\">Mundial de Qatar<\/a>.<\/strong><\/p>\n<div class=\"sp__Normal\">\n<div class=\"image-embeb image-trigger\" readability=\"6\">\n<picture><source media=\"(min-width: 720px)\" srcset=\"http:\/\/hoycordobaweb.com\/wp-content\/uploads\/2022\/02\/buendia-su-debut-con-la-seleccion-y-el-sueno-mundialista-2.jpg\"><img itemprop=\"image\" src=\"http:\/\/hoycordobaweb.com\/wp-content\/uploads\/2022\/02\/buendia-su-debut-con-la-seleccion-y-el-sueno-mundialista-2.jpg\" loading=\"lazy\" alt=\"Buend\u00eda en su debut con Argentina. Foto: Fotobaires.\">\n<\/picture><figcaption readability=\"2\">\n<p>Buend\u00eda en su debut con Argentina. Foto: Fotobaires.\n<\/p>\n<\/figcaption><\/div>\n<\/div>\n<p>Despu\u00e9s de su debut con la Albiceleste &#8211;<a href=\"https:\/\/www.ole.com.ar\/seleccion\/seleccion-argentina-bajas-covid-mac-allister-buendia_0_UREvda1eC0.html\" target=\"_blank\" rel=\"noopener noreferrer\">y tras superar su contagio de Covid<\/a>&#8211; Emi regres\u00f3 a Inglaterra para reincorporarse al <strong><a alt=\"aston-villa\" class=\"slug\" href=\"https:\/\/www.ole.com.ar\/tema\/aston-villa.html\" target=\"_blank\" title=\"aston-villa\" rel=\"noopener noreferrer\">Aston Villa<\/a><\/strong>, donde comparte equipo con el <strong><a alt=\"damian-emiliano-martinez\" class=\"slug\" href=\"https:\/\/www.ole.com.ar\/tema\/damian-emiliano-martinez.html\" target=\"_blank\" title=\"damian-emiliano-martinez\" rel=\"noopener noreferrer\">Dibu Mart\u00ednez<\/a><\/strong>. All\u00ed habl\u00f3 con la web del club de lo que signific\u00f3 el debut con la Selecci\u00f3n, sus anhelos del futuro, su presente en el cuadro ingl\u00e9s y mucho m\u00e1s.<\/p>\n<h2> <strong>\u00bfQU\u00c9 DIJO BUEND\u00cdA?<\/strong><\/h2>\n<h2><mark>\u200bEl debut con Argentina<\/mark><\/h2>\n<p>El de 25 a\u00f1os dijo:<strong>&nbsp;\u00abLa convocatoria a la Selecci\u00f3n fue un momento de orgullo para m\u00ed y para mi familia<\/strong>. Hacer el debut para mi pa\u00eds fue un momento muy especial. Estoy muy contento, orgulloso y ahora quiero seguir trabajando para tener este tipo de oportunidades\u00bb.<\/p>\n<p> Y confes\u00f3 que era un objetivo de toda la vida: <mark>\u00abEra un sue\u00f1o de chico<\/mark>, todos quieren jugar al f\u00fatbol y despu\u00e9s representar a su pa\u00eds, y para m\u00ed como argentino siento que es un poco m\u00e1s especial que para el resto. <strong>Crec\u00ed lejos de mi pa\u00eds, as\u00ed que estaba desesperado por tener esta oportunidad. <\/strong>La semana pasada pude jugar mi primer partido y fue incre\u00edble\u00bb.<\/p>\n<div class=\"sp__SM\">\n<div class=\"content-new \">\n<span class=\"tit-mobile\">Mir\u00e1 tambi\u00e9n<\/span><\/p>\n<div class=\"mg\">\n<div class=\"wrap-figure\">\n<picture>\n<a href=\"https:\/\/www.ole.com.ar\/futbol-internacional\/inglaterra\/luis-diaz-liverpool-debut-fa-cup_0_lWBJ121pZq.html\" target=\"_self\" rel=\"noopener noreferrer\"><br \/>\n<img class=\"img-responsive\" alt=\"Qu\u00e9 dijo Luis D\u00edaz tras su debut con Liverpool\" src=\"http:\/\/hoycordobaweb.com\/wp-content\/uploads\/2022\/02\/buendia-su-debut-con-la-seleccion-y-el-sueno-mundialista-3.jpg\" loading=\"lazy\"><br \/>\n<\/a>\n<\/picture>\n<\/div>\n<\/div><\/div>\n<\/div>\n<h2><mark>La posibilidad de ir a Qatar<\/mark><\/h2>\n<h2><\/h2>\n<p>Buend\u00eda dej\u00f3 en claro que ahora har\u00e1 todo lo posible para seguir en la consideraci\u00f3n de Scaloni, y ganarse un lugar en la convocatoria mundialista. \u00abEste a\u00f1o es un a\u00f1o especial por el Mundial. Obviamente es complicado porque tenemos un plantel muy fuerte con muchos buenos jugadores, pero ser\u00eda un sue\u00f1o (ir a Qatar). S\u00e9 que tengo que seguir haciendo cosas buenas en el club, para ayudar al equipo y para volver a estar involucrado con la Selecci\u00f3n\u00bb, explic\u00f3.\u200b<\/p>\n<div class=\"sp__Normal\">\n<div class=\"image-embeb image-trigger\" readability=\"6\">\n<picture><source media=\"(min-width: 720px)\" srcset=\"http:\/\/hoycordobaweb.com\/wp-content\/uploads\/2022\/02\/buendia-su-debut-con-la-seleccion-y-el-sueno-mundialista-4.jpg\"><img itemprop=\"image\" src=\"http:\/\/hoycordobaweb.com\/wp-content\/uploads\/2022\/02\/buendia-su-debut-con-la-seleccion-y-el-sueno-mundialista-4.jpg\" loading=\"lazy\" alt=\"\u00bfEstar\u00e1 en los planes de Scaloni? Foto: AP.\">\n<\/picture><figcaption readability=\"2\">\n<p>\u00bfEstar\u00e1 en los planes de Scaloni? Foto: AP.\n<\/p>\n<\/figcaption><\/div>\n<\/div>\n<div class=\"sp__SM\">\n<div class=\"content-new \">\n<span class=\"tit-mobile\">Mir\u00e1 tambi\u00e9n<\/span><\/p>\n<div class=\"mg\">\n<div class=\"wrap-figure\">\n<picture> <a href=\"https:\/\/www.ole.com.ar\/futbol-internacional\/mundial-clubes-palmeiras-chelsea_0_lyoYsHDW2f.html\" target=\"_self\" rel=\"noopener noreferrer\"><br \/>\n<img class=\"img-responsive\" alt=\"Mundial de Clubes: c\u00f3mo sigue y cu\u00e1ndo debutan Palmeiras y Chelsea\" src=\"http:\/\/hoycordobaweb.com\/wp-content\/uploads\/2022\/02\/buendia-su-debut-con-la-seleccion-y-el-sueno-mundialista-5.jpg\" loading=\"lazy\"><br \/>\n<\/a>\n<\/picture>\n<\/div>\n<\/div><\/div>\n<\/div>\n<h2><mark>Su presente en Aston Villa<\/mark><\/h2>\n<p>El debut con la Selecci\u00f3n no fue una casualidad. Es que Emiliano viene teniendo grandes actuaciones con el equipo de Birmingham: <strong>\u00abEl \u00faltimo mes en Aston Villa fue muy bueno para m\u00ed. <\/strong>Creo que en el \u00faltimo tiempo me sent\u00ed mucho mejor, estoy en forma, estoy c\u00f3modo con mis compa\u00f1eros.<strong> Fue un comienzo duro, pero ya me pude adaptar.<\/strong> Estoy contento con mis \u00faltimos meses y estoy ansioso por lo que se nos viene en el futuro\u00bb.<\/p>\n<div class=\"sp__SM\">\n<div class=\"content-new \">\n<span class=\"tit-mobile\">Mir\u00e1 tambi\u00e9n<\/span><\/p>\n<div class=\"mg\">\n<div class=\"wrap-figure\">\n<picture>\n<a href=\"https:\/\/www.ole.com.ar\/futbol-internacional\/inglaterra\/christian-eriksen-brentford-practica_0_woXmYRoLI4.html\" target=\"_self\" rel=\"noopener noreferrer\"><br \/>\n<img class=\"img-responsive\" alt=\"\u00a1Eriksen tuvo su primera pr\u00e1ctica con el Brentford!\" src=\"http:\/\/hoycordobaweb.com\/wp-content\/uploads\/2022\/02\/buendia-su-debut-con-la-seleccion-y-el-sueno-mundialista-6.jpg\" loading=\"lazy\"><br \/>\n<\/a>\n<\/picture>\n<\/div>\n<\/div><\/div>\n<\/div>\n<h2><mark>El premio al Jugador del Mes del Aston Villa<\/mark><\/h2>\n<p>\u200bDespu\u00e9s de un gran comienzo de a\u00f1o, el argentino obtuvo el galard\u00f3n al mejor jugador del club en enero del 2022, tras conseguir m\u00e1s del 50% del voto de los hincha<strong><\/strong>s.<strong> \u00abComo jugador siempre es hermoso tener este tipo de reconocimientos.<\/strong> Significa que jugu\u00e9 bien y que pude ayudar al equipo en los \u00faltimos partidos, y eso es importante. Ayudar al equipo, conseguir la mayor cantidad de puntos y seguir trabajando\u00bb, reflexion\u00f3.<\/p>\n<p> Y a\u00f1adi\u00f3: <strong>\u00abTengo que seguir trabajando para poder contribuir al equipo con goles y asistencias.<\/strong> Como dije, en los \u00faltimos partidos me sent\u00ed mucho mejor, as\u00ed que espero que en los pr\u00f3ximos pueda esforzarme y dar lo mejor\u00bb.<\/p>\n<div class=\"sp__SM\">\n<div class=\"content-new \">\n<span class=\"tit-mobile\">Mir\u00e1 tambi\u00e9n<\/span><\/p>\n<div class=\"mg\">\n<div class=\"wrap-figure\">\n<picture>\n<a href=\"https:\/\/www.ole.com.ar\/futbol-internacional\/italia\/zlatan-ibrahimovic-abdominales-colgado-bolsa-boxeo_0_4GdqiPzncP.html\" target=\"_self\" rel=\"noopener noreferrer\"><br \/>\n<img class=\"img-responsive\" alt=\"Los abdominales imposibles de Zlatan\" src=\"http:\/\/hoycordobaweb.com\/wp-content\/uploads\/2022\/02\/buendia-su-debut-con-la-seleccion-y-el-sueno-mundialista-7.jpg\" loading=\"lazy\"><br \/>\n<\/a>\n<\/picture>\n<\/div>\n<\/div><\/div>\n<\/div>\n<h2><mark>Qu\u00e9 opina de Gerrard como DT<\/mark><\/h2>\n<p>En noviembre, <strong><a alt=\"steven-gerrard\" class=\"slug\" href=\"https:\/\/www.ole.com.ar\/tema\/steven-gerrard.html\" target=\"_blank\" title=\"steven-gerrard\" rel=\"noopener noreferrer\">Steven Gerrard<\/a><\/strong> arrib\u00f3 al banco del Villa Park, asumiendo el cargo de entrenador. Y despu\u00e9s de los primeros meses bajo sus \u00f3rdenes, Buend\u00eda pudo hacer un balance de c\u00f3mo es jugar para \u00e9l. \u00abEstuvo muy bien.<strong> Creo que encontr\u00e9 mi mejor forma con \u00e9l, su estilo es brillante para m\u00ed.<\/strong> Disfruto jugar en esta posici\u00f3n y esta estructura de juego. Creo que solo puedo seguir mejorando\u00bb, analiz\u00f3 el argentino, que se siente c\u00f3modo como mediapunta en un esquema de 4-3-2-1.<\/p>\n<div class=\"sp__Normal\">\n<div class=\"image-embeb image-trigger\" readability=\"6.5\">\n<picture><source media=\"(min-width: 720px)\" srcset=\"http:\/\/hoycordobaweb.com\/wp-content\/uploads\/2022\/02\/buendia-su-debut-con-la-seleccion-y-el-sueno-mundialista-8.jpg\"><img itemprop=\"image\" src=\"http:\/\/hoycordobaweb.com\/wp-content\/uploads\/2022\/02\/buendia-su-debut-con-la-seleccion-y-el-sueno-mundialista-8.jpg\" loading=\"lazy\" alt=\"Gerrard, el DT de Aston Villa. Foto: AP.\">\n<\/picture><figcaption readability=\"3\">\n<p>Gerrard, el DT de Aston Villa. Foto: AP.\n<\/p>\n<\/figcaption><\/div>\n<\/div>\n<div class=\"sp__SM\">\n<div class=\"content-new \">\n<span class=\"tit-mobile\">Mir\u00e1 tambi\u00e9n<\/span><\/p>\n<div class=\"mg\">\n<div class=\"wrap-figure\">\n<picture>\n<a href=\"https:\/\/www.ole.com.ar\/boca-juniors\/real-jugadores-ligas-mundo_0_hSxYt3lBOE.html\" target=\"_self\" rel=\"noopener noreferrer\"><br \/>\n<img class=\"img-responsive\" alt=\"Boca, top en un ranking y por encima de River, Barcelona y Real Madrid\" src=\"http:\/\/hoycordobaweb.com\/wp-content\/uploads\/2022\/02\/buendia-su-debut-con-la-seleccion-y-el-sueno-mundialista-9.jpg\" loading=\"lazy\"><br \/>\n<\/a>\n<\/picture>\n<\/div>\n<\/div><\/div>\n<\/div>\n<h2><mark>Los refuerzos del \u00faltimo mercado<\/mark><\/h2>\n<p>El Aston Villa no se qued\u00f3 quieto en el invierno europeo y <a data-cke-saved-href=\"https:\/\/www.ole.com.ar\/futbol-internacional\/inglaterra\/coutinho-dibu-martinez-inglaterra_0_n5CozuWS1.html\" target=\"_blank\" href=\"https:\/\/www.ole.com.ar\/futbol-internacional\/inglaterra\/coutinho-dibu-martinez-inglaterra_0_n5CozuWS1.html\" rel=\"noopener noreferrer\">cerr\u00f3 varias incorporaciones de jerarqu\u00eda<\/a>. \u00abCreo que ya ten\u00edamos un plantel muy bueno, pero con los \u00faltimos fichajes est\u00e1 clara la ambici\u00f3n que tiene el club. Traer a <strong><a alt=\"philippe-coutinho\" class=\"slug\" href=\"https:\/\/www.ole.com.ar\/tema\/philippe-coutinho.html\" target=\"_blank\" title=\"philippe-coutinho\" rel=\"noopener noreferrer\">Philippe Coutinho<\/a><\/strong>, <strong>Lucas Digne<\/strong>, un gran arquero de experiencia como <strong>Robin Olsen<\/strong>, y <strong>Calum Chambers<\/strong> que es muy importante para el equipo. Demuestra la ambici\u00f3n del club para lo que resta de competencia\u00bb, solt\u00f3 Emi.<\/p>\n<div class=\"sp__Normal\">\n<div class=\"image-embeb image-trigger\" readability=\"6.5\">\n<picture><source media=\"(min-width: 720px)\" srcset=\"http:\/\/hoycordobaweb.com\/wp-content\/uploads\/2022\/02\/buendia-su-debut-con-la-seleccion-y-el-sueno-mundialista-10.jpg\"><img itemprop=\"image\" src=\"http:\/\/hoycordobaweb.com\/wp-content\/uploads\/2022\/02\/buendia-su-debut-con-la-seleccion-y-el-sueno-mundialista-10.jpg\" loading=\"lazy\" alt=\"Buend\u00eda con Coutinho y Digne, los refuerzos. Foto: REUTERS.\">\n<\/picture><figcaption readability=\"3\">\n<p>Buend\u00eda con Coutinho y Digne, los refuerzos. Foto: REUTERS.\n<\/p>\n<\/figcaption><\/div>\n<\/div>\n<div class=\"sp__SM\">\n<div class=\"content-new \">\n<span class=\"tit-mobile\">Mir\u00e1 tambi\u00e9n<\/span><\/p>\n<div class=\"mg\">\n<div class=\"wrap-figure\">\n<picture>\n<a href=\"https:\/\/www.ole.com.ar\/futbol-internacional\/mundial-2030-candidaturas-reino-unido-irlanda-mundial-argentina-uruguay-paraguay-chile-2030_0_EPKTY3lGt4.html\" target=\"_self\" rel=\"noopener noreferrer\"><br \/>\n<img class=\"img-responsive\" alt=\"Reino Unido e Irlanda se bajan del Mundial 2030\" src=\"http:\/\/hoycordobaweb.com\/wp-content\/uploads\/2022\/02\/buendia-su-debut-con-la-seleccion-y-el-sueno-mundialista-11.jpg\" loading=\"lazy\"><br \/>\n<\/a>\n<\/picture>\n<\/div>\n<\/div><\/div>\n<\/div>\n<h2><mark>La llegada de Coutinho<\/mark><\/h2>\n<p>Uno de los refuerzos m\u00e1s importantes fue el del brasile\u00f1o, que volvi\u00f3 a Inglaterra para revivir sus a\u00f1os de gloria en Premier: <mark>\u00abCreo que yo puedo aprender mucho de \u00e9l. Es un jugador top. <\/mark>Ya lo demostr\u00f3 con Liverpool hace algunos a\u00f1os, jug\u00f3 en Barcelona, gan\u00f3 una Champions con el Bayern Munich, as\u00ed que es un jugador top. Pero <strong>adem\u00e1s es una gran persona, tengo una buena conexi\u00f3n con \u00e9l. <\/strong>Yo intento ayudarlo a instalarse ac\u00e1 en Aston Villa y en la ciudad. Y espero que \u00e9l pueda ayudarnos a conseguir m\u00e1s puntos\u00bb.<\/p>\n<div class=\"sp__Normal\">\n<div class=\"image-embeb image-trigger\" readability=\"6\">\n<picture><source media=\"(min-width: 720px)\" srcset=\"http:\/\/hoycordobaweb.com\/wp-content\/uploads\/2022\/02\/buendia-su-debut-con-la-seleccion-y-el-sueno-mundialista-12.jpg\"><img itemprop=\"image\" src=\"http:\/\/hoycordobaweb.com\/wp-content\/uploads\/2022\/02\/buendia-su-debut-con-la-seleccion-y-el-sueno-mundialista-12.jpg\" loading=\"lazy\" alt=\"Emi ya se lleva con Cout. Foto: REUTERS.\">\n<\/picture><figcaption readability=\"2\">\n<p>Emi ya se lleva con Cout. Foto: REUTERS.\n<\/p>\n<\/figcaption><\/div>\n<\/div>\n<div class=\"sp__SM\">\n<div class=\"content-new \">\n<span class=\"tit-mobile\">Mir\u00e1 tambi\u00e9n<\/span><\/p>\n<div class=\"mg\">\n<div class=\"wrap-figure\">\n<picture>\n<a href=\"https:\/\/www.ole.com.ar\/futbol-internacional\/anderson-talisca-video-gol-puskas_0_S0B4Q0yQuI.html\" target=\"_self\" rel=\"noopener noreferrer\"><br \/>\n<img class=\"img-responsive\" alt=\"Para el Pusk\u00e1s: el golazo de Talisca, con acento argentino\" src=\"http:\/\/hoycordobaweb.com\/wp-content\/uploads\/2022\/02\/buendia-su-debut-con-la-seleccion-y-el-sueno-mundialista-13.jpg\" loading=\"lazy\"><br \/>\n<\/a>\n<\/picture>\n<\/div>\n<\/div><\/div>\n<\/div>\n<h2><mark>La previa contra el Leeds de Bielsa<\/mark><\/h2>\n<p>Este martes, los hombres de Gerrard volver\u00e1n a la acci\u00f3n por <strong><a alt=\"premier-league\" class=\"slug\" href=\"https:\/\/www.ole.com.ar\/tema\/premier-league.html\" target=\"_blank\" title=\"premier-league\" rel=\"noopener noreferrer\">Premier <\/a><\/strong>ante el <strong><a alt=\"leeds-united\" class=\"slug\" href=\"https:\/\/www.ole.com.ar\/tema\/leeds-united.html\" target=\"_blank\" title=\"leeds-united\" rel=\"noopener noreferrer\">Leeds <\/a><\/strong>de <strong><a alt=\"marcelo-bielsa\" class=\"slug\" href=\"https:\/\/www.ole.com.ar\/tema\/marcelo-bielsa.html\" target=\"_blank\" title=\"marcelo-bielsa\" rel=\"noopener noreferrer\">Marcelo Bielsa<\/a><\/strong>, y Buend\u00eda se tiene fe: \u00abSiento que el \u00faltimo partido de local fue hace mucho tiempo. As\u00ed que va a ser lindo volver a estar en nuestra casa y con nuestro hinchas, <strong>esperamos tener un gran partido y llevarnos los tres puntos.<\/strong> Son un equipo fuerte, todos los conocen. Pelean e intentan hacer los encuentros complicados, pero como dije, tenemos buenos jugadores y un gran plantel, as\u00ed que creo que tenemos chances de quedarnos con el triunfo\u00bb.<\/p>\n<div class=\"sp__Normal\">\n<div class=\"image-embeb image-trigger\" readability=\"6\">\n<picture><source media=\"(min-width: 720px)\" srcset=\"http:\/\/hoycordobaweb.com\/wp-content\/uploads\/2022\/02\/buendia-su-debut-con-la-seleccion-y-el-sueno-mundialista-14.jpg\"><img itemprop=\"image\" src=\"http:\/\/hoycordobaweb.com\/wp-content\/uploads\/2022\/02\/buendia-su-debut-con-la-seleccion-y-el-sueno-mundialista-14.jpg\" loading=\"lazy\" alt=\"El Aston Villa recibir\u00e1 al Leeds. Foto: AFP.\">\n<\/picture><figcaption readability=\"2\">\n<p>El Aston Villa recibir\u00e1 al Leeds. Foto: AFP.\n<\/p>\n<\/figcaption><\/div>\n<\/div>\n<div class=\"sp__SM\">\n<div class=\"content-new \">\n<span class=\"tit-mobile\">Mir\u00e1 tambi\u00e9n<\/span><\/p>\n<div class=\"mg\">\n<div class=\"wrap-figure\">\n<picture>\n<a href=\"https:\/\/www.ole.com.ar\/fuera-de-juego\/sergio-kun-aguero-juan-musso-chori-foto_0_9W0kBwETV7.html\" target=\"_self\" rel=\"noopener noreferrer\"><br \/>\n<img class=\"img-responsive\" alt=\"La divertida comparaci\u00f3n del Kun entre una an\u00e9cdota y la foto viral de Musso\" src=\"http:\/\/hoycordobaweb.com\/wp-content\/uploads\/2022\/02\/buendia-su-debut-con-la-seleccion-y-el-sueno-mundialista-15.jpg\" loading=\"lazy\"><br \/>\n<\/a>\n<\/picture>\n<\/div>\n<\/div><\/div>\n<\/div>\n<div class=\"entry-tags\">\n<h2>TEMAS QUE APARECEN EN ESTA NOTA<\/h2>\n<\/p><\/div>\n","protected":false},"excerpt":{"rendered":"<p>Emiliano Buend\u00eda cumpli\u00f3 su sue\u00f1o el martes \u00faltimo, cuando Lionel Scaloni lo mand\u00f3 a la cancha por los \u00faltimos 10 minutos de juego del encuentro ante Colombia. El enganche marplatense pudo representar a la Selecci\u00f3n Argentina por primera vez, y tach\u00f3 uno de sus objetivos de la lista. Ahora est\u00e1 mentalizado en una sola cosa: [&hellip;]<\/p>\n","protected":false},"author":1,"featured_media":36781,"comment_status":"open","ping_status":"closed","sticky":false,"template":"","format":"standard","meta":[],"categories":[16],"tags":[],"_links":{"self":[{"href":"http:\/\/hoycordobaweb.com\/index.php\/wp-json\/wp\/v2\/posts\/36780"}],"collection":[{"href":"http:\/\/hoycordobaweb.com\/index.php\/wp-json\/wp\/v2\/posts"}],"about":[{"href":"http:\/\/hoycordobaweb.com\/index.php\/wp-json\/wp\/v2\/types\/post"}],"author":[{"embeddable":true,"href":"http:\/\/hoycordobaweb.com\/index.php\/wp-json\/wp\/v2\/users\/1"}],"replies":[{"embeddable":true,"href":"http:\/\/hoycordobaweb.com\/index.php\/wp-json\/wp\/v2\/comments?post=36780"}],"version-history":[{"count":0,"href":"http:\/\/hoycordobaweb.com\/index.php\/wp-json\/wp\/v2\/posts\/36780\/revisions"}],"wp:featuredmedia":[{"embeddable":true,"href":"http:\/\/hoycordobaweb.com\/index.php\/wp-json\/wp\/v2\/media\/36781"}],"wp:attachment":[{"href":"http:\/\/hoycordobaweb.com\/index.php\/wp-json\/wp\/v2\/media?parent=36780"}],"wp:term":[{"taxonomy":"category","embeddable":true,"href":"http:\/\/hoycordobaweb.com\/index.php\/wp-json\/wp\/v2\/categories?post=36780"},{"taxonomy":"post_tag","embeddable":true,"href":"http:\/\/hoycordobaweb.com\/index.php\/wp-json\/wp\/v2\/tags?post=36780"}],"curies":[{"name":"wp","href":"https:\/\/api.w.org\/{rel}","templated":true}]}}