{"id":36764,"date":"2022-02-07T22:46:00","date_gmt":"2022-02-07T22:46:00","guid":{"rendered":"http:\/\/hoycordobaweb.com\/index.php\/2022\/02\/07\/biden-dice-que-no-habra-gasoducto-ruso-hacia-alemania-si-rusia-invade-ucrania\/"},"modified":"2022-02-07T22:46:00","modified_gmt":"2022-02-07T22:46:00","slug":"biden-dice-que-no-habra-gasoducto-ruso-hacia-alemania-si-rusia-invade-ucrania","status":"publish","type":"post","link":"http:\/\/hoycordobaweb.com\/index.php\/2022\/02\/07\/biden-dice-que-no-habra-gasoducto-ruso-hacia-alemania-si-rusia-invade-ucrania\/","title":{"rendered":"Biden dice que \u00abno habr\u00e1\u00bb gasoducto ruso hacia Alemania si Rusia invade Ucrania"},"content":{"rendered":"<p><img src=\"http:\/\/hoycordobaweb.com\/wp-content\/uploads\/2022\/02\/biden-dice-que-no-habra-gasoducto-ruso-hacia-alemania-si-rusia-invade-ucrania.jpg\"><\/p>\n<figure class=\"mb-3\"><img loading=\"lazy\" src=\"http:\/\/hoycordobaweb.com\/wp-content\/uploads\/2022\/02\/biden-dice-que-no-habra-gasoducto-ruso-hacia-alemania-si-rusia-invade-ucrania-2.jpg\" width=\"100%\" height=\"100%\" alt=\"Si Rusia invade ya no habr Nord Stream 2 dijo Biden Foto AFP\"><figcaption> \u201cSi Rusia invade, ya no habr\u00e1 Nord Stream 2&#8243;, dijo Biden. Foto: AFP <\/figcaption><\/figure>\n<p><br open> El presidente estadounidense, Joe Biden, dijo este lunes junto al jefe de gobierno alem\u00e1n, Olaf Scholz, que un ducto construido por Rusia para llevar gas a Europa a trav\u00e9s de Alemania no se pondr\u00e1 en funcionamiento si ese pa\u00eds invade a Ucrania, tras una reuni\u00f3n que ambos l\u00edderes mantuvieron en la Casa Blanca, mientras la presi\u00f3n entre los pa\u00edses occidentales y Rusia contin\u00faa en aumento por el conflicto en la frontera con Ucraniana.<\/p>\n<p><strong>\u201cSi Rusia invade, es decir si tanques y tropas vuelven a cruzar la frontera con Ucrania, ya no habr\u00e1 Nord Stream 2&#8243;, advirti\u00f3 Biden<\/strong>, usando el nombre del gasoducto, inform\u00f3 la agencia de noticias AFP.<\/p>\n<p>\u00abLe pondremos fin\u00bb, agreg\u00f3 en conferencia de prensa con Scholz tras una reuni\u00f3n a puertas cerradas.<\/p>\n<p>Este primer encuentro cara a cara de Scholz y Biden desde que el socialdem\u00f3crata lleg\u00f3 al poder en Alemania, hace dos meses, lleg\u00f3 en momentos en que el l\u00edder europeo es criticado por los miembros de la OTAN por falta de una l\u00ednea clara frente a Rusia, que es acusada de haber desplegado decenas de miles de soldados en la frontera ucraniana en vistas a una invasi\u00f3n.<\/p>\n<p><strong>Rusia rechaza esas sospechas, defiende el derecho a mover fuerzas dentro de su propio territorio seg\u00fan lo estime conveniente e insta a Estados Unidos y sus aliados a impedir que Ucrania y otras naciones exsovi\u00e9ticas se unan a la OTAN<\/strong>, detener los despliegues de armas all\u00ed y hacer retroceder a las fuerzas de la OTAN en Europa del Este.<\/p>\n<p>Biden expres\u00f3 que los alemanes apoyaban un \u201cpaquete fuerte\u201d de sanciones, pero no dio m\u00e1s detalles.<\/p>\n<p>Sin embargo, cuando se le pregunt\u00f3 c\u00f3mo le pondr\u00edan fin al gasoducto, solo respondi\u00f3: \u00abLe prometo que podremos hacerlo\u00bb.<\/p>\n<p><strong>A su lado, Scholz debi\u00f3 responder la misma pregunta, y aunque no fue preciso sobre si aceptar\u00eda terminar el proyecto, contest\u00f3: \u00abEstamos absolutamente unidos\u00bb.<\/strong><\/p>\n<p>Poco antes de viajar a Estados Unidos, sin embargo, el canciller alem\u00e1n rehus\u00f3 una vez m\u00e1s hacer referencia expl\u00edcita a una posible suspensi\u00f3n de los permisos del Nord Stream 2, aunque destac\u00f3 que el potencial castigo ser\u00eda \u00abde amplio alcance y muy duro\u00bb.<\/p>\n<figure class=\"mb-3\"><img loading=\"lazy\" src=\"http:\/\/hoycordobaweb.com\/wp-content\/uploads\/2022\/02\/biden-dice-que-no-habra-gasoducto-ruso-hacia-alemania-si-rusia-invade-ucrania-3.jpg\" width=\"100%\" height=\"100%\" alt=\"Scholz acompa al mandatario estadounidense en su alocucin Foto Archivo\"><figcaption> Scholz acompa\u00f1\u00f3 al mandatario estadounidense en su alocuci\u00f3n. Foto: Archivo <\/figcaption><\/figure>\n<p><br open><strong>La construcci\u00f3n del Nord Stream 2 termin\u00f3 a principios de 2021, pero a\u00fan no est\u00e1 operativo.<\/strong><\/p>\n<p>En noviembre \u00faltimo, el regulador alem\u00e1n, el Bundesnetzagentur, inform\u00f3 que el proceso de certificaci\u00f3n se hab\u00eda detenido porque el operador del gasoducto con sede en Suiza necesitaba formar una empresa bajo la ley alemana.<\/p>\n<p>Propiedad del gigante ruso del gas Gazprom y con la inversi\u00f3n de algunas de las principales empresas europeas, el gasoducto de 1.200 kil\u00f3metros esquiva Ucrania para transportar gas natural ruso a trav\u00e9s del mar B\u00e1ltico directamente a Europa Occidental.<\/p>\n<p><strong>Estados Unidos, Ucrania y algunas naciones europeas se opusieron durante mucho tiempo al Nord Stream 2 ya que les preocupa que Europa dependa a\u00fan m\u00e1s del gas ruso.<\/strong><\/p>\n<p>Ucrania tambi\u00e9n puede perder ingresos por tr\u00e1nsito una vez que est\u00e9 operativo.<\/p>\n<p>En este contexto,<strong> Biden est\u00e1 decidido a presentar un frente unido de la OTAN en la crisis de Ucrania<\/strong>, en momentos en que los funcionarios de su gobierno sostienen que el ej\u00e9rcito ruso ya reuni\u00f3 el 70% de las fuerzas que necesitar\u00eda para iniciar una invasi\u00f3n a gran escala.<\/p>\n<p>De acuerdo con <strong>el mandatario estadounidense,<\/strong> <strong>Alemania es \u00abuno de los m\u00e1s estrechos aliados\u00bb de Estados Unidos y tiene \u00abla plena confianza de Estados Unidos\u00bb.<\/strong><\/p>\n<p>\u00abAlemania es uno de nuestros aliados m\u00e1s importantes en el mundo. No hay duda sobre la alianza entre Alemania y Estados Unidos. Ninguna\u00bb, subray\u00f3 Biden, luego de que en algunos c\u00edrculos de Washington considerasen a Scholz como demasiado complaciente con el riesgo de un ataque de Rusia a Ucrania.<\/p>\n<p>El l\u00edder alem\u00e1n, por su parte, marc\u00f3 su posici\u00f3n ante las cr\u00edticas recibidas recientemente y ratific\u00f3 la declaraci\u00f3n de Biden.<\/p>\n<p>\u201cSomos aliados cercanos y estamos trabajando intensamente juntos. Esto es necesario para dar los pasos que tenemos que dar, por ejemplo, luchar contra la agresi\u00f3n rusa contra Ucrania\u00bb, precis\u00f3. <\/p>\n","protected":false},"excerpt":{"rendered":"<p>\u201cSi Rusia invade, ya no habr\u00e1 Nord Stream 2&#8243;, dijo Biden. Foto: AFP El presidente estadounidense, Joe Biden, dijo este lunes junto al jefe de gobierno alem\u00e1n, Olaf Scholz, que un ducto construido por Rusia para llevar gas a Europa a trav\u00e9s de Alemania no se pondr\u00e1 en funcionamiento si ese pa\u00eds invade a Ucrania, [&hellip;]<\/p>\n","protected":false},"author":1,"featured_media":36765,"comment_status":"open","ping_status":"closed","sticky":false,"template":"","format":"standard","meta":[],"categories":[24],"tags":[],"_links":{"self":[{"href":"http:\/\/hoycordobaweb.com\/index.php\/wp-json\/wp\/v2\/posts\/36764"}],"collection":[{"href":"http:\/\/hoycordobaweb.com\/index.php\/wp-json\/wp\/v2\/posts"}],"about":[{"href":"http:\/\/hoycordobaweb.com\/index.php\/wp-json\/wp\/v2\/types\/post"}],"author":[{"embeddable":true,"href":"http:\/\/hoycordobaweb.com\/index.php\/wp-json\/wp\/v2\/users\/1"}],"replies":[{"embeddable":true,"href":"http:\/\/hoycordobaweb.com\/index.php\/wp-json\/wp\/v2\/comments?post=36764"}],"version-history":[{"count":0,"href":"http:\/\/hoycordobaweb.com\/index.php\/wp-json\/wp\/v2\/posts\/36764\/revisions"}],"wp:featuredmedia":[{"embeddable":true,"href":"http:\/\/hoycordobaweb.com\/index.php\/wp-json\/wp\/v2\/media\/36765"}],"wp:attachment":[{"href":"http:\/\/hoycordobaweb.com\/index.php\/wp-json\/wp\/v2\/media?parent=36764"}],"wp:term":[{"taxonomy":"category","embeddable":true,"href":"http:\/\/hoycordobaweb.com\/index.php\/wp-json\/wp\/v2\/categories?post=36764"},{"taxonomy":"post_tag","embeddable":true,"href":"http:\/\/hoycordobaweb.com\/index.php\/wp-json\/wp\/v2\/tags?post=36764"}],"curies":[{"name":"wp","href":"https:\/\/api.w.org\/{rel}","templated":true}]}}