{"id":36726,"date":"2022-02-06T23:16:24","date_gmt":"2022-02-06T23:16:24","guid":{"rendered":"https:\/\/www.ole.com.ar\/boca-juniors\/boca-colon-bombonera-copa-liga_0_CBNwZQWFtm.html"},"modified":"2022-02-06T23:16:24","modified_gmt":"2022-02-06T23:16:24","slug":"el-desafio-de-battaglia-de-cara-al-debut-en-el-torneo","status":"publish","type":"post","link":"http:\/\/hoycordobaweb.com\/index.php\/2022\/02\/06\/el-desafio-de-battaglia-de-cara-al-debut-en-el-torneo\/","title":{"rendered":"El desaf\u00edo de Battaglia de cara al debut en el torneo"},"content":{"rendered":"<p><img src=\"http:\/\/hoycordobaweb.com\/wp-content\/uploads\/2022\/02\/el-desafio-de-battaglia-de-cara-al-debut-en-el-torneo.jpg\"><\/p>\n<p>Este domingo fue el \u00faltimo d\u00eda de descanso antes del inicio de la monta\u00f1a rusa que supone el inicio a\u00f1o de competencia para <strong><a alt=\"boca-juniors\" class=\"slug\" href=\"https:\/\/www.ole.com.ar\/tema\/boca-juniors.html\" target=\"_blank\" title=\"boca-juniors\" rel=\"noopener noreferrer\">Boca<\/a><\/strong>. En efecto, <strong>este lunes arranca la semana antes del inicio de la Copa de la Liga Profesional<\/strong>, que ser\u00e1 <strong>el pr\u00f3ximo fin de semana ante Col\u00f3n en la Bombonera.<\/strong><\/p>\n<p>Para <strong><a alt=\"sebastian-battaglia\" class=\"slug\" href=\"https:\/\/www.ole.com.ar\/tema\/sebastian-battaglia.html\" target=\"_blank\" title=\"sebastian-battaglia\" rel=\"noopener noreferrer\">Sebasti\u00e1n Battaglia<\/a><\/strong> la presi\u00f3n ir\u00e1 subiendo conforme pasen los d\u00edas de cara al debut. El entrenador, ahora s\u00ed, <strong>deber\u00e1 llevar al equipo a otro nivel,<\/strong> lo que supone otra exigencia de lo que fue la etapa del a\u00f1o anterior, en la que debi\u00f3 reemplazar a <strong><a alt=\"miguel-angel-russo\" class=\"slug\" href=\"https:\/\/www.ole.com.ar\/tema\/miguel-angel-russo.html\" target=\"_blank\" title=\"miguel-angel-russo\" rel=\"noopener noreferrer\">Miguel Russo<\/a><\/strong> y encarrillar a un plantel que ven\u00eda muy golpeado por la eliminaci\u00f3n traum\u00e1tica de la Libertadores.<\/p>\n<p><strong>Battaglia consigui\u00f3 los objetivos (clasificar a la Libertadores 2022 y ganar la Copa Argentina), aunque futbol\u00edsticamente su Boca no tiene un estilo de juego<\/strong> definido, que el DT conf\u00eda que comience a plasmarse luego de haber tenido tiempo de trabajo en esta pretemporada.<\/p>\n<div class=\"sp__SM\">\n<div class=\"content-new \">\n<span class=\"tit-mobile\">Mir\u00e1 tambi\u00e9n<\/span><\/p>\n<div class=\"mg\">\n<div class=\"wrap-figure\">\n<picture>\n<a href=\"https:\/\/www.ole.com.ar\/fuera-de-juego\/carlos-tevez-festejo-cumpleanos-musica-baile_0_CgWqRSi2hV.html\" target=\"_self\" rel=\"noopener noreferrer\"><br \/>\n<img class=\"img-responsive\" alt=\"El festejo de Tevez: qui\u00e9nes cantaron en su cumplea\u00f1os\" src=\"http:\/\/hoycordobaweb.com\/wp-content\/uploads\/2022\/02\/el-desafio-de-battaglia-de-cara-al-debut-en-el-torneo-2.jpg\" loading=\"lazy\"><br \/>\n<\/a>\n<\/picture>\n<\/div>\n<\/div><\/div>\n<\/div>\n<p>As\u00ed, <strong>con refuerzos de categor\u00eda (Nicol\u00e1s Figal, Pol Fern\u00e1ndez y Dar\u00edo Benedetto) el equipo sum\u00f3 jerarqu\u00eda en puestos clave.<\/strong> Ahora habr\u00e1 que ver c\u00f3mo los acomoda en el verde c\u00e9sped.<\/p>\n<div class=\"sp__SM\">\n<div class=\"content-new \">\n<span class=\"tit-mobile\">Mir\u00e1 tambi\u00e9n<\/span><\/p>\n<div class=\"mg\">\n<div class=\"wrap-figure\">\n<picture>\n<a href=\"https:\/\/www.ole.com.ar\/boca-juniors\/eduardo-salvio-boca-cristiano-ronaldo_0_bvBmDY5F99.html\" target=\"_self\" rel=\"noopener noreferrer\"><br \/>\n<img class=\"img-responsive\" alt=\"\u00a1El jugador de Boca que salud\u00f3 a Cristiano en su cumple!\" src=\"http:\/\/hoycordobaweb.com\/wp-content\/uploads\/2022\/02\/el-desafio-de-battaglia-de-cara-al-debut-en-el-torneo-3.jpg\" loading=\"lazy\"><br \/>\n<\/a>\n<\/picture>\n<\/div>\n<\/div><\/div>\n<\/div>\n<p>Con los refuerzos totalmente integrados al plantel, el cuerpo t\u00e9cnico adopt\u00f3 un esquema t\u00e1ctico m\u00e1s flexible.<strong> Con Figal de lateral derecho, Boca se acomod\u00f3 a un m\u00f3dulo de tres defensores cuando el equipo estaba parado en ataque (Figal, Izquierdoz y Rojo)<\/strong> y Fabra sumado a la l\u00ednea de volantes. Con Campuzano de volante central, con Pol y Ram\u00edrez de internos.<\/p>\n<div class=\"sp__SM\">\n<div class=\"content-new \">\n<span class=\"tit-mobile\">Mir\u00e1 tambi\u00e9n<\/span><\/p>\n<div class=\"mg\">\n<div class=\"wrap-figure\">\n<picture>\n<a href=\"https:\/\/www.ole.com.ar\/boca-juniors\/mateo-retegui-prestamo-boca-tigre_0_Wk22dqy4EQ.html\" target=\"_self\" rel=\"noopener noreferrer\"><br \/>\n<img class=\"img-responsive\" alt=\"A Battaglia se le va un delantero y ser\u00e1 rival de Boca\" src=\"http:\/\/hoycordobaweb.com\/wp-content\/uploads\/2022\/02\/el-desafio-de-battaglia-de-cara-al-debut-en-el-torneo-4.jpg\" loading=\"lazy\"><br \/>\n<\/a>\n<\/picture>\n<\/div>\n<\/div><\/div>\n<\/div>\n<p>Arriba, <strong>entre Pipa y V\u00e1zquez (que sigue haciendo goles cada vez que entra) se disputan el puesto de centrodelantero,<\/strong> Salvio fija por la derecha y Zeballos y Villa luchando por ocupar el puesto de punta por la izquierda.<\/p>\n<p><strong>Habr\u00e1 que ver si, con Luis Adv\u00edncula de regreso luego de participar de las Eliminatorias con la selecci\u00f3n de Per\u00fa, Battaglia mantiene a Figal en el lateral<\/strong> derecho, sobre todo porque es muy probable que el ex Independiente tenga que jugar de marcador central en la Copa Libertadores, por las suspensiones de Izquierdoz y Rojo.<strong> Por lo dem\u00e1s, el equipo est\u00e1 bastante claro, para dar una prueba clave el domingo ante Col\u00f3n.<\/strong><\/p>\n<div class=\"sp__SM\">\n<div class=\"content-new \">\n<span class=\"tit-mobile\">Mir\u00e1 tambi\u00e9n<\/span><\/p>\n<div class=\"mg\">\n<div class=\"wrap-figure\">\n<picture>\n<a href=\"https:\/\/www.ole.com.ar\/futbol-internacional\/america\/angel-romero-cruz-azul-mexico_0_40q2gmLJPv.html\" target=\"_self\" rel=\"noopener noreferrer\"><br \/>\n<img class=\"img-responsive\" alt=\"\u00c1ngel Romero conoci\u00f3 a sus compa\u00f1eros de Cruz Azul: &quot;Para lo que necesiten tienen un amigo&quot;\" src=\"http:\/\/hoycordobaweb.com\/wp-content\/uploads\/2022\/02\/el-desafio-de-battaglia-de-cara-al-debut-en-el-torneo-5.jpg\" loading=\"lazy\"><br \/>\n<\/a>\n<\/picture>\n<\/div>\n<\/div><\/div>\n<\/div>\n<h2><strong>Los goles del \u00faltimo amistoso de Boca (vs. Gimnasia)<\/strong><\/h2>\n<div class=\"sp__SM\">\n<div class=\"content-new \">\n<span class=\"tit-mobile\">Mir\u00e1 tambi\u00e9n<\/span><\/p>\n<div class=\"mg\">\n<div class=\"wrap-figure\">\n<picture>\n<a href=\"https:\/\/www.ole.com.ar\/boca-juniors\/cristian-pavon-roman-riquelme-boca_0_AXBC2MsFml.html\" target=\"_self\" rel=\"noopener noreferrer\"><br \/>\n<img class=\"img-responsive\" alt=\"La respuesta de Pav\u00f3n a Riquelme\" src=\"http:\/\/hoycordobaweb.com\/wp-content\/uploads\/2022\/02\/el-desafio-de-battaglia-de-cara-al-debut-en-el-torneo-6.jpg\" loading=\"lazy\"><br \/>\n<\/a>\n<\/picture>\n<\/div>\n<\/div><\/div>\n<\/div>\n<div class=\"sp__SM\">\n<div class=\"content-new \">\n<span class=\"tit-mobile\">Mir\u00e1 tambi\u00e9n<\/span><\/p>\n<div class=\"mg\">\n<div class=\"wrap-figure\">\n<picture>\n<a href=\"https:\/\/www.ole.com.ar\/boca-juniors\/boca-encuesta-riquelme-tevez_0_ZiO0EDg0ph.html\" target=\"_self\" rel=\"noopener noreferrer\"><br \/>\n<img class=\"img-responsive\" alt=\"La picante encuesta que lleg\u00f3 a socios de Boca sobre las elecciones\" src=\"http:\/\/hoycordobaweb.com\/wp-content\/uploads\/2022\/02\/el-desafio-de-battaglia-de-cara-al-debut-en-el-torneo-7.jpg\" loading=\"lazy\"><br \/>\n<\/a>\n<\/picture>\n<\/div>\n<\/div><\/div>\n<\/div>\n<div class=\"entry-tags\">\n<h2>TEMAS QUE APARECEN EN ESTA NOTA<\/h2>\n<\/p><\/div>\n","protected":false},"excerpt":{"rendered":"<p>Este domingo fue el \u00faltimo d\u00eda de descanso antes del inicio de la monta\u00f1a rusa que supone el inicio a\u00f1o de competencia para Boca. En efecto, este lunes arranca la semana antes del inicio de la Copa de la Liga Profesional, que ser\u00e1 el pr\u00f3ximo fin de semana ante Col\u00f3n en la Bombonera. Para Sebasti\u00e1n [&hellip;]<\/p>\n","protected":false},"author":1,"featured_media":36727,"comment_status":"open","ping_status":"closed","sticky":false,"template":"","format":"standard","meta":[],"categories":[16],"tags":[],"_links":{"self":[{"href":"http:\/\/hoycordobaweb.com\/index.php\/wp-json\/wp\/v2\/posts\/36726"}],"collection":[{"href":"http:\/\/hoycordobaweb.com\/index.php\/wp-json\/wp\/v2\/posts"}],"about":[{"href":"http:\/\/hoycordobaweb.com\/index.php\/wp-json\/wp\/v2\/types\/post"}],"author":[{"embeddable":true,"href":"http:\/\/hoycordobaweb.com\/index.php\/wp-json\/wp\/v2\/users\/1"}],"replies":[{"embeddable":true,"href":"http:\/\/hoycordobaweb.com\/index.php\/wp-json\/wp\/v2\/comments?post=36726"}],"version-history":[{"count":0,"href":"http:\/\/hoycordobaweb.com\/index.php\/wp-json\/wp\/v2\/posts\/36726\/revisions"}],"wp:featuredmedia":[{"embeddable":true,"href":"http:\/\/hoycordobaweb.com\/index.php\/wp-json\/wp\/v2\/media\/36727"}],"wp:attachment":[{"href":"http:\/\/hoycordobaweb.com\/index.php\/wp-json\/wp\/v2\/media?parent=36726"}],"wp:term":[{"taxonomy":"category","embeddable":true,"href":"http:\/\/hoycordobaweb.com\/index.php\/wp-json\/wp\/v2\/categories?post=36726"},{"taxonomy":"post_tag","embeddable":true,"href":"http:\/\/hoycordobaweb.com\/index.php\/wp-json\/wp\/v2\/tags?post=36726"}],"curies":[{"name":"wp","href":"https:\/\/api.w.org\/{rel}","templated":true}]}}