{"id":36720,"date":"2022-02-06T23:48:43","date_gmt":"2022-02-06T23:48:43","guid":{"rendered":"https:\/\/www.ole.com.ar\/futbol-ascenso\/diego-rivero-atlas_0_VhQqhzAcTr.html"},"modified":"2022-02-06T23:48:43","modified_gmt":"2022-02-06T23:48:43","slug":"burrito-rivero-la-vuelta-es-inesperada","status":"publish","type":"post","link":"http:\/\/hoycordobaweb.com\/index.php\/2022\/02\/06\/burrito-rivero-la-vuelta-es-inesperada\/","title":{"rendered":"Burrito Rivero: \u00abLa vuelta es inesperada\u00bb"},"content":{"rendered":"<p><img src=\"http:\/\/hoycordobaweb.com\/wp-content\/uploads\/2022\/02\/burrito-rivero-la-vuelta-es-inesperada.jpg\"><\/p>\n<div><img src=\"http:\/\/hoycordobaweb.com\/wp-content\/uploads\/2022\/02\/burrito-rivero-la-vuelta-es-inesperada.jpg\" class=\"ff-og-image-inserted\"><\/div>\n<p>A los 40 a\u00f1os, dej\u00f3 la comodidad de ver los partidos frente a la TV y decidi\u00f3 volver a ponerse los botines. Cuando parec\u00eda que deb\u00eda empezar a buscar otros rumbos, un llamado lo hizo saltar del sill\u00f3n y le pic\u00f3 el bichito de darse una oportunidad m\u00e1s dentro del f\u00fatbol. Despu\u00e9s de un a\u00f1o alejado de las canchas, Diego Rivero se sum\u00f3 en la pretemporada a Atlas y se prepara para lo que ser\u00e1 el inicio dentro de unos d\u00edas del torneo de la Primera C. Y avis\u00f3: \u201cS\u00e9 que me falta, pero la idea es que pueda estar en condiciones\u201d.<\/p>\n<p>Si bien dej\u00f3 en claro que no cuenta con la misma \u201cdin\u00e1mica\u201d que cuando era un pibe, el Burrito est\u00e1 con much\u00edsimas ganas de pisar otra vez un estadio y darle a la pelotita. \u201cLa idea principal es que me pueda retirar jugando\u201d, indic\u00f3 en el programa El AscensoX3, luego de que su salida de Chacarita, en enero de 2021, haya sido desprolija.<\/p>\n<p>\u201cLa vuelta es inesperada. Ya me hab\u00edan ido a buscar cuando rescind\u00ed en Chaca y les dije que no. Ahora volvieron a insistir, probamos y quedamos todos contentos. La verdad es que me siento bien, es una alegr\u00eda enorme\u201d, afirm\u00f3, al mismo tiempo que asegur\u00f3 que ir\u00e1n \u201cdespacio\u201d por la larga inactividad que lleva.<\/p>\n<p>El volante cuenta con una extensa carrera profesional. Surgido del Funebrero -en el que es el s\u00e9ptimo jugador con mayor cantidad de presencias-, obtuvo t\u00edtulos en sus pasos por San Lorenzo (Clausura 2007) y Boca (Apertura 2011 y Copa Argentina en el 2012).<\/p>\n<p>Hoy, ya con la cabeza puesta en el Marr\u00f3n, buscar\u00e1 el ascenso a la Primera B, categor\u00eda en la que nunca estuvo el humilde equipo de General Rodr\u00edguez. Pero eso no desalienta a Rivero. Para nada. \u201cEn estos 20 d\u00edas vi una evoluci\u00f3n en m\u00ed y espero ayudar a poner alto el nombre de Atlas\u201d, cerr\u00f3.<\/p>\n<p>Pura ilusi\u00f3n.<\/p>\n<div class=\"entry-tags\">\n<h2>TEMAS QUE APARECEN EN ESTA NOTA<\/h2>\n<\/p><\/div>\n","protected":false},"excerpt":{"rendered":"<p>A los 40 a\u00f1os, dej\u00f3 la comodidad de ver los partidos frente a la TV y decidi\u00f3 volver a ponerse los botines. Cuando parec\u00eda que deb\u00eda empezar a buscar otros rumbos, un llamado lo hizo saltar del sill\u00f3n y le pic\u00f3 el bichito de darse una oportunidad m\u00e1s dentro del f\u00fatbol. Despu\u00e9s de un a\u00f1o [&hellip;]<\/p>\n","protected":false},"author":1,"featured_media":36721,"comment_status":"open","ping_status":"closed","sticky":false,"template":"","format":"standard","meta":[],"categories":[16],"tags":[],"_links":{"self":[{"href":"http:\/\/hoycordobaweb.com\/index.php\/wp-json\/wp\/v2\/posts\/36720"}],"collection":[{"href":"http:\/\/hoycordobaweb.com\/index.php\/wp-json\/wp\/v2\/posts"}],"about":[{"href":"http:\/\/hoycordobaweb.com\/index.php\/wp-json\/wp\/v2\/types\/post"}],"author":[{"embeddable":true,"href":"http:\/\/hoycordobaweb.com\/index.php\/wp-json\/wp\/v2\/users\/1"}],"replies":[{"embeddable":true,"href":"http:\/\/hoycordobaweb.com\/index.php\/wp-json\/wp\/v2\/comments?post=36720"}],"version-history":[{"count":0,"href":"http:\/\/hoycordobaweb.com\/index.php\/wp-json\/wp\/v2\/posts\/36720\/revisions"}],"wp:featuredmedia":[{"embeddable":true,"href":"http:\/\/hoycordobaweb.com\/index.php\/wp-json\/wp\/v2\/media\/36721"}],"wp:attachment":[{"href":"http:\/\/hoycordobaweb.com\/index.php\/wp-json\/wp\/v2\/media?parent=36720"}],"wp:term":[{"taxonomy":"category","embeddable":true,"href":"http:\/\/hoycordobaweb.com\/index.php\/wp-json\/wp\/v2\/categories?post=36720"},{"taxonomy":"post_tag","embeddable":true,"href":"http:\/\/hoycordobaweb.com\/index.php\/wp-json\/wp\/v2\/tags?post=36720"}],"curies":[{"name":"wp","href":"https:\/\/api.w.org\/{rel}","templated":true}]}}