{"id":36668,"date":"2022-02-05T13:57:23","date_gmt":"2022-02-05T13:57:23","guid":{"rendered":"https:\/\/ladecimaweb.com\/?p=12574"},"modified":"2022-02-05T13:57:23","modified_gmt":"2022-02-05T13:57:23","slug":"tras-la-muerte-del-joven-en-alberdi-crean-la-unidad-ejecutora-de-riesgo-electrico","status":"publish","type":"post","link":"http:\/\/hoycordobaweb.com\/index.php\/2022\/02\/05\/tras-la-muerte-del-joven-en-alberdi-crean-la-unidad-ejecutora-de-riesgo-electrico\/","title":{"rendered":"Tras la muerte del joven en Alberdi, crean la Unidad Ejecutora de Riesgo El\u00e9ctrico"},"content":{"rendered":"<p>El intendente Mart\u00edn Llaryora recibi\u00f3 ayer a la responsable de la Fundaci\u00f3n Relevando Peligros, Sandra Meyer, al Decano de la facultad de Ciencias Exactas, F\u00edsicas y Naturales, Pablo Recabarren y al ingeniero Mec\u00e1nico Electricista, profesor de la Universidad Tecnol\u00f3gica Nacional, Miguel Piumetto.<\/p>\n<p>En el encuentro se acord\u00f3 la creaci\u00f3n de una Unidad Ejecutora de Riesgo El\u00e9ctrico que tendr\u00e1 por funci\u00f3n trabajar en <strong>la detecci\u00f3n temprana de riesgo el\u00e9ctrico en los espacios p\u00fablicos de la ciudad.<\/strong><\/p>\n<p>Estas medidas se toman luego de l<strong>a muerte de Luciano Aranda,<\/strong> el joven de 14 a\u00f1os que el pasado 25 de enero falleci\u00f3 al recibir la descarga el\u00e9ctrica de un poste de alumbrado p\u00fablico en una plaza ubicada en la intersecci\u00f3n de Ach\u00e1val Rodr\u00edguez e Ingeniero L\u00f3pez, de barrio Alto Alberdi. El caso conmocion\u00f3 a toda la sociedad y expuso los peligros que acechan a los ciudadanos en los espacios abiertos.<\/p>\n<p>En este marco el municipio tambi\u00e9n <a href=\"https:\/\/www.lavoz.com.ar\/ciudadanos\/ciudad-de-cordoba-el-municipio-apago-93-plazas-de-la-ciudad-por-riesgo-electrico\/\"><strong>resolvi\u00f3 apagar la luz de casi un centenar de plazas de la ciudad<\/strong> <\/a>cuyo alumbrado p\u00fablico presentaba irregularidades y situaci\u00f3n de riesgo.<\/p>\n<p>La Unidad Ejecutora de Gesti\u00f3n de Riesgo depender\u00e1 de la Direcci\u00f3n General de Defensa Civil, \u00e1rea que est\u00e1 bajo el ala de la secretar\u00eda de Gobierno. Esta mesa de trabajo tendr\u00e1 el acompa\u00f1amiento del ministerio de Servicios P\u00fablicos y la Empresa Provincial de Energ\u00eda de C\u00f3rdoba (EPEC).<\/p>\n<p>En el c\u00f3nclave, el municipio se comprometi\u00f3 a realizar una<strong> inversi\u00f3n de mil millones de pesos en la detecci\u00f3n temprana de riesgo,<\/strong> monto que alcanza a obras que ya est\u00e1n en ejecuci\u00f3n y otras que comenzar\u00e1n luego de los relevamientos.<\/p>\n<p>Finalmente, se informa que en los pr\u00f3ximos d\u00edas se licitar\u00e1n 1500 millones para la red semaf\u00f3rica centralizada de la ciudad, a la vez que se prev\u00e9n medidas en materia de carteler\u00eda.<\/p>\n<div class=\"ubm_banner\"><a href=\"https:\/\/www.cordobaturismo.gov.ar\/\" target=\"_blank\" rel=\"dofollow noopener noreferrer\"><img src=\"http:\/\/hoycordobaweb.com\/wp-content\/uploads\/2022\/02\/tras-la-muerte-del-joven-en-alberdi-crean-la-unidad-ejecutora-de-riesgo-electrico.gif\" alt=\"\"><\/a><\/div>\n<p>La entrada <a rel=\"nofollow\" href=\"https:\/\/ladecimaweb.com\/tras-la-muerte-del-joven-en-alberdi-crean-la-unidad-ejecutora-de-riesgo-electrico\/\">Tras la muerte del joven en Alberdi, crean la Unidad Ejecutora de Riesgo El\u00e9ctrico<\/a> se public\u00f3 primero en <a rel=\"nofollow\" href=\"https:\/\/ladecimaweb.com\">LaDecima<\/a>.<\/p>\n","protected":false},"excerpt":{"rendered":"<p>El intendente Mart\u00edn Llaryora recibi\u00f3 ayer a la responsable de la Fundaci\u00f3n Relevando Peligros, Sandra Meyer, al Decano de la facultad de Ciencias Exactas, F\u00edsicas y Naturales, Pablo Recabarren y al ingeniero Mec\u00e1nico Electricista, profesor de la Universidad Tecnol\u00f3gica Nacional, Miguel Piumetto. En el encuentro se acord\u00f3 la creaci\u00f3n de una Unidad Ejecutora de Riesgo [&hellip;]<\/p>\n","protected":false},"author":1,"featured_media":36669,"comment_status":"closed","ping_status":"closed","sticky":false,"template":"","format":"standard","meta":[],"categories":[19],"tags":[],"_links":{"self":[{"href":"http:\/\/hoycordobaweb.com\/index.php\/wp-json\/wp\/v2\/posts\/36668"}],"collection":[{"href":"http:\/\/hoycordobaweb.com\/index.php\/wp-json\/wp\/v2\/posts"}],"about":[{"href":"http:\/\/hoycordobaweb.com\/index.php\/wp-json\/wp\/v2\/types\/post"}],"author":[{"embeddable":true,"href":"http:\/\/hoycordobaweb.com\/index.php\/wp-json\/wp\/v2\/users\/1"}],"replies":[{"embeddable":true,"href":"http:\/\/hoycordobaweb.com\/index.php\/wp-json\/wp\/v2\/comments?post=36668"}],"version-history":[{"count":0,"href":"http:\/\/hoycordobaweb.com\/index.php\/wp-json\/wp\/v2\/posts\/36668\/revisions"}],"wp:featuredmedia":[{"embeddable":true,"href":"http:\/\/hoycordobaweb.com\/index.php\/wp-json\/wp\/v2\/media\/36669"}],"wp:attachment":[{"href":"http:\/\/hoycordobaweb.com\/index.php\/wp-json\/wp\/v2\/media?parent=36668"}],"wp:term":[{"taxonomy":"category","embeddable":true,"href":"http:\/\/hoycordobaweb.com\/index.php\/wp-json\/wp\/v2\/categories?post=36668"},{"taxonomy":"post_tag","embeddable":true,"href":"http:\/\/hoycordobaweb.com\/index.php\/wp-json\/wp\/v2\/tags?post=36668"}],"curies":[{"name":"wp","href":"https:\/\/api.w.org\/{rel}","templated":true}]}}