{"id":36648,"date":"2022-02-04T23:41:00","date_gmt":"2022-02-04T23:41:00","guid":{"rendered":"http:\/\/hoycordobaweb.com\/index.php\/2022\/02\/04\/el-voto-erroneo-de-un-diputado-sobre-la-reforma-laboral-causa-un-roce-politico-en-espana\/"},"modified":"2022-02-04T23:41:00","modified_gmt":"2022-02-04T23:41:00","slug":"el-voto-erroneo-de-un-diputado-sobre-la-reforma-laboral-causa-un-roce-politico-en-espana","status":"publish","type":"post","link":"http:\/\/hoycordobaweb.com\/index.php\/2022\/02\/04\/el-voto-erroneo-de-un-diputado-sobre-la-reforma-laboral-causa-un-roce-politico-en-espana\/","title":{"rendered":"El voto err\u00f3neo de un diputado sobre la reforma laboral causa un roce pol\u00edtico en Espa\u00f1a"},"content":{"rendered":"<p><img src=\"http:\/\/hoycordobaweb.com\/wp-content\/uploads\/2022\/02\/el-voto-erroneo-de-un-diputado-sobre-la-reforma-laboral-causa-un-roce-politico-en-espana.jpg\"><\/p>\n<figure class=\"mb-3\"><img loading=\"lazy\" src=\"http:\/\/hoycordobaweb.com\/wp-content\/uploads\/2022\/02\/el-voto-erroneo-de-un-diputado-sobre-la-reforma-laboral-causa-un-roce-politico-en-espana-2.jpg\" width=\"100%\" height=\"100%\" alt=\"Diputado Espaol Alberto Casero Vot varias veces de manera distinta y su voto no fue contabilizado Foto TWAlbertoCasero\"><figcaption> Diputado Espa\u00f1ol Alberto Casero. Vot\u00f3 varias veces de manera distinta y su voto no fue contabilizado. Foto TW@AlbertoCasero <\/figcaption><\/figure>\n<p>La oposici\u00f3n espa\u00f1ola denunci\u00f3 un abuso y amenaz\u00f3 con ir a la Justicia por el error en el voto de un diputado conservador hasta ahora desconocido que sirvi\u00f3 para que el Gobierno de izquierda aprobase su proyecto de reforma laboral.<\/p>\n<p>El Partido Popular (PP) tild\u00f3 el viernes en Twitter de \u00abcacicada\u00bb la decisi\u00f3n de no contabilizar el voto telem\u00e1tico del diputado Alberto Casero como negativo, lo que permiti\u00f3 que la reforma del mercado de trabajo se aprobase ayer con 175 votos a favor y 174 en contra.<\/p>\n<p>Casero, que estaba enfermo y por ello solicit\u00f3 no estar presente en la sesi\u00f3n, insisti\u00f3, en un escrito remitido a la presidencia del Congreso y reproducido por el diario El Pa\u00eds, que vot\u00f3 \u00abno\u00bb, pero que \u00abel certificado emitido por la C\u00e1mara aparec\u00eda como que mi voto era &#8216;s\u00ed'\u00bb.<\/p>\n<p>Por ello acudi\u00f3 en persona a la sesi\u00f3n para denunciar el error y pedir votar en persona, pero sin \u00e9xito.<\/p>\n<blockquote class=\"twitter-tweet\" readability=\"4.6736842105263\">\n<p lang=\"es\" dir=\"ltr\">Cacicada en el Congreso . Aprueban la reforma laboral con trampas . Esto no es Cuba ni Venezuela!!! <a href=\"https:\/\/t.co\/TuhNr883JB\">pic.twitter.com\/TuhNr883JB<\/a><\/p>\n<p>\u2014 Victor P\u00edriz Maya \ud83c\uddea\ud83c\uddf8 (@vicpiriz1975) <a href=\"https:\/\/twitter.com\/vicpiriz1975\/status\/1489297113402023940?ref_src=twsrc%5Etfw\">February 3, 2022<\/a><\/p><\/blockquote>\n<p>Sin embargo, el diario El Peri\u00f3dico inform\u00f3 que durante la sesi\u00f3n Casero vot\u00f3 hasta tres veces de modo diferente a lo que exig\u00eda su partido.<\/p>\n<p>No fue el \u00fanico hecho llamativo de una sesi\u00f3n empantanada que cont\u00f3 tambi\u00e9n con la \u00abtraici\u00f3n\u00bb aparente de dos diputados regionalistas navarros que votaron contra la reforma, recogi\u00f3 la agencia de noticias AFP.<\/p>\n<p>Adem\u00e1s, la presidenta del Congreso, la socialista Meritxell Batet, se equivoc\u00f3 al anunciar la derrota del decreto ley, propiciando escenas de alborozo entre la oposici\u00f3n que se trasladaron a la bancada del Gobierno en cuanto rectific\u00f3.<\/p>\n<p>Casero, un diputado de 43 a\u00f1os, licenciado en Derecho, fue alcalde de la localidad extreme\u00f1a de Trujillo y pas\u00f3 de desconocido del gran p\u00fablico a blanco de burlas en las redes sociales, donde se lo encumbraba ir\u00f3nicamente como nuevo h\u00e9roe de la izquierda.<\/p>\n<p>El PP pas\u00f3 de secundar ayer la tesis del error inform\u00e1tico a afirmar el viernes que en cualquier caso deber\u00eda haberse permitido enmendar lo que era un evidente error.<\/p>\n<p>\u00abLa presidenta del Congreso fue informada antes del inicio de la votaci\u00f3n de que un diputado quer\u00eda ejercer su derecho, su voluntad de voto, presencialmente, porque hab\u00eda habido un problema con el sistema de voto telem\u00e1tico\u00bb, explic\u00f3 el l\u00edder del PP, Pablo Casado, en una declaraci\u00f3n.<\/p>\n<p>\u00abEl reglamento del Congreso dice claramente que la Mesa\u00bb, el \u00f3rgano rector del Parlamento, \u00abse tiene que reunir para decidir que ocurre en esa situaci\u00f3n que otras veces se ha resuelto anulando ya el voto emitido\u00bb, y eso no ocurri\u00f3, aleg\u00f3 Casado.<\/p>\n<p>\u00abEsta es una sobreactuaci\u00f3n del PP\u00bb, replic\u00f3 en conferencia de prensa la diputada socialista y vicesecretaria general del PSOE Adriana Lastra, aconsejando a los conservadores \u00abque ense\u00f1en a sus diputados a votar telem\u00e1ticamente\u00bb. <\/p>\n","protected":false},"excerpt":{"rendered":"<p>Diputado Espa\u00f1ol Alberto Casero. Vot\u00f3 varias veces de manera distinta y su voto no fue contabilizado. Foto TW@AlbertoCasero La oposici\u00f3n espa\u00f1ola denunci\u00f3 un abuso y amenaz\u00f3 con ir a la Justicia por el error en el voto de un diputado conservador hasta ahora desconocido que sirvi\u00f3 para que el Gobierno de izquierda aprobase su proyecto [&hellip;]<\/p>\n","protected":false},"author":1,"featured_media":36649,"comment_status":"open","ping_status":"closed","sticky":false,"template":"","format":"standard","meta":[],"categories":[19],"tags":[],"_links":{"self":[{"href":"http:\/\/hoycordobaweb.com\/index.php\/wp-json\/wp\/v2\/posts\/36648"}],"collection":[{"href":"http:\/\/hoycordobaweb.com\/index.php\/wp-json\/wp\/v2\/posts"}],"about":[{"href":"http:\/\/hoycordobaweb.com\/index.php\/wp-json\/wp\/v2\/types\/post"}],"author":[{"embeddable":true,"href":"http:\/\/hoycordobaweb.com\/index.php\/wp-json\/wp\/v2\/users\/1"}],"replies":[{"embeddable":true,"href":"http:\/\/hoycordobaweb.com\/index.php\/wp-json\/wp\/v2\/comments?post=36648"}],"version-history":[{"count":0,"href":"http:\/\/hoycordobaweb.com\/index.php\/wp-json\/wp\/v2\/posts\/36648\/revisions"}],"wp:featuredmedia":[{"embeddable":true,"href":"http:\/\/hoycordobaweb.com\/index.php\/wp-json\/wp\/v2\/media\/36649"}],"wp:attachment":[{"href":"http:\/\/hoycordobaweb.com\/index.php\/wp-json\/wp\/v2\/media?parent=36648"}],"wp:term":[{"taxonomy":"category","embeddable":true,"href":"http:\/\/hoycordobaweb.com\/index.php\/wp-json\/wp\/v2\/categories?post=36648"},{"taxonomy":"post_tag","embeddable":true,"href":"http:\/\/hoycordobaweb.com\/index.php\/wp-json\/wp\/v2\/tags?post=36648"}],"curies":[{"name":"wp","href":"https:\/\/api.w.org\/{rel}","templated":true}]}}