{"id":36646,"date":"2022-02-04T23:42:00","date_gmt":"2022-02-04T23:42:00","guid":{"rendered":"http:\/\/hoycordobaweb.com\/index.php\/2022\/02\/04\/se-realizo-la-licitacion-para-una-nueva-terminal-de-omnibus-con-fondos-nacionales\/"},"modified":"2022-02-04T23:42:00","modified_gmt":"2022-02-04T23:42:00","slug":"se-realizo-la-licitacion-para-una-nueva-terminal-de-omnibus-con-fondos-nacionales","status":"publish","type":"post","link":"http:\/\/hoycordobaweb.com\/index.php\/2022\/02\/04\/se-realizo-la-licitacion-para-una-nueva-terminal-de-omnibus-con-fondos-nacionales\/","title":{"rendered":"Se realiz\u00f3 la licitaci\u00f3n para una nueva terminal de \u00f3mnibus con fondos nacionales"},"content":{"rendered":"<p><img src=\"http:\/\/hoycordobaweb.com\/wp-content\/uploads\/2022\/02\/se-realizo-la-licitacion-para-una-nueva-terminal-de-omnibus-con-fondos-nacionales.jpg\"><\/p>\n<figure class=\"mb-3\"><img loading=\"lazy\" src=\"http:\/\/hoycordobaweb.com\/wp-content\/uploads\/2022\/02\/se-realizo-la-licitacion-para-una-nueva-terminal-de-omnibus-con-fondos-nacionales-2.jpg\" width=\"100%\" height=\"100%\" alt=\"El trabajo tendr un plazo de ejecucin de 18 meses y dar empleo a ms de 130 obreros de la construccin Foto Marcelo Ochoa\"><figcaption> El trabajo tendr\u00e1 un plazo de ejecuci\u00f3n de 18 meses y dar\u00e1 empleo a m\u00e1s de 130 obreros de la construcci\u00f3n (Foto Marcelo Ochoa). <\/figcaption><\/figure>\n<p>El municipio de Viedma realiz\u00f3 este viernes la licitaci\u00f3n p\u00fablica para la construcci\u00f3n de la nueva Terminal de \u00d3mnibus de pasajeros en la ciudad, con un presupuesto de <strong>$431 millones que ser\u00e1 financiado con fondos del Estado nacional.<\/strong><\/p>\n<p>La obra fue anunciada el a\u00f1o pasado por el fallecido ministro de Transporte de la Naci\u00f3n, Mario Meoni, y esta nueva terminal de \u00f3mnibus ser\u00e1 construida en el predio de la actual, y la cuadruplicar\u00e1 en dimensi\u00f3n, seg\u00fan se explic\u00f3 en el acto que fue presidido por el intendente local, Pedro Pesatti.<\/p>\n<blockquote class=\"twitter-tweet\" readability=\"7.9106628242075\">\n<p lang=\"es\" dir=\"ltr\">Viedma tendr\u00e1 nueva terminal de \u00f3mnibus \ud83d\ude8f<\/p>\n<p>Se realiz\u00f3 la apertura de sobres de la licitaci\u00f3n p\u00fablica con las ofertas econ\u00f3micas para su construcci\u00f3n. Una obra muy esperada por la comunidad y muy importante para las y los turistas que llegan a la ciudad capital. <a href=\"https:\/\/t.co\/RSU1GOZSQX\">pic.twitter.com\/RSU1GOZSQX<\/a><\/p>\n<p>\u2014 Martha V\u00e9lez (@marthavelezrn) <a href=\"https:\/\/twitter.com\/marthavelezrn\/status\/1489738887484227584?ref_src=twsrc%5Etfw\">February 4, 2022<\/a><\/p><\/blockquote>\n<p>\u00abNosotros ten\u00edamos la idea de construir la terminal fuera del \u00e1rea urbana, sobre la ruta Nacional 3, pero despu\u00e9s de pensar y repensar, nos pareci\u00f3 que lo mejor era sostener el espacio actual, porque est\u00e1 en el centro geogr\u00e1fico y equidistante de los barrios\u00bb, indic\u00f3 el jefe comunal.<\/p>\n<p>Seg\u00fan adelant\u00f3 Pesatti, los trabajos tendr\u00e1n un <strong>plazo de ejecuci\u00f3n de 18 meses, y dar\u00e1 empleo a m\u00e1s de 130 obreros <\/strong>de la construcci\u00f3n.<\/p>\n<figure class=\"mb-3\"><img loading=\"lazy\" src=\"http:\/\/hoycordobaweb.com\/wp-content\/uploads\/2022\/02\/se-realizo-la-licitacion-para-una-nueva-terminal-de-omnibus-con-fondos-nacionales-3.jpg\" width=\"100%\" height=\"100%\" alt=\"Foto Marcelo Ochoa\"><figcaption> (Foto Marcelo Ochoa) <\/figcaption><\/figure>\n<p>\u201cCon el Plan Argentina II construimos la primera etapa y unimos la avenida Per\u00f3n con doble v\u00eda desde su inicio hasta la actual terminal\u00bb, explic\u00f3.<\/p>\n<p>Pesatti extendi\u00f3 el agradecimiento a su equipo de trabajo al destacar que <strong>\u201ceste proyecto es cien por ciento de viedmenses\u00bb<\/strong>, y resalt\u00f3 el acompa\u00f1amiento del Gobierno nacional \u201cdesde el fallecido ex ministro de Transporte Mario Meoni, su sucesor Alexis Guerrera, y todo el equipo de la cartera nacional\u201d.<\/p>\n<p>Acompa\u00f1aron al intendente integrantes de su gabinete, la <strong>presidenta del Concejo Deliberante Maricel C\u00e9voli, la ministra de Turismo y Deportes de R\u00edo Negro Martha V\u00e9lez<\/strong>, funcionaros y legisladores provinciales, miembros de los organismos de control, y referentes vecinales, entre otros.<\/p>\n<blockquote class=\"twitter-tweet\" readability=\"4.5442176870748\">\n<p lang=\"es\" dir=\"ltr\">Su ubicaci\u00f3n cobra sentido a partir de la puesta en valor de la avenida Per\u00f3n, con la construcci\u00f3n de los nuevos carriles.<a href=\"https:\/\/twitter.com\/hashtag\/RioNegroEpico?src=hash&amp;ref_src=twsrc%5Etfw\">#RioNegroEpico<\/a> <a href=\"https:\/\/twitter.com\/hashtag\/verano2022?src=hash&amp;ref_src=twsrc%5Etfw\">#verano2022<\/a> <a href=\"https:\/\/twitter.com\/hashtag\/Viedma?src=hash&amp;ref_src=twsrc%5Etfw\">#Viedma<\/a> <a href=\"https:\/\/twitter.com\/hashtag\/transporte?src=hash&amp;ref_src=twsrc%5Etfw\">#transporte<\/a><a href=\"https:\/\/twitter.com\/ArabelaCarreras?ref_src=twsrc%5Etfw\">@ArabelaCarreras<\/a> <a href=\"https:\/\/twitter.com\/pedropesatti?ref_src=twsrc%5Etfw\">@pedropesatti<\/a> <a href=\"https:\/\/twitter.com\/RioNegroTurismo?ref_src=twsrc%5Etfw\">@RioNegroTurismo<\/a> <a href=\"https:\/\/twitter.com\/rionegrogob?ref_src=twsrc%5Etfw\">@rionegrogob<\/a> <a href=\"https:\/\/twitter.com\/MuniViedma?ref_src=twsrc%5Etfw\">@MuniViedma<\/a><\/p>\n<p>\u2014 Martha V\u00e9lez (@marthavelezrn) <a href=\"https:\/\/twitter.com\/marthavelezrn\/status\/1489739919547244550?ref_src=twsrc%5Etfw\">February 4, 2022<\/a><\/p><\/blockquote>\n","protected":false},"excerpt":{"rendered":"<p>El trabajo tendr\u00e1 un plazo de ejecuci\u00f3n de 18 meses y dar\u00e1 empleo a m\u00e1s de 130 obreros de la construcci\u00f3n (Foto Marcelo Ochoa). El municipio de Viedma realiz\u00f3 este viernes la licitaci\u00f3n p\u00fablica para la construcci\u00f3n de la nueva Terminal de \u00d3mnibus de pasajeros en la ciudad, con un presupuesto de $431 millones que [&hellip;]<\/p>\n","protected":false},"author":1,"featured_media":36647,"comment_status":"open","ping_status":"closed","sticky":false,"template":"","format":"standard","meta":[],"categories":[19],"tags":[],"_links":{"self":[{"href":"http:\/\/hoycordobaweb.com\/index.php\/wp-json\/wp\/v2\/posts\/36646"}],"collection":[{"href":"http:\/\/hoycordobaweb.com\/index.php\/wp-json\/wp\/v2\/posts"}],"about":[{"href":"http:\/\/hoycordobaweb.com\/index.php\/wp-json\/wp\/v2\/types\/post"}],"author":[{"embeddable":true,"href":"http:\/\/hoycordobaweb.com\/index.php\/wp-json\/wp\/v2\/users\/1"}],"replies":[{"embeddable":true,"href":"http:\/\/hoycordobaweb.com\/index.php\/wp-json\/wp\/v2\/comments?post=36646"}],"version-history":[{"count":0,"href":"http:\/\/hoycordobaweb.com\/index.php\/wp-json\/wp\/v2\/posts\/36646\/revisions"}],"wp:featuredmedia":[{"embeddable":true,"href":"http:\/\/hoycordobaweb.com\/index.php\/wp-json\/wp\/v2\/media\/36647"}],"wp:attachment":[{"href":"http:\/\/hoycordobaweb.com\/index.php\/wp-json\/wp\/v2\/media?parent=36646"}],"wp:term":[{"taxonomy":"category","embeddable":true,"href":"http:\/\/hoycordobaweb.com\/index.php\/wp-json\/wp\/v2\/categories?post=36646"},{"taxonomy":"post_tag","embeddable":true,"href":"http:\/\/hoycordobaweb.com\/index.php\/wp-json\/wp\/v2\/tags?post=36646"}],"curies":[{"name":"wp","href":"https:\/\/api.w.org\/{rel}","templated":true}]}}