{"id":36644,"date":"2022-02-04T19:30:30","date_gmt":"2022-02-04T19:30:30","guid":{"rendered":"https:\/\/www.trendencias.com\/belleza\/que-mechas-bronde-a-que-tipo-cabellos-favorecen"},"modified":"2022-02-04T19:30:30","modified_gmt":"2022-02-04T19:30:30","slug":"que-son-las-mechas-bronde-y-a-que-tipo-de-cabellos-favorecen","status":"publish","type":"post","link":"http:\/\/hoycordobaweb.com\/index.php\/2022\/02\/04\/que-son-las-mechas-bronde-y-a-que-tipo-de-cabellos-favorecen\/","title":{"rendered":"Qu\u00e9 son las mechas bronde y a qu\u00e9 tipo de cabellos favorecen"},"content":{"rendered":"<p>Probablemente, <a href=\"https:\/\/www.trendencias.com\/belleza\/las-celebrities-se-apuntan-al-bronde-el-color-de-pelo-mas-buscado\">las mechas bronde sean las mechas que m\u00e1s se demandan en nuestro pa\u00eds<\/a>, principalmente porque la gran mayor\u00eda tiene el cabello casta\u00f1o, y justo estas mechas <strong>son las ideales para quienes tienen la base m\u00e1s oscura y busquen que su cabello se vea m\u00e1s luminoso<\/strong>, y a la vez algunos tonos m\u00e1s claros pero sin comprometerse demasiado. Y encima, las facciones se suavizan incre\u00edblemente.<\/p>\n<p><!-- BREAK 1 --><\/p>\n<div class=\"article-asset article-asset-normal article-asset-center\">\n<div class=\"desvio-container\">\n<div class=\"desvio\">\n<div class=\"desvio-figure js-desvio-figure\"> <a href=\"https:\/\/www.trendencias.com\/belleza\/pelo-rubio-mechas-n-fotos-inspiracion\"> <img alt=\"Pelo rubio con mechas: siete fotos de inspiraci\u00f3n para que encuentres las que mejor se adaptan a tu estilo\" src=\"http:\/\/hoycordobaweb.com\/wp-content\/uploads\/2022\/02\/que-son-las-mechas-bronde-y-a-que-tipo-de-cabellos-favorecen.jpg\"> <\/a> <\/div><\/div><\/div>\n<\/div>\n<div class=\"article-asset-image article-asset-normal article-asset-center\">\n<div class=\"asset-content\">\n<div class=\"base-wrapper-image\"> <img class=\"sf-lazy centro_sinmarco\" data-sf-srcset=\"http:\/\/hoycordobaweb.com\/wp-content\/uploads\/2022\/02\/que-son-las-mechas-bronde-y-a-que-tipo-de-cabellos-favorecen-1.jpg 450w, http:\/\/hoycordobaweb.com\/wp-content\/uploads\/2022\/02\/que-son-las-mechas-bronde-y-a-que-tipo-de-cabellos-favorecen-9.jpg 681w,http:\/\/hoycordobaweb.com\/wp-content\/uploads\/2022\/02\/que-son-las-mechas-bronde-y-a-que-tipo-de-cabellos-favorecen-10.jpg 1024w, http:\/\/hoycordobaweb.com\/wp-content\/uploads\/2022\/02\/que-son-las-mechas-bronde-y-a-que-tipo-de-cabellos-favorecen-11.jpg 1366w,\" data-sf-src=\"http:\/\/hoycordobaweb.com\/wp-content\/uploads\/2022\/02\/que-son-las-mechas-bronde-y-a-que-tipo-de-cabellos-favorecen-1.jpg\" alt=\"pelo\"> <noscript><img alt=\"pelo\" class=\"centro_sinmarco\" src=\"http:\/\/hoycordobaweb.com\/wp-content\/uploads\/2022\/02\/que-son-las-mechas-bronde-y-a-que-tipo-de-cabellos-favorecen-1.jpg\"><\/noscript> <\/div><\/div>\n<\/div>\n<p><strong>El tono bronde no es ni rubio ni casta\u00f1o<\/strong>, es una mezcla de ambos, de ah\u00ed su nombre que viene de la uni\u00f3n de (Brown+Blonde), <strong>y los tonos que se consiguen con esta uni\u00f3n son los tonos caramelo, miel o arena<\/strong>, aunque seg\u00fan la base pueden ir variando en intensidades. Adem\u00e1s, en una misma melena se pueden utilizar diferentes tonos para conseguir mayor dimensi\u00f3n y un sutil contraste muy enriquecedor y bonito.<\/p>\n<p><!-- BREAK 2 --> <\/p>\n<div class=\"article-asset-image article-asset-normal article-asset-center\">\n<div class=\"asset-content\">\n<div class=\"base-wrapper-image\"> <img class=\"sf-lazy centro_sinmarco\" data-sf-srcset=\"http:\/\/hoycordobaweb.com\/wp-content\/uploads\/2022\/02\/que-son-las-mechas-bronde-y-a-que-tipo-de-cabellos-favorecen-2.jpg 450w, http:\/\/hoycordobaweb.com\/wp-content\/uploads\/2022\/02\/que-son-las-mechas-bronde-y-a-que-tipo-de-cabellos-favorecen-12.jpg 681w,http:\/\/hoycordobaweb.com\/wp-content\/uploads\/2022\/02\/que-son-las-mechas-bronde-y-a-que-tipo-de-cabellos-favorecen-13.jpg 1024w, http:\/\/hoycordobaweb.com\/wp-content\/uploads\/2022\/02\/que-son-las-mechas-bronde-y-a-que-tipo-de-cabellos-favorecen-14.jpg 1366w,\" data-sf-src=\"http:\/\/hoycordobaweb.com\/wp-content\/uploads\/2022\/02\/que-son-las-mechas-bronde-y-a-que-tipo-de-cabellos-favorecen-2.jpg\" alt=\"Dl U497201 011\"> <noscript><img alt=\"Dl U497201 011\" class=\"centro_sinmarco\" src=\"http:\/\/hoycordobaweb.com\/wp-content\/uploads\/2022\/02\/que-son-las-mechas-bronde-y-a-que-tipo-de-cabellos-favorecen-2.jpg\"><\/noscript> <\/div><\/div>\n<\/div>\n<p>En cuanto a las melenas que m\u00e1s les favorecen las mechas bronde, son todas aquellas que tienen una base oscura, ya sea <strong>un intenso chocolate, casta\u00f1os de todos los tonos e incluso rubios oscuros<\/strong> que busquen revivir su melena.<\/p>\n<p><!-- BREAK 3 --><\/p>\n<div class=\"article-asset article-asset-normal article-asset-center\">\n<div class=\"desvio-container\">\n<div class=\"desvio\">\n<div class=\"desvio-figure js-desvio-figure\"> <a href=\"https:\/\/www.trendencias.com\/belleza\/tintes-calidos-rogue-hair-mechas-reflejos-sutiles-11-tendencias-coloracion-pelo-que-triunfaran-2021-expertos\"> <img alt=\"Tintes c\u00e1lidos, 'rogue hair', mechas o reflejos sutiles...: 11 tendencias en coloraci\u00f3n de pelo que triunfar\u00e1n en 2021, seg\u00fan los expertos\" src=\"http:\/\/hoycordobaweb.com\/wp-content\/uploads\/2022\/02\/que-son-las-mechas-bronde-y-a-que-tipo-de-cabellos-favorecen-3.jpg\"> <\/a> <\/div><\/div><\/div>\n<\/div>\n<div class=\"article-asset-image article-asset-normal article-asset-center\">\n<div class=\"asset-content\">\n<div class=\"base-wrapper-image\"> <img class=\"sf-lazy centro_sinmarco\" data-sf-srcset=\"http:\/\/hoycordobaweb.com\/wp-content\/uploads\/2022\/02\/que-son-las-mechas-bronde-y-a-que-tipo-de-cabellos-favorecen-4.jpg 450w, http:\/\/hoycordobaweb.com\/wp-content\/uploads\/2022\/02\/que-son-las-mechas-bronde-y-a-que-tipo-de-cabellos-favorecen-15.jpg 681w,http:\/\/hoycordobaweb.com\/wp-content\/uploads\/2022\/02\/que-son-las-mechas-bronde-y-a-que-tipo-de-cabellos-favorecen-16.jpg 1024w, http:\/\/hoycordobaweb.com\/wp-content\/uploads\/2022\/02\/que-son-las-mechas-bronde-y-a-que-tipo-de-cabellos-favorecen-17.jpg 1366w,\" data-sf-src=\"http:\/\/hoycordobaweb.com\/wp-content\/uploads\/2022\/02\/que-son-las-mechas-bronde-y-a-que-tipo-de-cabellos-favorecen-4.jpg\" alt=\"bronde\"> <noscript><img alt=\"bronde\" class=\"centro_sinmarco\" src=\"http:\/\/hoycordobaweb.com\/wp-content\/uploads\/2022\/02\/que-son-las-mechas-bronde-y-a-que-tipo-de-cabellos-favorecen-4.jpg\"><\/noscript> <\/div><\/div>\n<\/div>\n<p>Por ello, hay que tener en cuenta la base natural para elegir adecudamente los tonos que m\u00e1s favorecen, <strong>y se suele jugar con dos o tres tonos menos que la propia base<\/strong>, y casi siempre en acabados c\u00e1lidos. As\u00ed el resultado se integrar\u00e1 mucho mecho mejor y se ver\u00e1, no solo m\u00e1s natural, <a href=\"https:\/\/www.trendencias.com\/belleza\/siete-productos-pelo-que-aceleran-potencian-mechas-naturales-que-hace-sol-estropearlo\">sino con ese precioso efecto soleado que tanta luz consigue reflejar<\/a>.<\/p>\n<p><!-- BREAK 4 --><\/p>\n<div class=\"article-asset-image article-asset-normal article-asset-center\">\n<div class=\"asset-content\">\n<div class=\"base-wrapper-image\"> <img class=\"sf-lazy centro_sinmarco\" data-sf-srcset=\"http:\/\/hoycordobaweb.com\/wp-content\/uploads\/2022\/02\/que-son-las-mechas-bronde-y-a-que-tipo-de-cabellos-favorecen-5.jpg 450w, http:\/\/hoycordobaweb.com\/wp-content\/uploads\/2022\/02\/que-son-las-mechas-bronde-y-a-que-tipo-de-cabellos-favorecen-18.jpg 681w,http:\/\/hoycordobaweb.com\/wp-content\/uploads\/2022\/02\/que-son-las-mechas-bronde-y-a-que-tipo-de-cabellos-favorecen-19.jpg 1024w, http:\/\/hoycordobaweb.com\/wp-content\/uploads\/2022\/02\/que-son-las-mechas-bronde-y-a-que-tipo-de-cabellos-favorecen-20.jpg 1366w,\" data-sf-src=\"http:\/\/hoycordobaweb.com\/wp-content\/uploads\/2022\/02\/que-son-las-mechas-bronde-y-a-que-tipo-de-cabellos-favorecen-5.jpg\" alt=\"ohnnyramirez\"> <noscript><img alt=\"ohnnyramirez\" class=\"centro_sinmarco\" src=\"http:\/\/hoycordobaweb.com\/wp-content\/uploads\/2022\/02\/que-son-las-mechas-bronde-y-a-que-tipo-de-cabellos-favorecen-5.jpg\"><\/noscript> <\/div><\/div>\n<\/div>\n<p>Por otro lado, tambi\u00e9n es muy importante la t\u00e9cnica empleada para realizar estas mechas, <strong>y la que m\u00e1s se utiliza es la balayage (barrido)<\/strong>, que es una t\u00e9cnica con la que consigue <a href=\"https:\/\/www.trendencias.com\/belleza\/probamos-las-mechas-balayage-sacales-todo-el-partido-con-estas-14-ideas\">una degradaci\u00f3n de las mechas muy bonita<\/a>, logrando resultados mucho m\u00e1s naturales y sin crear demasiado contraste con la ra\u00edz, ya que el tinte se aplica a unos cent\u00edmetros de la misma y <strong>se van aclarando los mechones de forma sutil hasta las puntas<\/strong>, lo que permite que no haya tanto contraste entre el nuevo cabello y las mechas, as\u00ed que es una t\u00e9cnica estupenda para poder espaciar las visitas a la peluquer\u00eda.<\/p>\n<p><!-- BREAK 5 --><\/p>\n<div class=\"article-asset article-asset-normal article-asset-center\">\n<div class=\"desvio-container\">\n<div class=\"desvio\">\n<div class=\"desvio-figure js-desvio-figure\"> <a href=\"https:\/\/www.trendencias.com\/belleza\/pelo-castano-claro-mechas-rubias-11-looks-inspiracion\"> <img alt=\"Pelo casta\u00f1o claro con mechas rubias: 11 looks de inspiraci\u00f3n\" src=\"http:\/\/hoycordobaweb.com\/wp-content\/uploads\/2022\/02\/que-son-las-mechas-bronde-y-a-que-tipo-de-cabellos-favorecen-6.jpg\"> <\/a> <\/div><\/div><\/div>\n<\/div>\n<div class=\"article-asset-image article-asset-normal article-asset-center\">\n<div class=\"asset-content\">\n<div class=\"base-wrapper-image\"> <img class=\"sf-lazy centro_sinmarco\" data-sf-srcset=\"http:\/\/hoycordobaweb.com\/wp-content\/uploads\/2022\/02\/que-son-las-mechas-bronde-y-a-que-tipo-de-cabellos-favorecen-7.jpg 450w, http:\/\/hoycordobaweb.com\/wp-content\/uploads\/2022\/02\/que-son-las-mechas-bronde-y-a-que-tipo-de-cabellos-favorecen-21.jpg 681w,http:\/\/hoycordobaweb.com\/wp-content\/uploads\/2022\/02\/que-son-las-mechas-bronde-y-a-que-tipo-de-cabellos-favorecen-22.jpg 1024w, http:\/\/hoycordobaweb.com\/wp-content\/uploads\/2022\/02\/que-son-las-mechas-bronde-y-a-que-tipo-de-cabellos-favorecen-23.jpg 1366w,\" data-sf-src=\"http:\/\/hoycordobaweb.com\/wp-content\/uploads\/2022\/02\/que-son-las-mechas-bronde-y-a-que-tipo-de-cabellos-favorecen-7.jpg\" alt=\"jandrewsernahair\"> <noscript><img alt=\"jandrewsernahair\" class=\"centro_sinmarco\" src=\"http:\/\/hoycordobaweb.com\/wp-content\/uploads\/2022\/02\/que-son-las-mechas-bronde-y-a-que-tipo-de-cabellos-favorecen-7.jpg\"><\/noscript> <\/div><\/div>\n<\/div>\n<p>Y si hay un peinado que nos encanta para lucir las mechas bronde<a href=\"https:\/\/www.trendencias.com\/belleza\/melenas-onduladas-se-vuelven-a-imponer-celebrities\"> esas son las ondas<\/a>, <strong>porque con el cabello ondulado las mechas logran mayor dimensi\u00f3n<\/strong>, aportan densidad al cabello y la luz se refleja de una forma m\u00e1s bonita. As\u00ed que, podemos decir que el resultado final es el de una melena muy atractiva y sensual.<\/p>\n<p><!-- BREAK 6 --><\/p>\n<p>Fotos |Gtres, <a href=\"https:\/\/www.instagram.com\/haileybieber\/\">@haileybieber<\/a>, <a href=\"https:\/\/www.instagram.com\/jandrewsernahair\/\">@jandrewsernahair<\/a>, <a href=\"https:\/\/www.instagram.com\/johnnyramirez\/?hl=es\">@johnnyramirez<\/a><\/p>\n<p><!-- BREAK 7 --><\/p>\n<p>V\u00eddeo | ghd<\/p>\n","protected":false},"excerpt":{"rendered":"<p>Probablemente, las mechas bronde sean las mechas que m\u00e1s se demandan en nuestro pa\u00eds, principalmente porque la gran mayor\u00eda tiene el cabello casta\u00f1o, y justo estas mechas son las ideales para quienes tienen la base m\u00e1s oscura y busquen que su cabello se vea m\u00e1s luminoso, y a la vez algunos tonos m\u00e1s claros pero [&hellip;]<\/p>\n","protected":false},"author":1,"featured_media":36645,"comment_status":"closed","ping_status":"closed","sticky":false,"template":"","format":"standard","meta":[],"categories":[1],"tags":[],"_links":{"self":[{"href":"http:\/\/hoycordobaweb.com\/index.php\/wp-json\/wp\/v2\/posts\/36644"}],"collection":[{"href":"http:\/\/hoycordobaweb.com\/index.php\/wp-json\/wp\/v2\/posts"}],"about":[{"href":"http:\/\/hoycordobaweb.com\/index.php\/wp-json\/wp\/v2\/types\/post"}],"author":[{"embeddable":true,"href":"http:\/\/hoycordobaweb.com\/index.php\/wp-json\/wp\/v2\/users\/1"}],"replies":[{"embeddable":true,"href":"http:\/\/hoycordobaweb.com\/index.php\/wp-json\/wp\/v2\/comments?post=36644"}],"version-history":[{"count":0,"href":"http:\/\/hoycordobaweb.com\/index.php\/wp-json\/wp\/v2\/posts\/36644\/revisions"}],"wp:featuredmedia":[{"embeddable":true,"href":"http:\/\/hoycordobaweb.com\/index.php\/wp-json\/wp\/v2\/media\/36645"}],"wp:attachment":[{"href":"http:\/\/hoycordobaweb.com\/index.php\/wp-json\/wp\/v2\/media?parent=36644"}],"wp:term":[{"taxonomy":"category","embeddable":true,"href":"http:\/\/hoycordobaweb.com\/index.php\/wp-json\/wp\/v2\/categories?post=36644"},{"taxonomy":"post_tag","embeddable":true,"href":"http:\/\/hoycordobaweb.com\/index.php\/wp-json\/wp\/v2\/tags?post=36644"}],"curies":[{"name":"wp","href":"https:\/\/api.w.org\/{rel}","templated":true}]}}