{"id":36638,"date":"2022-02-04T13:03:48","date_gmt":"2022-02-04T13:03:48","guid":{"rendered":"https:\/\/www.mujerhoy.com\/moda\/no-te-pierdas\/zara-chaqueta-zara-blanca-bonita-nueva-coleccion-ponible-arrasa-instagram-20220204174627-nt.html"},"modified":"2022-02-04T13:03:48","modified_gmt":"2022-02-04T13:03:48","slug":"zara-tiene-la-chaqueta-de-punto-mas-bonita-y-delicada-de-la-nueva-temporada-y-ya-tiene-lista-de-espera","status":"publish","type":"post","link":"http:\/\/hoycordobaweb.com\/index.php\/2022\/02\/04\/zara-tiene-la-chaqueta-de-punto-mas-bonita-y-delicada-de-la-nueva-temporada-y-ya-tiene-lista-de-espera\/","title":{"rendered":"Zara tiene la chaqueta de punto m\u00e1s bonita y delicada de la nueva temporada (y ya tiene lista de espera)"},"content":{"rendered":"<p><!-- AUTHOR --><!-- COMPONENTS --><\/p>\n<p class=\"voc-paragraph\">Las <strong>novedades de Zara <\/strong>siguen llegando a buen ritmo y te invitan a llenar tu lista de deseos de cara a la <a data-voc-vtm-id=\"in-text-traffic\" href=\"https:\/\/www.mujerhoy.com\/moda\/no-te-pierdas\/bolsos-zara-mango-stradivarius-colores-baratos-nueva-coleccionbaguette-acolchados-20220201154410-nt.html\">pr\u00f3xima primavera<\/a>. Y una vez m\u00e1s <strong>Instagram <\/strong>se ha convertido en el mejor term\u00f3metro para descubrir, antes que nadie, qu\u00e9 prendas ser\u00e1n las m\u00e1s deseadas. Y ya tenemos aqu\u00ed a la primera candidata: Esta <strong>chaqueta cruzada de color crudo<\/strong> de Zara tienen todas las papeletas para triunfar los pr\u00f3ximos meses. <\/p>\n<div class=\"voc-detail__cmp\">\n<div class=\"voc-article-container\">\n<article class=\"voc-article voc-article--cmp-video\" readability=\"1\">\n<div class=\"voc-img-container \" readability=\"7\"><picture><\/picture>\n<p class=\"figure-caption \"><span class=\"voc-gallery-type\"><i class=\"voc-icons video\"><\/i> V\u00eddeo. <\/span> Los looks m\u00e1s originales con chaquetas de punto <span class=\"voc-photo-author\"><\/span><\/p>\n<\/div>\n<\/article>\n<\/div>\n<\/div>\n<p class=\"voc-paragraph\">Su \u00e9xito ha sido tan r\u00e1pido y rotundo, que en menos de una semana ya est\u00e1 <strong>agotada en todas sus tallas<\/strong>. Si te has enamorado al instante, ap\u00fantate a su \u00abback soon\u00bb antes de que desaparezca para siempre. \u00bfLa vas a dejar escapar? <\/p>\n<div class=\"voc-detail__cmp\" readability=\"7\">\n<div class=\"voc-photo-combo-three fw-xs\" readability=\"9\">\n<p class=\"figure-caption\"><span class=\"voc-photo-caption\">Esta chaqueta de punto blanco de Zara se ha convertido en el primer \u00e9xito de ventas de la nueva temporada. Puede ser tuya por 35,99 euros. \/ <\/span><span class=\"voc-photo-author\">Sheila Conde\/Zara<\/span><\/p>\n<\/div>\n<\/div>\n<p class=\"voc-paragraph\">El <strong>c\u00e1rdigan <\/strong>se ha convertido por derecho propio en una de las prendas m\u00e1s populares de los \u00faltimos tiempos. Si quieres a\u00f1adir una prenda original a tu colecci\u00f3n de punto no puedes dejar escapar esta preciosa <strong>chaqueta de Zara<\/strong>. Un diseo cropped confeccionado con tejido en mezcla de lana y alpaca que se cierra frontalmente con una elegante lazada. <\/p>\n<div class=\"voc-detail-photo-zoom\"><picture data-toggle=\"modal\" data-target=\"#photoZoomModal-79\" target=\"modal\">\n<div class=\"voc-img-icon-link\"><img loading=\"lazy\" data-original=\"\/\/static.mujerhoy.com\/www\/multimedia\/202202\/03\/media\/cortadas\/zara-chaqueta-blancaprimavera--kzEF--460x637@MujerHoy.jpg\" class=\"lazy\"><noscript><img src=\"http:\/\/hoycordobaweb.com\/wp-content\/uploads\/2022\/02\/zara-tiene-la-chaqueta-de-punto-mas-bonita-y-delicada-de-la-nueva-temporada-y-ya-tiene-lista-de-espera.jpg\"><\/noscript><i class=\"voc-icons zoom voc-multimedia-box voc-ico-l\"><\/i><\/div><figcaption class=\"figure-caption\"><\/figcaption><\/picture><\/div>\n<div id=\"photoZoomModal-79\" class=\"voc-lightbox modal fade voc-lightbox--photo-zoom\" role=\"dialog\" data-voc-photozoom-lightbox>\n<div class=\"voc-lightbox__dialog\" role=\"document\">\n<div class=\"voc-lightbox__content\"><!-- Modal header --><\/p>\n<header class=\"voc-lightbox__header\"><span class=\"voc-lightbox__title\"><\/span><\/header>\n<p><!-- Modal content --><\/p>\n<div class=\"voc-lightbox__photo-container\"><picture class><img loading=\"lazy\" data-original=\"\/\/static.mujerhoy.com\/www\/multimedia\/202202\/03\/media\/cortadas\/zara-chaqueta-blancaprimavera--kzEF--460x637@MujerHoy.jpg\" class=\"lazy\"><noscript><img src=\"http:\/\/hoycordobaweb.com\/wp-content\/uploads\/2022\/02\/zara-tiene-la-chaqueta-de-punto-mas-bonita-y-delicada-de-la-nueva-temporada-y-ya-tiene-lista-de-espera.jpg\"><\/noscript><\/picture><\/div>\n<\/div>\n<\/div>\n<\/div>\n<p class=\"voc-paragraph\">La <strong>chaqueta de lana de Zara <\/strong>est\u00e1 disponible en dos \u00fanicas tallas que se adaptan perfectamente, XS-S y M-L y tiene un precio de <strong>35,99 euros. <\/strong>\u00bfC\u00f3mo llevarla? Los tejidos de punto suave se al\u00edan con los vestidos lenceros del mismo tono, creando un juego de contrastes tremendamente especial y delicado. <\/p>\n<div class=\"voc-detail__cmp voc-detail__cmp--pad-lr voc-detail__cmp--pad-lr--bdr\">\n<div class=\"voc-ficha-detail__wrapper\">\n<section class=\"voc-ficha-detail\">\n<h4 class=\"voc-ficha-detail-title voc-title-section\">Te recomendamos<\/h4>\n<\/section>\n<\/div>\n<\/div>\n<p><!-- TOPICS --><\/p>\n","protected":false},"excerpt":{"rendered":"<p>Las novedades de Zara siguen llegando a buen ritmo y te invitan a llenar tu lista de deseos de cara a la pr\u00f3xima primavera. Y una vez m\u00e1s Instagram se ha convertido en el mejor term\u00f3metro para descubrir, antes que nadie, qu\u00e9 prendas ser\u00e1n las m\u00e1s deseadas. Y ya tenemos aqu\u00ed a la primera candidata: [&hellip;]<\/p>\n","protected":false},"author":1,"featured_media":36639,"comment_status":"closed","ping_status":"closed","sticky":false,"template":"","format":"standard","meta":[],"categories":[1],"tags":[],"_links":{"self":[{"href":"http:\/\/hoycordobaweb.com\/index.php\/wp-json\/wp\/v2\/posts\/36638"}],"collection":[{"href":"http:\/\/hoycordobaweb.com\/index.php\/wp-json\/wp\/v2\/posts"}],"about":[{"href":"http:\/\/hoycordobaweb.com\/index.php\/wp-json\/wp\/v2\/types\/post"}],"author":[{"embeddable":true,"href":"http:\/\/hoycordobaweb.com\/index.php\/wp-json\/wp\/v2\/users\/1"}],"replies":[{"embeddable":true,"href":"http:\/\/hoycordobaweb.com\/index.php\/wp-json\/wp\/v2\/comments?post=36638"}],"version-history":[{"count":0,"href":"http:\/\/hoycordobaweb.com\/index.php\/wp-json\/wp\/v2\/posts\/36638\/revisions"}],"wp:featuredmedia":[{"embeddable":true,"href":"http:\/\/hoycordobaweb.com\/index.php\/wp-json\/wp\/v2\/media\/36639"}],"wp:attachment":[{"href":"http:\/\/hoycordobaweb.com\/index.php\/wp-json\/wp\/v2\/media?parent=36638"}],"wp:term":[{"taxonomy":"category","embeddable":true,"href":"http:\/\/hoycordobaweb.com\/index.php\/wp-json\/wp\/v2\/categories?post=36638"},{"taxonomy":"post_tag","embeddable":true,"href":"http:\/\/hoycordobaweb.com\/index.php\/wp-json\/wp\/v2\/tags?post=36638"}],"curies":[{"name":"wp","href":"https:\/\/api.w.org\/{rel}","templated":true}]}}