{"id":36598,"date":"2022-02-04T18:21:04","date_gmt":"2022-02-04T18:21:04","guid":{"rendered":"https:\/\/fono.fcm.unc.edu.ar\/?p=8275"},"modified":"2022-02-04T18:21:04","modified_gmt":"2022-02-04T18:21:04","slug":"4-de-febrero-dia-mundial-de-la-lucha-contra-el-cancer","status":"publish","type":"post","link":"http:\/\/hoycordobaweb.com\/index.php\/2022\/02\/04\/4-de-febrero-dia-mundial-de-la-lucha-contra-el-cancer\/","title":{"rendered":"4 de febrero: D\u00eda Mundial de la lucha contra el C\u00e1ncer"},"content":{"rendered":"<h2 class=\"fusion-post-title\">4 de febrero: D\u00eda Mundial de la lucha contra el C\u00e1ncer<\/h2>\n<div class=\"post-content\" readability=\"37\">\n<p><img loading=\"lazy\" class=\"alignright wp-image-8276 size-fusion-400\" src=\"https:\/\/fono.fcm.unc.edu.ar\/wp-content\/uploads\/sites\/14\/2022\/02\/WhatsApp-Image-2022-02-04-at-13.10.06-400x400.jpeg\" alt width=\"400\" height=\"400\" srcset=\"https:\/\/fono.fcm.unc.edu.ar\/wp-content\/uploads\/sites\/14\/2022\/02\/WhatsApp-Image-2022-02-04-at-13.10.06-66x66.jpeg 66w, https:\/\/fono.fcm.unc.edu.ar\/wp-content\/uploads\/sites\/14\/2022\/02\/WhatsApp-Image-2022-02-04-at-13.10.06-150x150.jpeg 150w, https:\/\/fono.fcm.unc.edu.ar\/wp-content\/uploads\/sites\/14\/2022\/02\/WhatsApp-Image-2022-02-04-at-13.10.06-200x200.jpeg 200w, https:\/\/fono.fcm.unc.edu.ar\/wp-content\/uploads\/sites\/14\/2022\/02\/WhatsApp-Image-2022-02-04-at-13.10.06-300x300.jpeg 300w, https:\/\/fono.fcm.unc.edu.ar\/wp-content\/uploads\/sites\/14\/2022\/02\/WhatsApp-Image-2022-02-04-at-13.10.06-400x400.jpeg 400w, https:\/\/fono.fcm.unc.edu.ar\/wp-content\/uploads\/sites\/14\/2022\/02\/WhatsApp-Image-2022-02-04-at-13.10.06-600x600.jpeg 600w, https:\/\/fono.fcm.unc.edu.ar\/wp-content\/uploads\/sites\/14\/2022\/02\/WhatsApp-Image-2022-02-04-at-13.10.06-768x768.jpeg 768w, https:\/\/fono.fcm.unc.edu.ar\/wp-content\/uploads\/sites\/14\/2022\/02\/WhatsApp-Image-2022-02-04-at-13.10.06.jpeg 800w\" sizes=\"(max-width: 400px) 100vw, 400px\">El 4 de febrero se celebra el D\u00eda Mundial contra el C\u00e1ncer, promovido por La Organizaci\u00f3n Mundial de la Salud, el Centro Internacional de Investigaciones sobre el C\u00e1ncer (CIIC) y la Uni\u00f3n Internacional contra el C\u00e1ncer (UICC) con el objetivo de aumentar la concienciaci\u00f3n y movilizar a la sociedad para avanzar en la prevenci\u00f3n y control de esta enfermedad.<\/p>\n<\/p><\/div>\n","protected":false},"excerpt":{"rendered":"<p>4 de febrero: D\u00eda Mundial de la lucha contra el C\u00e1ncer El 4 de febrero se celebra el D\u00eda Mundial contra el C\u00e1ncer, promovido por La Organizaci\u00f3n Mundial de la Salud, el Centro Internacional de Investigaciones sobre el C\u00e1ncer (CIIC) y la Uni\u00f3n Internacional contra el C\u00e1ncer (UICC) con el objetivo de aumentar la concienciaci\u00f3n [&hellip;]<\/p>\n","protected":false},"author":1,"featured_media":0,"comment_status":"closed","ping_status":"closed","sticky":false,"template":"","format":"standard","meta":[],"categories":[1],"tags":[],"_links":{"self":[{"href":"http:\/\/hoycordobaweb.com\/index.php\/wp-json\/wp\/v2\/posts\/36598"}],"collection":[{"href":"http:\/\/hoycordobaweb.com\/index.php\/wp-json\/wp\/v2\/posts"}],"about":[{"href":"http:\/\/hoycordobaweb.com\/index.php\/wp-json\/wp\/v2\/types\/post"}],"author":[{"embeddable":true,"href":"http:\/\/hoycordobaweb.com\/index.php\/wp-json\/wp\/v2\/users\/1"}],"replies":[{"embeddable":true,"href":"http:\/\/hoycordobaweb.com\/index.php\/wp-json\/wp\/v2\/comments?post=36598"}],"version-history":[{"count":0,"href":"http:\/\/hoycordobaweb.com\/index.php\/wp-json\/wp\/v2\/posts\/36598\/revisions"}],"wp:attachment":[{"href":"http:\/\/hoycordobaweb.com\/index.php\/wp-json\/wp\/v2\/media?parent=36598"}],"wp:term":[{"taxonomy":"category","embeddable":true,"href":"http:\/\/hoycordobaweb.com\/index.php\/wp-json\/wp\/v2\/categories?post=36598"},{"taxonomy":"post_tag","embeddable":true,"href":"http:\/\/hoycordobaweb.com\/index.php\/wp-json\/wp\/v2\/tags?post=36598"}],"curies":[{"name":"wp","href":"https:\/\/api.w.org\/{rel}","templated":true}]}}