{"id":36574,"date":"2022-02-03T21:23:00","date_gmt":"2022-02-03T21:23:00","guid":{"rendered":"http:\/\/hoycordobaweb.com\/index.php\/2022\/02\/03\/cercado-por-militares-de-eeuu-se-inmolo-el-lider-de-estado-islamico\/"},"modified":"2022-02-03T21:23:00","modified_gmt":"2022-02-03T21:23:00","slug":"cercado-por-militares-de-eeuu-se-inmolo-el-lider-de-estado-islamico","status":"publish","type":"post","link":"http:\/\/hoycordobaweb.com\/index.php\/2022\/02\/03\/cercado-por-militares-de-eeuu-se-inmolo-el-lider-de-estado-islamico\/","title":{"rendered":"Cercado por militares de EEUU, se inmol\u00f3 el l\u00edder de Estado Isl\u00e1mico"},"content":{"rendered":"<p><img src=\"http:\/\/hoycordobaweb.com\/wp-content\/uploads\/2022\/02\/cercado-por-militares-de-eeuu-se-inmolo-el-lider-de-estado-islamico.jpg\"><\/p>\n<figure class=\"mb-3\"><img loading=\"lazy\" src=\"http:\/\/hoycordobaweb.com\/wp-content\/uploads\/2022\/02\/cercado-por-militares-de-eeuu-se-inmolo-el-lider-de-estado-islamico-2.jpg\" width=\"100%\" height=\"100%\" alt=\"Tropas de EEUU abatieron al conductor del grupo integrista Abu Ibrahim alHashimi alQurayshi Foto AFP\"><figcaption> Tropas de EEUU abatieron al conductor del grupo integrista, Abu Ibrahim al-Hashimi al-Qurayshi. (Foto AFP) <\/figcaption><\/figure>\n<p>El presidente de Estados Unidos, <strong>Joe Biden, anunci\u00f3 este jueves que las tropas de su pa\u00eds mataron al l\u00edder del grupo integrista Estado Isl\u00e1mico (EI), Abu Ibrahim al-Hashimi al-Qurayshi<\/strong>, durante una operaci\u00f3n en el noroeste de Siria.<\/p>\n<p>\u00abAnoche, <strong>bajo mi direcci\u00f3n, las fuerzas militares estadounidenses en el noroeste de Siria llevaron a cabo con \u00e9xito una operaci\u00f3n antiterrorista para proteger al pueblo estadounidense y a nuestros aliados<\/strong>, y hacer del mundo un lugar m\u00e1s seguro\u00bb, dijo Biden en un comunicado.<\/p>\n<p>\u00abGracias a la habilidad y el coraje de nuestras Fuerzas Armadas, hemos sacado del campo de batalla a Abu Ibrahim al-Hashimi al-Qurayshi, l\u00edder del Estado Isl\u00e1mico\u00bb, dijo el mandatario.<\/p>\n<p>Un militar estadounidense precis\u00f3 que el l\u00edder del EI no combati\u00f3 y opt\u00f3 por inmolarse durante la operaci\u00f3n con una bomba que cargaba, con la que tambi\u00e9n ultim\u00f3 a miembros de su propia familia, incluidas mujeres y ni\u00f1os.<\/p>\n<p>\u00abSe mat\u00f3 a s\u00ed mismo y a su familia cercana sin combatir. Incluso intentamos que se rindiera y le ofrecimos una salida para sobrevivir\u00bb, dijo a la prensa el general Kenneth McKenzie, jefe del Comando Central estadounidense. <br \/>La operaci\u00f3n se produjo cuando el EI intentaba resurgir, con una serie de ataques en la regi\u00f3n, incluido uno perpetuado durante diez d\u00edas a fines del mes pasado para apoderarse de una prisi\u00f3n.<\/p>\n<blockquote class><p>\u00abGracias a la habilidad y el coraje de nuestras Fuerzas Armadas, hemos sacado del campo de batalla a Abu Ibrahim al-Hashimi al-Qurayshi, l\u00edder del Estado Isl\u00e1mico\u00bb<cite class=\"author\">Joe Biden<\/cite><\/p><\/blockquote>\n<p>El despliegue militar, en el que tambi\u00e9n participaron las fuerzas kurdas, se llev\u00f3 a cabo en la regi\u00f3n de Idleb, donde el predecesor de al-Qurayshi, Abu Bakr al-Baghdadi, fue asesinado en una redada similar en octubre de 2019.<\/p>\n<figure class=\"mb-3\"><img loading=\"lazy\" src=\"http:\/\/hoycordobaweb.com\/wp-content\/uploads\/2022\/02\/cercado-por-militares-de-eeuu-se-inmolo-el-lider-de-estado-islamico-3.jpg\" width=\"100%\" height=\"100%\" alt=\"Joe Biden comunic el resultado de la operacin en el noroeste de Siria Foto AFP\"><figcaption> Joe Biden comunic\u00f3 el resultado de la operaci\u00f3n en el noroeste de Siria. (Foto AFP) <\/figcaption><\/figure>\n<p>Al-Qurayshi, tambi\u00e9n conocido como Amir Mohammed Said Abd al-Rahman al-Mawla, reemplaz\u00f3 a Baghdadi despu\u00e9s de su muerte.<\/p>\n<p>La operaci\u00f3n se produjo cuando el EI intentaba resurgir, con una serie de ataques en la regi\u00f3n, incluido un ataque de diez d\u00edas a fines del mes pasado para apoderarse de una prisi\u00f3n.<\/p>\n<p>El despliegue militar, en el que tambi\u00e9n participaron las fuerzas kurdas, se llev\u00f3 a cabo en la regi\u00f3n de Idleb, donde el predecesor de al-Qurayshi, Abu Bakr al-Baghdadi, fue asesinado en una redada similar en octubre de 2019.<\/p>\n<p>Al-Qurayshi, tambi\u00e9n conocido como Amir Mohammed Said Abd al-Rahman al-Mawla, reemplaz\u00f3 a Baghdadi despu\u00e9s de su muerte.<\/p>\n<p>La intervenci\u00f3n norteamericana fue tambi\u00e9n celebrada por Rusia, en un comunicado conciliador que contrasta con la tensi\u00f3n entre ambos pa\u00edses por la crisis en torno a Ucrania.<\/p>\n<p>\u00abApoyamos los esfuerzos de otros pa\u00edses, incluyendo los de miembros de la coalici\u00f3n dirigida por Estados Unidos (en Siria), en el \u00e1rea antiterrorista\u00bb, se\u00f1al\u00f3 la nota de la Canciller\u00eda rusa, que tambi\u00e9n pidi\u00f3 una \u00abinvestigaci\u00f3n a fondo\u00bb sobre eventuales v\u00edctimas civiles en ese bombardeo.<\/p>\n<p>Las fuerzas especiales estadounidenses aterrizaron en helic\u00f3pteros y asaltaron una casa en un rinc\u00f3n de Siria controlado por los rebeldes, y se enfrentaron durante dos horas con hombres armados, inform\u00f3 la cadena de noticias CNN.<\/p>\n<p>Los residentes describieron disparos continuos y explosiones que sacudieron la ciudad de Atmeh, cerca de la frontera turca, un \u00e1rea salpicada de campamentos para personas desplazadas internamente de la guerra civil de Siria.<\/p>\n<p>Seg\u00fan el Observatorio Sirio para los Derechos Humanos (OSDH), una organizaci\u00f3n pro opositora con sede en Londres, 13 personas -incluidos seis ni\u00f1os y cuatro mujeres- murieron en los bombardeos y enfrentamientos que se produjeron despu\u00e9s de la incursi\u00f3n del comando estadounidense.<\/p>\n<p>De momento, <strong>el Pent\u00e1gono no proporcion\u00f3 detalles sobre las v\u00edctimas en el ataque.<\/strong><\/p>\n<p>Conocido como \u00abel profesor\u00bb o \u00abel destructor\u00bb, el l\u00edder del EI era un yihadista con m\u00faltiples apodos que presidi\u00f3, entre otros, la masacre de la minor\u00eda yazid\u00ed.<\/p>\n<p>Abu Ahmad, due\u00f1o de la casa que result\u00f3 parcialmente destruida en el operativo, dijo que al-Qurayshi hab\u00eda \u00abvivido aqu\u00ed durante 11 meses\u00bb.<\/p>\n<p>\u00abNo vi nada sospechoso, s\u00f3lo ven\u00eda a verme para pagar el alquiler. Viv\u00eda con sus tres hijos y su mujer. Su hermana viuda y su hija viv\u00edan en el piso de arriba\u00bb, se\u00f1al\u00f3, citado por la agencia de noticias AFP.<\/p>\n<p>La regi\u00f3n de Idleb est\u00e1 controlada en gran medida por combatientes respaldados por Turqu\u00eda, pero tambi\u00e9n es un basti\u00f3n de Al Qaeda y el hogar de varios de sus principales agentes.<\/p>\n<p>Otros militantes, incluidos extremistas del grupo EI rival, tambi\u00e9n encontraron refugio en la zona.<\/p>\n<p>Si bien el EI fue expulsado de sus feudos en Siria e Irak, se ha ido reafirmando en ambos pa\u00edses con un aumento de los ataques.<\/p>\n<p>El mes pasado llev\u00f3 a cabo su mayor operaci\u00f3n militar desde que fue derrotado y sus miembros se dispersaron bajo tierra en 2019: un ataque a una prisi\u00f3n en el noreste de Siria que albergaba al menos a 3.000 detenidos del EI.<\/p>\n<p><strong>El ataque parec\u00eda tener como objetivo liberar a los altos mandos del EI en la prisi\u00f3n.<\/strong><\/p>\n<p>Tras diez d\u00edas de lucha, las Fuerzas Democr\u00e1ticas Sirias (FDS) -lideradas por los kurdos y respaldadas por Estados Unidos- recuperaron la prisi\u00f3n por completo, con un saldo de m\u00e1s de 120 de sus combatientes y trabajadores de la prisi\u00f3n muertos junto con 374 militantes.<\/p>\n<p>La coalici\u00f3n liderada por Estados Unidos llev\u00f3 a cabo ataques a\u00e9reos y despleg\u00f3 personal estadounidense en veh\u00edculos de combate Bradley en el \u00e1rea de la prisi\u00f3n para ayudar a las fuerzas kurdas.<\/p>\n<p>Un alto funcionario de las FDS, Nowruz Ahmad, dijo el pasado lunes que el asalto a la prisi\u00f3n era parte de un complot m\u00e1s amplio que el EI hab\u00eda estado preparando durante mucho tiempo, incluidos ataques en otros barrios en el noreste de Siria controlado por los kurdos y en el campamento de al-Hol en el sur, que alberga a miles de familias de miembros del EI. <\/p>\n","protected":false},"excerpt":{"rendered":"<p>Tropas de EEUU abatieron al conductor del grupo integrista, Abu Ibrahim al-Hashimi al-Qurayshi. (Foto AFP) El presidente de Estados Unidos, Joe Biden, anunci\u00f3 este jueves que las tropas de su pa\u00eds mataron al l\u00edder del grupo integrista Estado Isl\u00e1mico (EI), Abu Ibrahim al-Hashimi al-Qurayshi, durante una operaci\u00f3n en el noroeste de Siria. \u00abAnoche, bajo mi [&hellip;]<\/p>\n","protected":false},"author":1,"featured_media":36575,"comment_status":"open","ping_status":"closed","sticky":false,"template":"","format":"standard","meta":[],"categories":[24],"tags":[],"_links":{"self":[{"href":"http:\/\/hoycordobaweb.com\/index.php\/wp-json\/wp\/v2\/posts\/36574"}],"collection":[{"href":"http:\/\/hoycordobaweb.com\/index.php\/wp-json\/wp\/v2\/posts"}],"about":[{"href":"http:\/\/hoycordobaweb.com\/index.php\/wp-json\/wp\/v2\/types\/post"}],"author":[{"embeddable":true,"href":"http:\/\/hoycordobaweb.com\/index.php\/wp-json\/wp\/v2\/users\/1"}],"replies":[{"embeddable":true,"href":"http:\/\/hoycordobaweb.com\/index.php\/wp-json\/wp\/v2\/comments?post=36574"}],"version-history":[{"count":0,"href":"http:\/\/hoycordobaweb.com\/index.php\/wp-json\/wp\/v2\/posts\/36574\/revisions"}],"wp:featuredmedia":[{"embeddable":true,"href":"http:\/\/hoycordobaweb.com\/index.php\/wp-json\/wp\/v2\/media\/36575"}],"wp:attachment":[{"href":"http:\/\/hoycordobaweb.com\/index.php\/wp-json\/wp\/v2\/media?parent=36574"}],"wp:term":[{"taxonomy":"category","embeddable":true,"href":"http:\/\/hoycordobaweb.com\/index.php\/wp-json\/wp\/v2\/categories?post=36574"},{"taxonomy":"post_tag","embeddable":true,"href":"http:\/\/hoycordobaweb.com\/index.php\/wp-json\/wp\/v2\/tags?post=36574"}],"curies":[{"name":"wp","href":"https:\/\/api.w.org\/{rel}","templated":true}]}}