{"id":36501,"date":"2022-02-01T22:42:05","date_gmt":"2022-02-01T22:42:05","guid":{"rendered":"https:\/\/www.ole.com.ar\/futbol-internacional\/america\/argentina-matias-rodriguez-nacionalizo-chileno-seleccion_0_gq4k4jnz1Z.html"},"modified":"2022-02-01T22:42:05","modified_gmt":"2022-02-01T22:42:05","slug":"otro-argentino-que-se-nacionalizo-para-defender-los-colores-de-chile","status":"publish","type":"post","link":"http:\/\/hoycordobaweb.com\/index.php\/2022\/02\/01\/otro-argentino-que-se-nacionalizo-para-defender-los-colores-de-chile\/","title":{"rendered":"Otro argentino que se nacionaliz\u00f3 para defender los colores de Chile"},"content":{"rendered":"<p><img src=\"http:\/\/hoycordobaweb.com\/wp-content\/uploads\/2022\/02\/otro-argentino-que-se-nacionalizo-para-defender-los-colores-de-chile.jpg\"><\/p>\n<p>En a\u00f1o de Mundial y con una <a href=\"https:\/\/www.ole.com.ar\/futbol-internacional\/eliminatorias\/tabla-fecha-16-eliminatorias-conmebol_0_OLTyJTfAHp.html\" target=\"_blank\" rel=\"noopener noreferrer\">definici\u00f3n atrapante de las Eliminatorias rumbo a Qatar 2022<\/a>, la pasi\u00f3n por la <a alt=\"seleccion-argentina\" class=\"slug\" href=\"https:\/\/www.ole.com.ar\/tema\/seleccion-argentina.html\" target=\"_blank\" title=\"seleccion-argentina\" rel=\"noopener noreferrer\">Selecci\u00f3n Argentina<\/a> est\u00e1 a flor de piel. Sin embargo, en la eterna discusi\u00f3n que representa el caso, cada vez es m\u00e1s frecuente ver a futbolistas que por una u otra raz\u00f3n deciden nacionalizarse. En ese sentido, <strong>un albiceleste se sum\u00f3 al listado de recientes jugadores que tramitaron su ciudadan\u00eda chilena.<\/strong><\/p>\n<div class=\"sp__SM\">\n<div class=\"content-new \">\n<span class=\"tit-mobile\">Mir\u00e1 tambi\u00e9n<\/span><\/p>\n<div class=\"mg\">\n<div class=\"wrap-figure\">\n<picture>\n<a href=\"https:\/\/www.ole.com.ar\/futbol-internacional\/eliminatorias\/tabla-fecha-16-eliminatorias-conmebol_0_OLTyJTfAHp.html\" target=\"_self\" rel=\"noopener noreferrer\"><br \/>\n<img class=\"img-responsive\" alt=\"La tabla de las Eliminatorias en vivo\" src=\"http:\/\/hoycordobaweb.com\/wp-content\/uploads\/2022\/02\/otro-argentino-que-se-nacionalizo-para-defender-los-colores-de-chile-2.jpg\" loading=\"lazy\"><br \/>\n<\/a>\n<\/picture>\n<\/div>\n<\/div><\/div>\n<\/div>\n<p>Poco despu\u00e9s de que lo hicieran <a href=\"https:\/\/www.ole.com.ar\/futbol-internacional\/america\/leonardo-gil-seleccion-chile-suena_0_r7eHqOIeIU.html\" target=\"_blank\" rel=\"noopener noreferrer\">Leonardo Gil<\/a> (tenido en cuenta por Mart\u00edn Lasarte para realizar una serie de entrenamientos), <a alt=\"diego-buonanotte\" class=\"slug\" href=\"https:\/\/www.ole.com.ar\/tema\/diego-buonanotte.html\" target=\"_blank\" title=\"diego-buonanotte\" rel=\"noopener noreferrer\">Diego Buonanotte<\/a> &#8211;<a href=\"https:\/\/www.ole.com.ar\/futbol-internacional\/america\/diego-buonanotte-chileno-nacionalizado-_0_ENsY0BfMr.html\" target=\"_blank\" rel=\"noopener noreferrer\">tras cinco a\u00f1os en el pa\u00eds vecino<\/a>&#8211; y Mat\u00edas Zaldivia; <strong>el que se sum\u00f3 al listado este martes es Mat\u00edas Rodr\u00edguez.<\/strong> El defensor de 35 a\u00f1os, que realiz\u00f3 las inferiores en Boca y viene de disputar la \u00faltima temporada en Defensa y Justicia, comparti\u00f3 la finalizaci\u00f3n del proceso burocr\u00e1tico en sus redes sociales y agradeci\u00f3 a todo Chile. <\/p>\n<div class=\"sp__Normal\">\n<div class=\"image-embeb image-trigger\" readability=\"6\">\n<picture><source media=\"(min-width: 720px)\" srcset=\"http:\/\/hoycordobaweb.com\/wp-content\/uploads\/2022\/02\/otro-argentino-que-se-nacionalizo-para-defender-los-colores-de-chile-3.jpg\"><img itemprop=\"image\" src=\"http:\/\/hoycordobaweb.com\/wp-content\/uploads\/2022\/02\/otro-argentino-que-se-nacionalizo-para-defender-los-colores-de-chile-3.jpg\" loading=\"lazy\" alt=\"Gil con los colores de la Selecci\u00f3n Chilena (@LaRoja)\">\n<\/picture><figcaption readability=\"2\">\n<p>Gil con los colores de la Selecci\u00f3n Chilena (@LaRoja)\n<\/p>\n<\/figcaption><\/div>\n<\/div>\n<p><mark>\u00abHoy podemos decir que se terminaron los tr\u00e1mites. Muchas gracias Chile por permitirme ser uno m\u00e1s de ustedes\u00bb, <\/mark>escribi\u00f3 el lateral en una historia de Instagram, en la cual mostr\u00f3 su c\u00e9dula de identidad y pasaporte chileno. Si bien no tiene descendientes directos en la naci\u00f3n trasandina,&nbsp;los dos pasos anteriores por la Universidad de Chile&nbsp;le permitieron a Rodr\u00edguez convertirse en ciudadano, ya que en total suma nueve a\u00f1os vividos en ese pa\u00eds, cumpliendo con los cinco obligatorios que exige la legislaci\u00f3n para optar a la nacionalizaci\u00f3n.<\/p>\n<div class=\"sp__Normal\">\n<div class=\"image-embeb image-trigger\" readability=\"6\">\n<picture><source media=\"(min-width: 720px)\" srcset=\"http:\/\/hoycordobaweb.com\/wp-content\/uploads\/2022\/02\/otro-argentino-que-se-nacionalizo-para-defender-los-colores-de-chile-4.jpg\"><img itemprop=\"image\" src=\"http:\/\/hoycordobaweb.com\/wp-content\/uploads\/2022\/02\/otro-argentino-que-se-nacionalizo-para-defender-los-colores-de-chile-4.jpg\" loading=\"lazy\" alt=\"Mat\u00edas Rodr\u00edguez comparti\u00f3 su alegr\u00eda al nacionalizarse en las redes sociales.\">\n<\/picture><figcaption readability=\"2\">\n<p>Mat\u00edas Rodr\u00edguez comparti\u00f3 su alegr\u00eda al nacionalizarse en las redes sociales.\n<\/p>\n<\/figcaption><\/div>\n<\/div>\n<div class=\"sp__SM\">\n<div class=\"content-new \">\n<span class=\"tit-mobile\">Mir\u00e1 tambi\u00e9n<\/span><\/p>\n<div class=\"mg\">\n<div class=\"wrap-figure\">\n<picture>\n<a href=\"https:\/\/www.ole.com.ar\/futbol-internacional\/eliminatorias\/james-rodriguez-covid-argentina_0_wotj02jsMf.html\" target=\"_self\" rel=\"noopener noreferrer\"><br \/>\n<img class=\"img-responsive\" alt=\"El africano que empat\u00f3 para Bolivia\" src=\"http:\/\/hoycordobaweb.com\/wp-content\/uploads\/2022\/02\/otro-argentino-que-se-nacionalizo-para-defender-los-colores-de-chile-5.jpg\" loading=\"lazy\"><br \/>\n<\/a>\n<\/picture>\n<\/div>\n<\/div><\/div>\n<\/div>\n<p>Su oficializaci\u00f3n llega en un momento clave, ya que desde la U le pidieron unos d\u00edas al nacido en San Luis para definir si finalmente lo contratar\u00e1n como flamante incorporaci\u00f3n. <\/p>\n<h2><strong>OTROS ARGENTINOS QUE SE NACIONALIZARON CHILENOS<\/strong><\/h2>\n<p>As\u00ed como <a alt=\"gabriel-arias\" class=\"slug\" href=\"https:\/\/www.ole.com.ar\/tema\/gabriel-arias.html\" target=\"_blank\" title=\"gabriel-arias\" rel=\"noopener noreferrer\">Gabriel Arias<\/a> y <strong>Pablo Hern\u00e1ndez<\/strong>&nbsp;jugaron para la selecci\u00f3n chilena, existen varios futbolistas en la misma sinton\u00eda, como por ejemplo Marcelo Larrondo (no lleg\u00f3 a debutar con La Roja) o&nbsp;Fernando Zampedri, en la Cat\u00f3lica, que atraviesa proceso de nacionalizaci\u00f3n.&nbsp;<\/p>\n<div class=\"sp__Normal\">\n<div class=\"image-embeb image-trigger\" readability=\"7\">\n<picture><source media=\"(min-width: 720px)\" srcset=\"http:\/\/hoycordobaweb.com\/wp-content\/uploads\/2022\/02\/otro-argentino-que-se-nacionalizo-para-defender-los-colores-de-chile-6.jpg\"><img itemprop=\"image\" src=\"http:\/\/hoycordobaweb.com\/wp-content\/uploads\/2022\/02\/otro-argentino-que-se-nacionalizo-para-defender-los-colores-de-chile-6.jpg\" loading=\"lazy\" alt=\"Arias, figura de Racing y nacido en Neuqu\u00e9n, con la de Chile contra Argentina.\">\n<\/picture><figcaption readability=\"4\">\n<p>Arias, figura de Racing y nacido en Neuqu\u00e9n, con la de Chile contra Argentina.\n<\/p>\n<\/figcaption><\/div>\n<\/div>\n<p>M\u00e1s atr\u00e1s en el tiempo entran los casos de&nbsp;Rodolfo Almeyda, Ernesto \u00c1lvarez, Jorge Spedaletti, \u00d3scar Fabbiani, Sergio Vargas, Daniel P\u00e9rez, Gustavo Canales&nbsp;y Leandro Benegas.<\/p>\n<div class=\"sp__Normal\">\n<div class=\"image-embeb image-trigger\" readability=\"6.5\">\n<picture><source media=\"(min-width: 720px)\" srcset=\"http:\/\/hoycordobaweb.com\/wp-content\/uploads\/2022\/02\/otro-argentino-que-se-nacionalizo-para-defender-los-colores-de-chile-7.jpg\"><img itemprop=\"image\" src=\"http:\/\/hoycordobaweb.com\/wp-content\/uploads\/2022\/02\/otro-argentino-que-se-nacionalizo-para-defender-los-colores-de-chile-7.jpg\" loading=\"lazy\" alt=\"Buonanotte, durante el acto.\">\n<\/picture><figcaption readability=\"3\">\n<p>Buonanotte, durante el acto.\n<\/p>\n<\/figcaption><\/div>\n<\/div>\n<div class=\"sp__SM\">\n<div class=\"content-new \">\n<span class=\"tit-mobile\">Mir\u00e1 tambi\u00e9n<\/span><\/p>\n<div class=\"mg\">\n<div class=\"wrap-figure\">\n<picture> <a href=\"https:\/\/www.ole.com.ar\/futbol-internacional\/eliminatorias\/bolivia-chile-inundacion-estadio_0_E3aYx2zJN6.html\" target=\"_self\" rel=\"noopener noreferrer\"><br \/>\n<img class=\"img-responsive\" alt=\"Ins\u00f3lito: se inund\u00f3 la cancha y sacaron el agua con \u00a1tachos de pintura!\" src=\"http:\/\/hoycordobaweb.com\/wp-content\/uploads\/2022\/02\/otro-argentino-que-se-nacionalizo-para-defender-los-colores-de-chile-8.jpg\" loading=\"lazy\"><br \/>\n<\/a>\n<\/picture>\n<\/div>\n<\/div><\/div>\n<\/div>\n<div class=\"sp__SM\">\n<div class=\"content-new \">\n<span class=\"tit-mobile\">Mir\u00e1 tambi\u00e9n<\/span><\/p>\n<div class=\"mg\">\n<div class=\"wrap-figure\">\n<picture>\n<a href=\"https:\/\/www.ole.com.ar\/futbol-internacional\/eliminatorias\/mundial-qatar-2022-clasificacion_0_ltvmAZi9wz.html\" target=\"_self\" rel=\"noopener noreferrer\"><br \/>\n<img class=\"img-responsive\" alt=\"Todos los clasificados al Mundial Qatar 2022\" src=\"http:\/\/hoycordobaweb.com\/wp-content\/uploads\/2022\/02\/otro-argentino-que-se-nacionalizo-para-defender-los-colores-de-chile-9.jpg\" loading=\"lazy\"><br \/>\n<\/a>\n<\/picture>\n<\/div>\n<\/div><\/div>\n<\/div>\n<div class=\"entry-tags\">\n<h2>TEMAS QUE APARECEN EN ESTA NOTA<\/h2>\n<\/p><\/div>\n","protected":false},"excerpt":{"rendered":"<p>En a\u00f1o de Mundial y con una definici\u00f3n atrapante de las Eliminatorias rumbo a Qatar 2022, la pasi\u00f3n por la Selecci\u00f3n Argentina est\u00e1 a flor de piel. Sin embargo, en la eterna discusi\u00f3n que representa el caso, cada vez es m\u00e1s frecuente ver a futbolistas que por una u otra raz\u00f3n deciden nacionalizarse. En ese [&hellip;]<\/p>\n","protected":false},"author":1,"featured_media":36502,"comment_status":"open","ping_status":"closed","sticky":false,"template":"","format":"standard","meta":[],"categories":[16],"tags":[],"_links":{"self":[{"href":"http:\/\/hoycordobaweb.com\/index.php\/wp-json\/wp\/v2\/posts\/36501"}],"collection":[{"href":"http:\/\/hoycordobaweb.com\/index.php\/wp-json\/wp\/v2\/posts"}],"about":[{"href":"http:\/\/hoycordobaweb.com\/index.php\/wp-json\/wp\/v2\/types\/post"}],"author":[{"embeddable":true,"href":"http:\/\/hoycordobaweb.com\/index.php\/wp-json\/wp\/v2\/users\/1"}],"replies":[{"embeddable":true,"href":"http:\/\/hoycordobaweb.com\/index.php\/wp-json\/wp\/v2\/comments?post=36501"}],"version-history":[{"count":0,"href":"http:\/\/hoycordobaweb.com\/index.php\/wp-json\/wp\/v2\/posts\/36501\/revisions"}],"wp:featuredmedia":[{"embeddable":true,"href":"http:\/\/hoycordobaweb.com\/index.php\/wp-json\/wp\/v2\/media\/36502"}],"wp:attachment":[{"href":"http:\/\/hoycordobaweb.com\/index.php\/wp-json\/wp\/v2\/media?parent=36501"}],"wp:term":[{"taxonomy":"category","embeddable":true,"href":"http:\/\/hoycordobaweb.com\/index.php\/wp-json\/wp\/v2\/categories?post=36501"},{"taxonomy":"post_tag","embeddable":true,"href":"http:\/\/hoycordobaweb.com\/index.php\/wp-json\/wp\/v2\/tags?post=36501"}],"curies":[{"name":"wp","href":"https:\/\/api.w.org\/{rel}","templated":true}]}}