{"id":36497,"date":"2022-02-01T22:58:33","date_gmt":"2022-02-01T22:58:33","guid":{"rendered":"https:\/\/www.ole.com.ar\/patronato\/patronato-refuerzos-ivan-delfino_0_vIaVZwaFaH.html"},"modified":"2022-02-01T22:58:33","modified_gmt":"2022-02-01T22:58:33","slug":"nuevas-caras-para-ivan-delfino","status":"publish","type":"post","link":"http:\/\/hoycordobaweb.com\/index.php\/2022\/02\/01\/nuevas-caras-para-ivan-delfino\/","title":{"rendered":"Nuevas caras para Iv\u00e1n Delfino"},"content":{"rendered":"<p><img src=\"http:\/\/hoycordobaweb.com\/wp-content\/uploads\/2022\/02\/nuevas-caras-para-ivan-delfino.jpg\"><\/p>\n<p><a alt=\"patronato\" class=\"slug\" href=\"https:\/\/www.ole.com.ar\/tema\/patronato.html\" target=\"_blank\" title=\"patronato\" rel=\"noopener noreferrer\">Patronato <\/a>es uno de los equipos de la <a alt=\"copa-de-la-liga-profesional-de-futbol\" class=\"slug\" href=\"https:\/\/www.ole.com.ar\/tema\/copa-de-la-liga-profesional-de-futbol.html\" target=\"_blank\" title=\"copa-de-la-liga-profesional-de-futbol\" rel=\"noopener noreferrer\">Copa de la Liga<\/a> que m\u00e1s se reforz\u00f3, y sigue sumando nuevas caras. <strong>Oficializ\u00f3 una nueva incorporaci\u00f3n y ya tendr\u00eda una m\u00e1s acordada: el que firm\u00f3 contrato es Axel Rodr\u00edguez.&nbsp;Otro que estar\u00eda llegando al club es Sebasti\u00e1n Medina.<\/strong> El volante que hizo inferiores en River llegar\u00eda a pr\u00e9stamo por un a\u00f1o desde Guillermo Brown de Puerto Madryn. El acuerdo es sin cargo y con opci\u00f3n de compra.<\/p>\n<div class=\"sp__SM\">\n<div class=\"content-new \">\n<span class=\"tit-mobile\">Mir\u00e1 tambi\u00e9n<\/span><\/p>\n<div class=\"mg\">\n<div class=\"wrap-figure\">\n<picture>\n<a href=\"https:\/\/www.ole.com.ar\/futbol-ascenso\/p-nacional-estudiantes-bs-as-cantero_0_QHtVGqmZpj.html\" target=\"_self\" rel=\"noopener noreferrer\"><br \/>\n<img class=\"img-responsive\" alt=\"Llega un refuerzo de Primera para Estudiantes\" src=\"http:\/\/hoycordobaweb.com\/wp-content\/uploads\/2022\/02\/nuevas-caras-para-ivan-delfino-2.jpg\" loading=\"lazy\"><br \/>\n<\/a>\n<\/picture>\n<\/div>\n<\/div><\/div>\n<\/div>\n<p><strong>\u201cEl delantero de 24 a\u00f1os, con \u00faltimo paso por<a alt=\"all-boys\" class=\"slug\" href=\"https:\/\/www.ole.com.ar\/tema\/all-boys.html\" target=\"_blank\" title=\"all-boys\" rel=\"noopener noreferrer\"> All Boys, <\/a>llega a pr\u00e9stamo desde <a alt=\"olimpo\" class=\"slug\" href=\"https:\/\/www.ole.com.ar\/tema\/olimpo.html\" target=\"_blank\" title=\"olimpo\" rel=\"noopener noreferrer\">Olimpo<\/a>, sin cargo y con opci\u00f3n de compra<\/strong>\u201d, as\u00ed anunci\u00f3 el Patr\u00f3n la llegada del atacante proveniente del Aurinegro, que tuvo que pagar dos millones de pesos para interrumpir su cesi\u00f3n en All Boys.<\/p>\n<p>El \u00faltimo a\u00f1o visti\u00f3 la camiseta del Albo en la <a alt=\"primera-nacional\" class=\"slug\" href=\"https:\/\/www.ole.com.ar\/tema\/primera-nacional.html\" target=\"_blank\" title=\"primera-nacional\" rel=\"noopener noreferrer\">Primera Nacional<\/a>, certamen en el cual <strong>anot\u00f3 11 goles en 24 partidos.<\/strong> Ahora, lleva sus goles a Paran\u00e1.<\/p>\n<div class=\"sp__SM\">\n<div class=\"content-new \">\n<span class=\"tit-mobile\">Mir\u00e1 tambi\u00e9n<\/span><\/p>\n<div class=\"mg\">\n<div class=\"wrap-figure\">\n<picture>\n<a href=\"https:\/\/www.ole.com.ar\/futbol-internacional\/tevez-barcelona-libertadores_0_49wbARpBbb.html\" target=\"_self\" rel=\"noopener noreferrer\"><br \/>\n<img class=\"img-responsive\" alt=\"Tevez fue tentado para la Copa\" src=\"http:\/\/hoycordobaweb.com\/wp-content\/uploads\/2022\/02\/nuevas-caras-para-ivan-delfino-3.jpg\" loading=\"lazy\"><br \/>\n<\/a>\n<\/picture>\n<\/div>\n<\/div><\/div>\n<\/div>\n<div class=\"sp__Normal\">\n<div class=\"image-embeb image-trigger\" readability=\"6\">\n<picture><source media=\"(min-width: 720px)\" srcset=\"http:\/\/hoycordobaweb.com\/wp-content\/uploads\/2022\/02\/nuevas-caras-para-ivan-delfino-4.jpg\"><img itemprop=\"image\" src=\"http:\/\/hoycordobaweb.com\/wp-content\/uploads\/2022\/02\/nuevas-caras-para-ivan-delfino-4.jpg\" loading=\"lazy\" alt=\"Sebastian Medina ser\u00eda nuevo jugador de Patronato. (Prensa River).\">\n<\/picture><figcaption readability=\"2\">\n<p>Sebastian Medina ser\u00eda nuevo jugador de Patronato. (Prensa River).\n<\/p>\n<\/figcaption><\/div>\n<\/div>\n<p>Hasta el momento son nueve incorporaciones confirmadas para el equipo comandado por Iv\u00e1n Delfino: <strong>Nicol\u00e1s Castro, Carlos Quintana, Facundo Altamirano, Jonathan Herrera, Leonel Mosevich, Lucas Barrios, Ra\u00fal Lozano y Jorge Valdez Chamorro se suman a Rodr\u00edguez.<\/strong> De concretarse lo de Medina, llegar\u00edan a los diez.<\/p>\n<div class=\"sp__SM\">\n<div class=\"content-new \">\n<span class=\"tit-mobile\">Mir\u00e1 tambi\u00e9n<\/span><\/p>\n<div class=\"mg\">\n<div class=\"wrap-figure\">\n<picture>\n<a href=\"https:\/\/www.ole.com.ar\/boca-juniors\/boca-orsini-covid-recuperacion_0_AgM4KP7Zri.html\" target=\"_self\" rel=\"noopener noreferrer\"><br \/>\n<img class=\"img-responsive\" alt=\"Orsini, tras el Covid, vuelve a pelear por la nueve\" src=\"http:\/\/hoycordobaweb.com\/wp-content\/uploads\/2022\/02\/nuevas-caras-para-ivan-delfino-5.jpg\" loading=\"lazy\"><br \/>\n<\/a>\n<\/picture>\n<\/div>\n<\/div><\/div>\n<\/div>\n<h2><strong>LA \u00daLTIMA PUESTA A PUNTO<\/strong><\/h2>\n<div class=\"sp__Normal\">\n<div class=\"image-embeb image-trigger\" readability=\"6\">\n<picture><source media=\"(min-width: 720px)\" srcset=\"http:\/\/hoycordobaweb.com\/wp-content\/uploads\/2022\/02\/nuevas-caras-para-ivan-delfino-6.jpg\"><img itemprop=\"image\" src=\"http:\/\/hoycordobaweb.com\/wp-content\/uploads\/2022\/02\/nuevas-caras-para-ivan-delfino-6.jpg\" loading=\"lazy\" alt=\"Ivan Delfino sigue poniendo a punto a su equipo.\">\n<\/picture><figcaption readability=\"2\">\n<p>Ivan Delfino sigue poniendo a punto a su equipo.\n<\/p>\n<\/figcaption><\/div>\n<\/div>\n<p>Este jueves por la ma\u00f1ana,<strong> <a alt=\"patronato\" class=\"slug\" href=\"https:\/\/www.ole.com.ar\/tema\/patronato.html\" target=\"_blank\" title=\"patronato\" rel=\"noopener noreferrer\">Patronato <\/a>visitar\u00e1 el Predio de Arroyo Seco para disputar amistosos ante <a alt=\"rosario-central\" class=\"slug\" href=\"https:\/\/www.ole.com.ar\/tema\/rosario-central.html\" target=\"_blank\" title=\"rosario-central\" rel=\"noopener noreferrer\">Rosario Central.<\/a><\/strong><\/p>\n<div class=\"sp__SM\">\n<div class=\"content-new \">\n<span class=\"tit-mobile\">Mir\u00e1 tambi\u00e9n<\/span><\/p>\n<div class=\"mg\">\n<div class=\"wrap-figure\">\n<picture>\n<a href=\"https:\/\/www.ole.com.ar\/racing\/orban-lesion-racing-insua_0_CD2ARBh8j5.html\" target=\"_self\" rel=\"noopener noreferrer\"><br \/>\n<img class=\"img-responsive\" alt=\"Orban se lesion\u00f3: casi out del debut\" src=\"http:\/\/hoycordobaweb.com\/wp-content\/uploads\/2022\/02\/nuevas-caras-para-ivan-delfino-7.jpg\" loading=\"lazy\"><br \/>\n<\/a>\n<\/picture>\n<\/div>\n<\/div><\/div>\n<\/div>\n<div class=\"entry-tags\">\n<h2>TEMAS QUE APARECEN EN ESTA NOTA<\/h2>\n<\/p><\/div>\n","protected":false},"excerpt":{"rendered":"<p>Patronato es uno de los equipos de la Copa de la Liga que m\u00e1s se reforz\u00f3, y sigue sumando nuevas caras. Oficializ\u00f3 una nueva incorporaci\u00f3n y ya tendr\u00eda una m\u00e1s acordada: el que firm\u00f3 contrato es Axel Rodr\u00edguez.&nbsp;Otro que estar\u00eda llegando al club es Sebasti\u00e1n Medina. El volante que hizo inferiores en River llegar\u00eda a [&hellip;]<\/p>\n","protected":false},"author":1,"featured_media":36498,"comment_status":"open","ping_status":"closed","sticky":false,"template":"","format":"standard","meta":[],"categories":[16],"tags":[],"_links":{"self":[{"href":"http:\/\/hoycordobaweb.com\/index.php\/wp-json\/wp\/v2\/posts\/36497"}],"collection":[{"href":"http:\/\/hoycordobaweb.com\/index.php\/wp-json\/wp\/v2\/posts"}],"about":[{"href":"http:\/\/hoycordobaweb.com\/index.php\/wp-json\/wp\/v2\/types\/post"}],"author":[{"embeddable":true,"href":"http:\/\/hoycordobaweb.com\/index.php\/wp-json\/wp\/v2\/users\/1"}],"replies":[{"embeddable":true,"href":"http:\/\/hoycordobaweb.com\/index.php\/wp-json\/wp\/v2\/comments?post=36497"}],"version-history":[{"count":0,"href":"http:\/\/hoycordobaweb.com\/index.php\/wp-json\/wp\/v2\/posts\/36497\/revisions"}],"wp:featuredmedia":[{"embeddable":true,"href":"http:\/\/hoycordobaweb.com\/index.php\/wp-json\/wp\/v2\/media\/36498"}],"wp:attachment":[{"href":"http:\/\/hoycordobaweb.com\/index.php\/wp-json\/wp\/v2\/media?parent=36497"}],"wp:term":[{"taxonomy":"category","embeddable":true,"href":"http:\/\/hoycordobaweb.com\/index.php\/wp-json\/wp\/v2\/categories?post=36497"},{"taxonomy":"post_tag","embeddable":true,"href":"http:\/\/hoycordobaweb.com\/index.php\/wp-json\/wp\/v2\/tags?post=36497"}],"curies":[{"name":"wp","href":"https:\/\/api.w.org\/{rel}","templated":true}]}}