{"id":36470,"date":"2022-01-31T23:11:00","date_gmt":"2022-01-31T23:11:00","guid":{"rendered":"http:\/\/hoycordobaweb.com\/index.php\/2022\/01\/31\/incendios-y-saqueos-en-el-santuario-de-las-victimas-de-iron-mountain\/"},"modified":"2022-01-31T23:11:00","modified_gmt":"2022-01-31T23:11:00","slug":"incendios-y-saqueos-en-el-santuario-de-las-victimas-de-iron-mountain","status":"publish","type":"post","link":"http:\/\/hoycordobaweb.com\/index.php\/2022\/01\/31\/incendios-y-saqueos-en-el-santuario-de-las-victimas-de-iron-mountain\/","title":{"rendered":"Incendios y saqueos en el santuario de las v\u00edctimas de Iron Mountain"},"content":{"rendered":"<p><img src=\"http:\/\/hoycordobaweb.com\/wp-content\/uploads\/2022\/01\/incendios-y-saqueos-en-el-santuario-de-las-victimas-de-iron-mountain.jpg\"><\/p>\n<figure class=\"mb-3\"><img loading=\"lazy\" src=\"http:\/\/hoycordobaweb.com\/wp-content\/uploads\/2022\/01\/incendios-y-saqueos-en-el-santuario-de-las-victimas-de-iron-mountain-2.jpg\" width=\"100%\" height=\"100%\" alt=\"El santuario \"><figcaption> El santuario. <\/figcaption><\/figure>\n<p>A cinco d\u00edas un nuevo aniversario de la tragedia de Iron Mountain, y cuando se esperan nuevos procesamientos en la causa por el incendio intencional de este dep\u00f3sito de documentaci\u00f3n, el santuario emplazado donde perdieron la vida 10 bomberos y rescatistas apareci\u00f3 este lunes vandalizado y los familiares consideran que es un intento m\u00e1s para acallarlos.<\/p>\n<p>Adem\u00e1s, denunciaron que a dos miembros de las familias de las v\u00edctimas que suelen oficiar de voceros ante los medios cada aniversario, <strong>\u00abse les bloque\u00f3 el celular\u00bb repentina e inexplicablemente.<\/strong><\/p>\n<p>\u00abTarde triste. Los amigos de fierro fueron al santuario de Barracas, donde las personas de buen coraz\u00f3n dejaban cosas en honor a los 10 h\u00e9roes y se encontraron con que fue vandalizado, que robaron las cosas que les pertenec\u00eda a nuestros hijos. Lo dejaron vac\u00edo, quemaron el \u00e1rbol sobre el que cay\u00f3 la pared, un s\u00edmbolo muy importante para nosotros\u00bb, escribi\u00f3 en su Facebook Mim\u00ed Albornoz junto a fotos que dan cuenta del da\u00f1o en el altar resguardado por chapas de Azara 1200.<\/p>\n<p>Seg\u00fan puede advertirse en fotos antiguas del lugar, sobre el tronco del \u00e1rbol estaba sujetado un cartel que dec\u00eda <strong>\u00abH\u00e9roes de Barracas Presentes\u00bb<\/strong> en el que sobresal\u00eda una cruz con decenas de rosarios, y a cuyos pies hab\u00eda un atril con infinidad de fotos, cartas, remeras y otras pertenencias de los bomberos fallecidos<\/p>\n<p>\u00abMucha bronca y tristeza. Vandalizaron y rompieron el altar de nuestros ca\u00eddos que fue armado por los familiares, amigos y conocidos; por gente que ven\u00eda de muchos lugares y quer\u00eda conocer el lugar donde perdieron la vida 10 servidores p\u00fablicos. Todos dejaron cosas de coraz\u00f3n (rosarios, remeras, cosas de bomberos, cuadros, im\u00e1genes religiosas, entre otras cosas ) Lamentablemente todo eso se perdi\u00f3, pero vamos a levantarlo de vuelta como como lo hicimos hace casi 8 a\u00f1os\u00bb, poste\u00f3 otra familiar.<\/p>\n<blockquote class><p>\u00abMucha bronca y tristeza. Vandalizaron y rompieron el altar de nuestros ca\u00eddos que fue armado por los familiares, amigos y conocidos\u00bb<\/p><\/blockquote>\n<p><strong>En di\u00e1logo con T\u00e9lam, el abogado de las familias, Javier Moral,<\/strong> asegur\u00f3 que \u00absiempre que avanzamos (judicialmente) sucede algo\u00bb porque \u00abno es la primera vez que suceden cosas extra\u00f1as y bastante sospechosas\u00bb en coincidencia con \u00abun movimiento judicial importante\u00bb como el que se espera para los pr\u00f3ximos d\u00edas: el nuevo procesamiento de los imputados por \u00abincendio culposo seguido de muerte\u00bb que adem\u00e1s podr\u00eda cambiar a \u00abdoloso\u00bb.<\/p>\n<p>En ese sentido <strong>Sandra Bar\u00edcola, la hermana del rescatista Pedro Bar\u00edcola<\/strong>, fallecido en el incendio, cont\u00f3 a T\u00e9lam que \u00abcon el anterior gobierno, a nosotros <strong>nos pincharon los tel\u00e9fonos<\/strong> e incluso a una de mis hermanas la persigui\u00f3 una camioneta\u00bb cuando iba a grabar una entrevista para el documental \u00abIron Mountain, el incendio\u00bb que se estrena el pr\u00f3ximo viernes a las 19:30 con proyecci\u00f3n al aire libre en Jovellanos y Quinquela Mart\u00edn.<\/p>\n<p>\u00abNosotros, como familiares y hermanos de Pedro, siempre fuimos muy activas en los medios, y eso molesta. Cada vez que nosotros vamos a dar una nota o acceder a los medios, algo sucede. Y ahora sucede un incendio (en el santuario) como nunca sucedi\u00f3 en los 8 a\u00f1os que trascurrieron. Claramente nos quieren callar\u00bb, dijo.<\/p>\n<blockquote class><p>\u00abDuele porque ni siquiera en este lugar sagrado nos dejan en paz\u00bb<\/p><\/blockquote>\n<p><strong>Bar\u00edcola responsabiliz\u00f3 directamente por este ataque a funcionarios del gobierno de la ciudad de Buenos Aires y del anterior gobierno nacional<\/strong>, que encabezaba el expresidente Mauricio Macri.<\/p>\n<p>\u00abDuele porque ni siquiera en este lugar sagrado nos dejan en paz\u00bb, reflexion\u00f3. <\/p>\n","protected":false},"excerpt":{"rendered":"<p>El santuario. A cinco d\u00edas un nuevo aniversario de la tragedia de Iron Mountain, y cuando se esperan nuevos procesamientos en la causa por el incendio intencional de este dep\u00f3sito de documentaci\u00f3n, el santuario emplazado donde perdieron la vida 10 bomberos y rescatistas apareci\u00f3 este lunes vandalizado y los familiares consideran que es un intento [&hellip;]<\/p>\n","protected":false},"author":1,"featured_media":36471,"comment_status":"open","ping_status":"closed","sticky":false,"template":"","format":"standard","meta":[],"categories":[19],"tags":[],"_links":{"self":[{"href":"http:\/\/hoycordobaweb.com\/index.php\/wp-json\/wp\/v2\/posts\/36470"}],"collection":[{"href":"http:\/\/hoycordobaweb.com\/index.php\/wp-json\/wp\/v2\/posts"}],"about":[{"href":"http:\/\/hoycordobaweb.com\/index.php\/wp-json\/wp\/v2\/types\/post"}],"author":[{"embeddable":true,"href":"http:\/\/hoycordobaweb.com\/index.php\/wp-json\/wp\/v2\/users\/1"}],"replies":[{"embeddable":true,"href":"http:\/\/hoycordobaweb.com\/index.php\/wp-json\/wp\/v2\/comments?post=36470"}],"version-history":[{"count":0,"href":"http:\/\/hoycordobaweb.com\/index.php\/wp-json\/wp\/v2\/posts\/36470\/revisions"}],"wp:featuredmedia":[{"embeddable":true,"href":"http:\/\/hoycordobaweb.com\/index.php\/wp-json\/wp\/v2\/media\/36471"}],"wp:attachment":[{"href":"http:\/\/hoycordobaweb.com\/index.php\/wp-json\/wp\/v2\/media?parent=36470"}],"wp:term":[{"taxonomy":"category","embeddable":true,"href":"http:\/\/hoycordobaweb.com\/index.php\/wp-json\/wp\/v2\/categories?post=36470"},{"taxonomy":"post_tag","embeddable":true,"href":"http:\/\/hoycordobaweb.com\/index.php\/wp-json\/wp\/v2\/tags?post=36470"}],"curies":[{"name":"wp","href":"https:\/\/api.w.org\/{rel}","templated":true}]}}