{"id":36456,"date":"2022-01-31T21:23:53","date_gmt":"2022-01-31T21:23:53","guid":{"rendered":"https:\/\/www.ole.com.ar\/seleccion\/argentina-equipo-colombia-7-cambios_0_6N3OEjKjTY.html"},"modified":"2022-01-31T21:23:53","modified_gmt":"2022-01-31T21:23:53","slug":"seleccion-los-11-contra-colombia-con-siete-cambios","status":"publish","type":"post","link":"http:\/\/hoycordobaweb.com\/index.php\/2022\/01\/31\/seleccion-los-11-contra-colombia-con-siete-cambios\/","title":{"rendered":"Selecci\u00f3n: los 11 contra Colombia con siete cambios"},"content":{"rendered":"<p><img src=\"http:\/\/hoycordobaweb.com\/wp-content\/uploads\/2022\/01\/seleccion-los-11-contra-colombia-con-siete-cambios.jpg\"><\/p>\n<p>Una formaci\u00f3n in\u00e9dita usar\u00e1 <a alt=\"lionel-scaloni\" class=\"slug\" href=\"https:\/\/www.ole.com.ar\/tema\/lionel-scaloni.html\" target=\"_blank\" title=\"lionel-scaloni\" rel=\"noopener noreferrer\">Lionel Scaloni <\/a>este martes ante <a alt=\"seleccion-de-colombia\" class=\"slug\" href=\"https:\/\/www.ole.com.ar\/tema\/seleccion-de-colombia.html\" target=\"_blank\" title=\"seleccion-de-colombia\" rel=\"noopener noreferrer\">Colombia<\/a>. Una decisi\u00f3n que no tiene nada que ver con que la <a alt=\"seleccion-argentina\" class=\"slug\" href=\"https:\/\/www.ole.com.ar\/tema\/seleccion-argentina.html\" target=\"_blank\" title=\"seleccion-argentina\" rel=\"noopener noreferrer\">Selecci\u00f3n<\/a> ya est\u00e9 clasificada al <a alt=\"mundial-de-qatar\" class=\"slug\" href=\"https:\/\/www.ole.com.ar\/tema\/mundial-de-qatar.html\" target=\"_blank\" title=\"mundial-de-qatar\" rel=\"noopener noreferrer\">Mundial de Qatar<\/a> y s\u00ed est\u00e1 atada al contexto, a la cantidad de bajas por distintos motivos que padeci\u00f3 y padece Argentina -empezando por un tal <a alt=\"lionel-messi\" class=\"slug\" href=\"https:\/\/www.ole.com.ar\/tema\/lionel-messi.html\" target=\"_blank\" title=\"lionel-messi\" rel=\"noopener noreferrer\">Lionel Messi<\/a>&#8211; en esta doble fecha de Eliminatorias. Y esta vez, <strong>los cambios ser\u00e1n siete<\/strong>.<\/p>\n<div class=\"sp__SM\">\n<div class=\"content-new \">\n<span class=\"tit-mobile\">Mir\u00e1 tambi\u00e9n<\/span><\/p>\n<div class=\"mg\">\n<div class=\"wrap-figure\">\n<picture>\n<a href=\"https:\/\/www.ole.com.ar\/seleccion\/scaloni-seleccion-hotel-chile-paul_0_P2qlQttlvY.html\" target=\"_self\" rel=\"noopener noreferrer\"><br \/>\n<img class=\"img-responsive\" alt=\"Scaloni: del &quot;puede pasar que el hotel se quede sin agua&quot; al &quot;no siempre nos hacen las cosas a prop\u00f3sito&quot;\" src=\"http:\/\/hoycordobaweb.com\/wp-content\/uploads\/2022\/01\/seleccion-los-11-contra-colombia-con-siete-cambios-2.jpg\" loading=\"lazy\"><br \/>\n<\/a>\n<\/picture>\n<\/div>\n<\/div><\/div>\n<\/div>\n<div class=\"sp__Normal\">\n<div class=\"image-embeb image-trigger\" readability=\"7\">\n<picture><source media=\"(min-width: 720px)\" srcset=\"http:\/\/hoycordobaweb.com\/wp-content\/uploads\/2022\/01\/seleccion-los-11-contra-colombia-con-siete-cambios-3.jpg\"><img itemprop=\"image\" src=\"http:\/\/hoycordobaweb.com\/wp-content\/uploads\/2022\/01\/seleccion-los-11-contra-colombia-con-siete-cambios-3.jpg\" loading=\"lazy\" alt=\"Dybala, Di Mar\u00eda y Scaloni, antes de Colombia (Foto Juan Manuel Foglia)\">\n<\/picture><figcaption readability=\"4\">\n<p>Dybala, Di Mar\u00eda y Scaloni, antes de Colombia (Foto Juan Manuel Foglia)\n<\/p>\n<\/figcaption><\/div>\n<\/div>\n<div class=\"sp__SM\">\n<div class=\"content-new \">\n<span class=\"tit-mobile\">Mir\u00e1 tambi\u00e9n<\/span><\/p>\n<div class=\"mg\">\n<div class=\"wrap-figure\">\n<picture>\n<a href=\"https:\/\/www.ole.com.ar\/seleccion\/argentina-scaloni-racismo-kempes_0_lcS1pWPKsW.html\" target=\"_self\" rel=\"noopener noreferrer\"><br \/>\n<img class=\"img-responsive\" alt=\"La Scaloneta, en contra del racismo\" src=\"http:\/\/hoycordobaweb.com\/wp-content\/uploads\/2022\/01\/seleccion-los-11-contra-colombia-con-siete-cambios-4.jpg\" loading=\"lazy\"><br \/>\n<\/a>\n<\/picture>\n<\/div>\n<\/div><\/div>\n<\/div>\n<p>Como <strong>Leandro Paredes, Nicol\u00e1s Tagliafico, Rodrigo De Paul y Nicol\u00e1s Otamendi<\/strong> llegaron a la segunda amonestaci\u00f3n cada uno, deben cumplir una fecha de suspensi\u00f3n. Pero adem\u00e1s, <strong>Nahuel Molina, el Papu G\u00f3mez y Nicol\u00e1s Gonz\u00e1lez<\/strong> tambi\u00e9n ver\u00edan desde afuera el duelo en C\u00f3rdoba si se toma como referencia el 11 inicial <a href=\"https:\/\/www.ole.com.ar\/seleccion\/scaloni-seleccion-hotel-chile-paul_0_P2qlQttlvY.html\" target=\"_blank\" rel=\"noopener noreferrer\"><strong>ante Chile, en Calama<\/strong><\/a>.<\/p>\n<p>M\u00e1s all\u00e1 de que el DT no dio pistas en la conferencia de prensa y no quiso adelantar la formaci\u00f3n, los que entrar\u00edan, seg\u00fan la \u00faltima pr\u00e1ctica antes de viajar a C\u00f3rdoba,&nbsp;son <a alt=\"gonzalo-montiel\" class=\"slug\" href=\"https:\/\/www.ole.com.ar\/tema\/gonzalo-montiel.html\" target=\"_blank\" title=\"gonzalo-montiel\" rel=\"noopener noreferrer\">Gonzalo Montiel<\/a>, <a alt=\"german-pezzella\" class=\"slug\" href=\"https:\/\/www.ole.com.ar\/tema\/german-pezzella.html\" target=\"_blank\" title=\"german-pezzella\" rel=\"noopener noreferrer\">Germ\u00e1n Pezzella<\/a>, <a alt=\"marcos-acuna\" class=\"slug\" href=\"https:\/\/www.ole.com.ar\/tema\/marcos-acuna.html\" target=\"_blank\" title=\"marcos-acuna\" rel=\"noopener noreferrer\">Marcos Acu\u00f1a<\/a>, <a alt=\"lucas-ocampos\" class=\"slug\" href=\"https:\/\/www.ole.com.ar\/tema\/lucas-ocampos.html\" target=\"_blank\" title=\"lucas-ocampos\" rel=\"noopener noreferrer\">Lucas Ocampos<\/a>, <a alt=\"guido-rodriguez\" class=\"slug\" href=\"https:\/\/www.ole.com.ar\/tema\/guido-rodriguez.html\" target=\"_blank\" title=\"guido-rodriguez\" rel=\"noopener noreferrer\">Guido Rodr\u00edguez<\/a>, <a alt=\"giovani-lo-celso\" class=\"slug\" href=\"https:\/\/www.ole.com.ar\/tema\/giovani-lo-celso.html\" target=\"_blank\" title=\"giovani-lo-celso\" rel=\"noopener noreferrer\">Giovani Lo Celso <\/a>y <a alt=\"paulo-dybala\" class=\"slug\" href=\"https:\/\/www.ole.com.ar\/tema\/paulo-dybala.html\" target=\"_blank\" title=\"paulo-dybala\" rel=\"noopener noreferrer\">Paulo Dybala <\/a>o <a alt=\"angel-correa\" class=\"slug\" href=\"https:\/\/www.ole.com.ar\/tema\/angel-correa.html\" target=\"_blank\" title=\"angel-correa\" rel=\"noopener noreferrer\">Angel Correa<\/a>. Y los cuatro que mantiene la titularidad son Dibu Mart\u00ednez, Lisandro Mart\u00ednez, Angel Di Mar\u00eda y Lautaro Mart\u00ednez.<\/p>\n<h2>Chance de oro para varios<\/h2>\n<p>Como la disputa por un lugar en la lista para la Copa del Mundo ser\u00e1 ardua y entra en su etapa decisiva, muchos jugadores necesitan oportunidades para mostrarse. <strong>Uno de ellos es Lucas Ocampos<\/strong>, relegado en anteriores convocatorias y, que tiene grandes chances de ser&nbsp;titular ante Colombia, si es que no vuelve a padecer una molestia en el tobillo derecho, lesi\u00f3n que lo dej\u00f3 fuera del banco en el duelo ante Chile.<\/p>\n<div class=\"sp__Normal\">\n<div class=\"image-embeb image-trigger\" readability=\"6\">\n<picture><source media=\"(min-width: 720px)\" srcset=\"http:\/\/hoycordobaweb.com\/wp-content\/uploads\/2022\/01\/seleccion-los-11-contra-colombia-con-siete-cambios-5.jpg\"><img itemprop=\"image\" src=\"http:\/\/hoycordobaweb.com\/wp-content\/uploads\/2022\/01\/seleccion-los-11-contra-colombia-con-siete-cambios-5.jpg\" loading=\"lazy\" alt=\"Chance para Ocampos (Photo by ALEJANDRO PAGNI \/ AFP)\">\n<\/picture><figcaption readability=\"2\">\n<p>Chance para Ocampos (Photo by ALEJANDRO PAGNI \/ AFP)\n<\/p>\n<\/figcaption><\/div>\n<\/div>\n<p>Lo mismo para Dybala o Angel Correa, de acuerdo a qui\u00e9n le toque. La Joya es justamente alguien a quien todo futbolero lo espera en su esplendor vestido con de celeste y blanco. Y Angelito buscar\u00e1 un lugar en Qatar&#8230;<\/p>\n<p><strong>Acu\u00f1a y Lo Celso,<\/strong> en tanto, son dos fijas que regresan a la formaci\u00f3n inicial. Y Montiel, actualmente suplente de Molina, dispone de otra oportunidad pero sabiendo que en partidos pesados (final de Copa Am\u00e9rica con Brasil), Scaloni lo tiene en cuenta. Pezzella, en tanto, es otra valioso reemplazo para la zaga central que necesita garantizar su puesto.<\/p>\n<div class=\"sp__Normal\">\n<div class=\"image-embeb image-trigger\" readability=\"6\">\n<picture><source media=\"(min-width: 720px)\" srcset=\"http:\/\/hoycordobaweb.com\/wp-content\/uploads\/2022\/01\/seleccion-los-11-contra-colombia-con-siete-cambios-6.jpg\"><img itemprop=\"image\" src=\"http:\/\/hoycordobaweb.com\/wp-content\/uploads\/2022\/01\/seleccion-los-11-contra-colombia-con-siete-cambios-6.jpg\" loading=\"lazy\" alt=\"Guido Rodr\u00edguez con Lautaro Mart\u00ednez (PRENSA AFA)\">\n<\/picture><figcaption readability=\"2\">\n<p>Guido Rodr\u00edguez con Lautaro Mart\u00ednez (PRENSA AFA)\n<\/p>\n<\/figcaption><\/div>\n<\/div>\n<p>Guido Rodr\u00edguez, por su parte, se sum\u00f3 luego de la victoria ante Chile y despu\u00e9s de dar negativo de Covid 19. El volante central del Betis es muy considerado por Scaloni (<a data-cke-saved-href=\"https:\/\/www.ole.com.ar\/seleccion\/scaloni-seleccion-colombia-eliminatorias_0_Ag5WG7twdB.html\" target=\"_blank\" href=\"https:\/\/www.ole.com.ar\/seleccion\/scaloni-seleccion-colombia-eliminatorias_0_Ag5WG7twdB.html\" rel=\"noopener noreferrer\"><strong>lo puso de ejemplo este martes<\/strong><\/a>) y es el sustituto natural de Paredes.<\/p>\n<h2>El equipo<\/h2>\n<p>As\u00ed, los 11 ser\u00edan Dibu Mart\u00ednez; Montiel, Pezzella, Lisandro Mart\u00ednez, Acu\u00f1a; Ocampos, Guido Rodr\u00edguez, Lo Celso, Di Mar\u00eda; Lautaro Mart\u00ednez y Dybala o Angel Correa. Un 4-4-2 flexible, como de costumbre con los esquemas usados por el cuerpo t\u00e9cnico.<\/p>\n<h2>Otros ausentes<\/h2>\n<p>A los cuatro suspendidos se les suman las ausencias de <strong>Messi, el Cuti Romero, Joaqu\u00edn Correa, Exequiel Palacios y Nicol\u00e1s Dom\u00ednguez<\/strong>, en distintas etapas de sus recuperaciones de diferentes dolencias.<\/p>\n<h2>La palabra de Scaloni<\/h2>\n<div class=\"entry-tags\">\n<h2>TEMAS QUE APARECEN EN ESTA NOTA<\/h2>\n<\/p><\/div>\n","protected":false},"excerpt":{"rendered":"<p>Una formaci\u00f3n in\u00e9dita usar\u00e1 Lionel Scaloni este martes ante Colombia. Una decisi\u00f3n que no tiene nada que ver con que la Selecci\u00f3n ya est\u00e9 clasificada al Mundial de Qatar y s\u00ed est\u00e1 atada al contexto, a la cantidad de bajas por distintos motivos que padeci\u00f3 y padece Argentina -empezando por un tal Lionel Messi&#8211; en [&hellip;]<\/p>\n","protected":false},"author":1,"featured_media":36457,"comment_status":"open","ping_status":"closed","sticky":false,"template":"","format":"standard","meta":[],"categories":[16],"tags":[],"_links":{"self":[{"href":"http:\/\/hoycordobaweb.com\/index.php\/wp-json\/wp\/v2\/posts\/36456"}],"collection":[{"href":"http:\/\/hoycordobaweb.com\/index.php\/wp-json\/wp\/v2\/posts"}],"about":[{"href":"http:\/\/hoycordobaweb.com\/index.php\/wp-json\/wp\/v2\/types\/post"}],"author":[{"embeddable":true,"href":"http:\/\/hoycordobaweb.com\/index.php\/wp-json\/wp\/v2\/users\/1"}],"replies":[{"embeddable":true,"href":"http:\/\/hoycordobaweb.com\/index.php\/wp-json\/wp\/v2\/comments?post=36456"}],"version-history":[{"count":0,"href":"http:\/\/hoycordobaweb.com\/index.php\/wp-json\/wp\/v2\/posts\/36456\/revisions"}],"wp:featuredmedia":[{"embeddable":true,"href":"http:\/\/hoycordobaweb.com\/index.php\/wp-json\/wp\/v2\/media\/36457"}],"wp:attachment":[{"href":"http:\/\/hoycordobaweb.com\/index.php\/wp-json\/wp\/v2\/media?parent=36456"}],"wp:term":[{"taxonomy":"category","embeddable":true,"href":"http:\/\/hoycordobaweb.com\/index.php\/wp-json\/wp\/v2\/categories?post=36456"},{"taxonomy":"post_tag","embeddable":true,"href":"http:\/\/hoycordobaweb.com\/index.php\/wp-json\/wp\/v2\/tags?post=36456"}],"curies":[{"name":"wp","href":"https:\/\/api.w.org\/{rel}","templated":true}]}}