{"id":36410,"date":"2022-01-30T13:48:40","date_gmt":"2022-01-30T13:48:40","guid":{"rendered":"https:\/\/www.mujerhoy.com\/moda\/no-te-pierdas\/bailarinas-burdeos-made-in-spain-rebajas-arrasan-instagram-ponibles-bonitas-20220130131858-nt.html"},"modified":"2022-01-30T13:48:40","modified_gmt":"2022-01-30T13:48:40","slug":"las-bailarinas-made-in-spain-con-las-que-vas-a-arrasar-en-instagram-cuando-llegue-el-buen-tiempo-estan-rebajadas","status":"publish","type":"post","link":"http:\/\/hoycordobaweb.com\/index.php\/2022\/01\/30\/las-bailarinas-made-in-spain-con-las-que-vas-a-arrasar-en-instagram-cuando-llegue-el-buen-tiempo-estan-rebajadas\/","title":{"rendered":"Las bailarinas made in Spain con las que vas a arrasar en Instagram cuando llegue el buen tiempo est\u00e1n rebajadas"},"content":{"rendered":"<p><!-- AUTHOR --><!-- COMPONENTS --><\/p>\n<p class=\"voc-paragraph\">Antes de que nos demos cuenta, <strong>la primavera<\/strong> habr\u00e1 tra\u00eddo de vuelta el buen tiempo. Por eso es importante que nuestro armario est\u00e9 preparado para ese momento. Seguro que, pensando en ello, ya te has hecho con algunas prendas de las rebajas de <a data-voc-vtm-id=\"in-text-traffic\" href=\"https:\/\/www.mujerhoy.com\/moda\/tendencias\/rebajas-zara-abrigos-bolsos-zapatos-camisas-baratos-20220105133703-nt.html\">Zara<\/a>, <a data-voc-vtm-id=\"in-text-traffic\" href=\"https:\/\/www.mujerhoy.com\/moda\/no-te-pierdas\/rebajas-mango-invierno-maria-pombo-influencers-abrigo-ponible-triunfa-instagram-20211230081103-nt.html\">Mango<\/a> o <a data-voc-vtm-id=\"in-text-traffic\" href=\"https:\/\/www.mujerhoy.com\/moda\/no-te-pierdas\/trech-barato-mas-vendido-rebajas-el-corte-ingles-fichado-looks-entretiempo-20220113114851-nt.html\">El Corte Ingl\u00e9s<\/a>. Pero tampoco te puedes olvidar de los zapatos con los que las vas a combinar. <\/p>\n<p class=\"voc-paragraph\">Y este a\u00f1o no pueden faltar en tu zapatero<br \/>\n<strong> unas bailarinas de color burdeos<\/strong>, el tono de rojo m\u00e1s elegante. No solo se trata de un calzado c\u00f3mo y pr\u00e1ctico, sino que adem\u00e1s tienen un aire estiloso que te har\u00e1 triunfar en Instagram. Por suerte, hemos encontrado dos modelos preciosos que nos traen sendas marcas made in Spain. Adem\u00e1s, ahora puedes aprovechar las rebajas para comprarlos con descuento. <\/p>\n<p class=\"voc-paragraph\">Estamos seguras de que, cuando llegue el entretiempo, te alegrar\u00e1s de haberte hecho con ellos porque podr\u00e1s comprobar que no solo son unos zapatos bonitos, sino tambi\u00e9n <strong>muy vers\u00e1tiles<\/strong>. Puedes llevarlos a diario para elevar tus conjuntos con vaqueros. Y tienen un aire sofisticado que hace que tambi\u00e9n queden de maravilla con tus looks m\u00e1s elegantes.\n<\/p>\n<div class=\"voc-detail__cmp\">\n<div class=\"voc-article-container\">\n<article class=\"voc-article voc-article--cmp-photo-text\" readability=\"26\">\n<div class=\"voc-img-container\" readability=\"7\"><picture>\n<div class=\"voc-horizontal voc-img-icon-link\"><img class=\"lazy\" loading=\"lazy\" data-original=\"\/\/static.mujerhoy.com\/www\/multimedia\/202201\/21\/media\/cortadas\/bailarinas-burdeos-eci-ksXH--624x624@MujerHoy.jpg\" alt=\"Las bailarinas de Pedro Miralles son de serraje\"><\/div>\n<\/picture>\n<p class=\"figure-caption \"> Las bailarinas de Pedro Miralles son de serraje \/ <span class=\"voc-photo-author\"> El Corte Ingl\u00e9s <\/span><\/p>\n<\/div>\n<\/article>\n<\/div>\n<\/div>\n<p class=\"voc-paragraph\">Las primeras son <strong>unas bailarinas de serraje <\/strong>de la firma Pedro Miralles. Acaban en punta y tienen un peque\u00f1o tac\u00f3n. Cuentan con una insignia con la inicial de la marca en el empeine. Costaban 119 \u20ac, pero puedes comprarlas en las rebajas de El Corte Ingl\u00e9s por 107,10 \u20ac. Adem\u00e1s, las encontrar\u00e1s en una amplia variedad de n\u00fameros: desde el 36 hasta el 41.\n<\/p>\n<div class=\"voc-detail-photo-zoom\"><picture data-toggle=\"modal\" data-target=\"#photoZoomModal-458\" target=\"modal\">\n<div class=\"voc-img-icon-link\"><img loading=\"lazy\" data-original=\"\/\/static.mujerhoy.com\/www\/multimedia\/202201\/21\/media\/cortadas\/bailarinas-burdeos-bobos-ksXH--460x637@MujerHoy.jpg\" class=\"lazy\" alt=\"El modelo Lolita Velvet Amaranto est\u00e1 disponible en todos los n\u00fameros\"><noscript><img src=\"http:\/\/hoycordobaweb.com\/wp-content\/uploads\/2022\/01\/las-bailarinas-made-in-spain-con-las-que-vas-a-arrasar-en-instagram-cuando-llegue-el-buen-tiempo-estan-rebajadas.jpg\" alt=\"El modelo Lolita Velvet Amaranto est\u00e1 disponible en todos los n\u00fameros\"><\/noscript><i class=\"voc-icons zoom voc-multimedia-box voc-ico-l\"><\/i><\/div><figcaption class=\"figure-caption\">El modelo Lolita Velvet Amaranto est\u00e1 disponible en todos los n\u00fameros<\/figcaption><\/picture><\/div>\n<div id=\"photoZoomModal-458\" class=\"voc-lightbox modal fade voc-lightbox--photo-zoom\" role=\"dialog\" data-voc-photozoom-lightbox>\n<div class=\"voc-lightbox__dialog\" role=\"document\">\n<div class=\"voc-lightbox__content\"><!-- Modal header --><!-- Modal content --><\/p>\n<div class=\"voc-lightbox__photo-container\"><picture class><img loading=\"lazy\" data-original=\"\/\/static.mujerhoy.com\/www\/multimedia\/202201\/21\/media\/cortadas\/bailarinas-burdeos-bobos-ksXH--460x637@MujerHoy.jpg\" alt=\"El modelo Lolita Velvet Amaranto est\u00e1 disponible en todos los n\u00fameros\" class=\"lazy\"><noscript><img src=\"http:\/\/hoycordobaweb.com\/wp-content\/uploads\/2022\/01\/las-bailarinas-made-in-spain-con-las-que-vas-a-arrasar-en-instagram-cuando-llegue-el-buen-tiempo-estan-rebajadas.jpg\" alt=\"El modelo Lolita Velvet Amaranto est\u00e1 disponible en todos los n\u00fameros\"><\/noscript><\/picture><\/div>\n<\/div>\n<\/div>\n<\/div>\n<p class=\"voc-paragraph\">La otra opci\u00f3n nos la trae Bobo&#8217;s. Su modelo Lolita Velvet Amaranto es <strong>una bailarina de terciopelo<\/strong> con un dise\u00f1o escotado. Tiene un ribete en color coral ahumado. Por suerte, todav\u00eda est\u00e1 disponible en todos los n\u00fameros (del 36 al 41). No obstante, esto podr\u00eda cambiar en cuesti\u00f3n de d\u00edas. Aunque su precio era de 130 \u20ac, ahora est\u00e1 rebajada a 91 \u20ac.\n<\/p>\n<div class=\"voc-detail__cmp voc-detail__cmp--pad-lr voc-detail__cmp--pad-lr--bdr\">\n<div class=\"voc-ficha-detail__wrapper\">\n<section class=\"voc-ficha-detail\">\n<h4 class=\"voc-ficha-detail-title voc-title-section\">Te recomendamos<\/h4>\n<\/section>\n<\/div>\n<\/div>\n<p><!-- TOPICS --><\/p>\n","protected":false},"excerpt":{"rendered":"<p>Antes de que nos demos cuenta, la primavera habr\u00e1 tra\u00eddo de vuelta el buen tiempo. Por eso es importante que nuestro armario est\u00e9 preparado para ese momento. Seguro que, pensando en ello, ya te has hecho con algunas prendas de las rebajas de Zara, Mango o El Corte Ingl\u00e9s. Pero tampoco te puedes olvidar de [&hellip;]<\/p>\n","protected":false},"author":1,"featured_media":36411,"comment_status":"closed","ping_status":"closed","sticky":false,"template":"","format":"standard","meta":[],"categories":[1],"tags":[],"_links":{"self":[{"href":"http:\/\/hoycordobaweb.com\/index.php\/wp-json\/wp\/v2\/posts\/36410"}],"collection":[{"href":"http:\/\/hoycordobaweb.com\/index.php\/wp-json\/wp\/v2\/posts"}],"about":[{"href":"http:\/\/hoycordobaweb.com\/index.php\/wp-json\/wp\/v2\/types\/post"}],"author":[{"embeddable":true,"href":"http:\/\/hoycordobaweb.com\/index.php\/wp-json\/wp\/v2\/users\/1"}],"replies":[{"embeddable":true,"href":"http:\/\/hoycordobaweb.com\/index.php\/wp-json\/wp\/v2\/comments?post=36410"}],"version-history":[{"count":0,"href":"http:\/\/hoycordobaweb.com\/index.php\/wp-json\/wp\/v2\/posts\/36410\/revisions"}],"wp:featuredmedia":[{"embeddable":true,"href":"http:\/\/hoycordobaweb.com\/index.php\/wp-json\/wp\/v2\/media\/36411"}],"wp:attachment":[{"href":"http:\/\/hoycordobaweb.com\/index.php\/wp-json\/wp\/v2\/media?parent=36410"}],"wp:term":[{"taxonomy":"category","embeddable":true,"href":"http:\/\/hoycordobaweb.com\/index.php\/wp-json\/wp\/v2\/categories?post=36410"},{"taxonomy":"post_tag","embeddable":true,"href":"http:\/\/hoycordobaweb.com\/index.php\/wp-json\/wp\/v2\/tags?post=36410"}],"curies":[{"name":"wp","href":"https:\/\/api.w.org\/{rel}","templated":true}]}}