{"id":36404,"date":"2022-01-30T22:04:21","date_gmt":"2022-01-30T22:04:21","guid":{"rendered":"https:\/\/www.ole.com.ar\/futbol-internacional\/inglaterra\/frank-lampard-dt-everton-premier-league-2022_0_hlJIrDCsfh.html"},"modified":"2022-01-30T22:04:21","modified_gmt":"2022-01-30T22:04:21","slug":"frank-lampard-vuelve-a-dirigir-en-la-premier-league","status":"publish","type":"post","link":"http:\/\/hoycordobaweb.com\/index.php\/2022\/01\/30\/frank-lampard-vuelve-a-dirigir-en-la-premier-league\/","title":{"rendered":"Frank Lampard vuelve a dirigir en la Premier League"},"content":{"rendered":"<p><img src=\"http:\/\/hoycordobaweb.com\/wp-content\/uploads\/2022\/01\/frank-lampard-vuelve-a-dirigir-en-la-premier-league.jpg\"><\/p>\n<p>Contrario a lo que indica su historia, <strong><a data-cke-saved-href=\"https:\/\/www.ole.com.ar\/tema\/everton.html\" target=\"_blank\" href=\"https:\/\/www.ole.com.ar\/tema\/everton.html\" rel=\"noopener noreferrer\">Everton<\/a> se encuentra hundido en el fondo de la <a data-cke-saved-href=\"https:\/\/www.ole.com.ar\/tema\/premier-league.html\" target=\"_blank\" href=\"https:\/\/www.ole.com.ar\/tema\/premier-league.html\" rel=\"noopener noreferrer\">Premier League<\/a> y con posibilidades reales de perder la categor\u00eda<\/strong>. El equipo de Goodison Park esta cumpliendo 119 temporadas en Primera Divisi\u00f3n, siendo el equipo con m\u00e1s presencias (solo no la jugaron tres veces). Pero podr\u00edan empeorar la estad\u00edstica si su campa\u00f1a no mejora.<\/p>\n<p> Con <strong>tan solo 19 puntos en 20 partidos disputados<\/strong>, los Toffees est\u00e1n <strong>16\u00b0 en la tabla de posiciones<\/strong>, a cuatro unidades de la zona de descenso. Este presente llev\u00f3 a que la dirigencia tome la decisi\u00f3n de <a data-cke-saved-href=\"https:\/\/www.ole.com.ar\/futbol-internacional\/inglaterra\/rafa-benitez-everton-reemplazos_0_QWM8_-94Z.html\" target=\"_blank\" href=\"https:\/\/www.ole.com.ar\/futbol-internacional\/inglaterra\/rafa-benitez-everton-reemplazos_0_QWM8_-94Z.html\" rel=\"noopener noreferrer\"><strong>destituir a Rafa Ben\u00edtez<\/strong>,<\/a> que estuvo en el cargo por 200 d\u00edas. De esta manera, el equipo de <a data-cke-saved-href=\"https:\/\/www.ole.com.ar\/futbol-internacional\/inglaterra\/rafa-benitez-arsenal-colombia_0_rlzCksu89.html\" target=\"_blank\" href=\"https:\/\/www.ole.com.ar\/futbol-internacional\/inglaterra\/rafa-benitez-arsenal-colombia_0_rlzCksu89.html\" rel=\"noopener noreferrer\"><strong>Yerry Mina<\/strong><\/a> y <a data-cke-saved-href=\"https:\/\/www.ole.com.ar\/futbol-internacional\/inglaterra\/richarlison-gol-chilena-redes_0_ZzkDLt7zB.html\" target=\"_blank\" href=\"https:\/\/www.ole.com.ar\/futbol-internacional\/inglaterra\/richarlison-gol-chilena-redes_0_ZzkDLt7zB.html\" rel=\"noopener noreferrer\"><strong>Richarlison<\/strong><\/a> se qued\u00f3 sin entrenador.<\/p>\n<div class=\"sp__Normal\">\n<div class=\"image-embeb image-trigger\" readability=\"6\">\n<picture><source media=\"(min-width: 720px)\" srcset=\"http:\/\/hoycordobaweb.com\/wp-content\/uploads\/2022\/01\/frank-lampard-vuelve-a-dirigir-en-la-premier-league-2.jpg\"><img itemprop=\"image\" src=\"http:\/\/hoycordobaweb.com\/wp-content\/uploads\/2022\/01\/frank-lampard-vuelve-a-dirigir-en-la-premier-league-2.jpg\" loading=\"lazy\" alt=\"Rafa Ben\u00edtez ya no es m\u00e1s entrenador de Everton (Foto: REUTER).\">\n<\/picture><figcaption readability=\"2\">\n<p>Rafa Ben\u00edtez ya no es m\u00e1s entrenador de Everton (Foto: REUTER).\n<\/p>\n<\/figcaption><\/div>\n<\/div>\n<div class=\"sp__SM\">\n<div class=\"content-new \">\n<span class=\"tit-mobile\">Mir\u00e1 tambi\u00e9n<\/span><\/p>\n<div class=\"mg\">\n<div class=\"wrap-figure\">\n<picture>\n<a href=\"https:\/\/www.ole.com.ar\/futbol-internacional\/america\/junior-barranquilla-luis-diaz-dinero_0_emf4m4Hvm9.html\" target=\"_self\" rel=\"noopener noreferrer\"><br \/>\n<img class=\"img-responsive\" alt=\"La impresionante cifra que recibir\u00e1 Junior por la venta de Luis D\u00edaz al Liverpool\" src=\"http:\/\/hoycordobaweb.com\/wp-content\/uploads\/2022\/01\/frank-lampard-vuelve-a-dirigir-en-la-premier-league-3.jpg\" loading=\"lazy\"><br \/>\n<\/a>\n<\/picture>\n<\/div>\n<\/div><\/div>\n<\/div>\n<p> Los de Goodison Park tuvieron charlas con distintos directores t\u00e9cnicos para que tomen el mando. <strong>Duncan Ferguson<\/strong> y <strong>Vitor Pereira<\/strong> fueron dos de ellos, pero finalmente se inclinaron por otro. <strong><a data-cke-saved-href=\"https:\/\/www.ole.com.ar\/tema\/frank-lampard.html\" target=\"_blank\" href=\"https:\/\/www.ole.com.ar\/tema\/frank-lampard.html\" rel=\"noopener noreferrer\">Frank Lampard<\/a>, leyenda del f\u00fatbol ingl\u00e9s, ser\u00e1 el encargado de mantener a Everton en Premier League<\/strong>. \u00bfPodr\u00e1?<\/p>\n<p> Seg\u00fan inform\u00f3 Sky Sports, el v\u00ednculo ya es oficial. El ex jugador y DT del Chelsea firm\u00f3 un c<mark>ontrato por dos a\u00f1os y medio<\/mark>. Paul Clement, ex Swansea y Derby, ser\u00e1 su ayudante de campo.<\/p>\n<div class=\"sp__SM\">\n<div class=\"content-new \">\n<span class=\"tit-mobile\">Mir\u00e1 tambi\u00e9n<\/span><\/p>\n<div class=\"mg\">\n<div class=\"wrap-figure\">\n<picture>\n<a href=\"https:\/\/www.ole.com.ar\/futbol-internacional\/espana\/dembele-barcelona-psg-icardi_0_eJeF9CmXAg.html\" target=\"_self\" rel=\"noopener noreferrer\"><br \/>\n<img class=\"img-responsive\" alt=\"Demb\u00e9l\u00e9 cerca del PSG, \u00bfe Icardi pasa al Barsa?\" src=\"http:\/\/hoycordobaweb.com\/wp-content\/uploads\/2022\/01\/frank-lampard-vuelve-a-dirigir-en-la-premier-league-4.jpg\" loading=\"lazy\"><br \/>\n<\/a>\n<\/picture>\n<\/div>\n<\/div><\/div>\n<\/div>\n<h2><strong><mark>SU CURRICULUM<\/mark><\/strong><\/h2>\n<p> Frank Lampard se encontraba sin trabajo desde que fue despedido por los Blues en enero de 2021, cuando el club se encontraba noveno en la Premier League. Despu\u00e9s de esto, Thomas Tuchel se hizo cargo del equipo y lo sac\u00f3 campe\u00f3n de la UEFA Champions League.<\/p>\n<p> Antes de su per\u00edodo de 18 meses en el Chelsea, al que llev\u00f3 a una final de FA CUP y a un resultado entre los cuatro primeros, Frank Lampard pas\u00f3 una temporada en el Derby County, que termin\u00f3 con la derrota ante el Aston Villa en la final de los Playoffs por el ascenso.<\/p>\n<div class=\"sp__Normal\">\n<div class=\"image-embeb image-trigger\" readability=\"6.5\">\n<picture><source media=\"(min-width: 720px)\" srcset=\"http:\/\/hoycordobaweb.com\/wp-content\/uploads\/2022\/01\/frank-lampard-vuelve-a-dirigir-en-la-premier-league-5.jpg\"><img itemprop=\"image\" src=\"http:\/\/hoycordobaweb.com\/wp-content\/uploads\/2022\/01\/frank-lampard-vuelve-a-dirigir-en-la-premier-league-5.jpg\" loading=\"lazy\" alt=\"Frank Lampard fue el verdugo de Marcelo Bielsa en las semifinales de los Playoffs 2019 (Foto: REUTER).\">\n<\/picture><figcaption readability=\"3\">\n<p>Frank Lampard fue el verdugo de Marcelo Bielsa en las semifinales de los Playoffs 2019 (Foto: REUTER).\n<\/p>\n<\/figcaption><\/div>\n<\/div>\n<div class=\"sp__SM\">\n<div class=\"content-new \">\n<span class=\"tit-mobile\">Mir\u00e1 tambi\u00e9n<\/span><\/p>\n<div class=\"mg\">\n<div class=\"wrap-figure\">\n<picture>\n<a href=\"https:\/\/www.ole.com.ar\/futbol-internacional\/eliminatorias\/colombia-polemica-aliento-hinchas-falcao_0_7roP0Grg9i.html\" target=\"_self\" rel=\"noopener noreferrer\"><br \/>\n<img class=\"img-responsive\" alt=\"Pol\u00e9mica en Colombia por el poco aliento de sus hinchas\" src=\"http:\/\/hoycordobaweb.com\/wp-content\/uploads\/2022\/01\/frank-lampard-vuelve-a-dirigir-en-la-premier-league-6.jpg\" loading=\"lazy\"><br \/>\n<\/a>\n<\/picture>\n<\/div>\n<\/div><\/div>\n<\/div>\n<div class=\"sp__SM\">\n<div class=\"content-new \">\n<span class=\"tit-mobile\">Mir\u00e1 tambi\u00e9n<\/span><\/p>\n<div class=\"mg\">\n<div class=\"wrap-figure\">\n<picture>\n<a href=\"https:\/\/www.ole.com.ar\/futbol-internacional\/francia\/messi-vuelve-11-titular-psg-niza_0_9wquE2SAqZ.html\" target=\"_self\" rel=\"noopener noreferrer\"><br \/>\n<img class=\"img-responsive\" alt=\"PSG-Niza: \u00bfa qu\u00e9 hora juega Messi y qu\u00e9 canal lo transmite?\" src=\"http:\/\/hoycordobaweb.com\/wp-content\/uploads\/2022\/01\/frank-lampard-vuelve-a-dirigir-en-la-premier-league-7.jpg\" loading=\"lazy\"><br \/>\n<\/a>\n<\/picture>\n<\/div>\n<\/div><\/div>\n<\/div>\n<div class=\"entry-tags\">\n<h2>TEMAS QUE APARECEN EN ESTA NOTA<\/h2>\n<\/p><\/div>\n","protected":false},"excerpt":{"rendered":"<p>Contrario a lo que indica su historia, Everton se encuentra hundido en el fondo de la Premier League y con posibilidades reales de perder la categor\u00eda. El equipo de Goodison Park esta cumpliendo 119 temporadas en Primera Divisi\u00f3n, siendo el equipo con m\u00e1s presencias (solo no la jugaron tres veces). Pero podr\u00edan empeorar la estad\u00edstica [&hellip;]<\/p>\n","protected":false},"author":1,"featured_media":36405,"comment_status":"open","ping_status":"closed","sticky":false,"template":"","format":"standard","meta":[],"categories":[16],"tags":[],"_links":{"self":[{"href":"http:\/\/hoycordobaweb.com\/index.php\/wp-json\/wp\/v2\/posts\/36404"}],"collection":[{"href":"http:\/\/hoycordobaweb.com\/index.php\/wp-json\/wp\/v2\/posts"}],"about":[{"href":"http:\/\/hoycordobaweb.com\/index.php\/wp-json\/wp\/v2\/types\/post"}],"author":[{"embeddable":true,"href":"http:\/\/hoycordobaweb.com\/index.php\/wp-json\/wp\/v2\/users\/1"}],"replies":[{"embeddable":true,"href":"http:\/\/hoycordobaweb.com\/index.php\/wp-json\/wp\/v2\/comments?post=36404"}],"version-history":[{"count":0,"href":"http:\/\/hoycordobaweb.com\/index.php\/wp-json\/wp\/v2\/posts\/36404\/revisions"}],"wp:featuredmedia":[{"embeddable":true,"href":"http:\/\/hoycordobaweb.com\/index.php\/wp-json\/wp\/v2\/media\/36405"}],"wp:attachment":[{"href":"http:\/\/hoycordobaweb.com\/index.php\/wp-json\/wp\/v2\/media?parent=36404"}],"wp:term":[{"taxonomy":"category","embeddable":true,"href":"http:\/\/hoycordobaweb.com\/index.php\/wp-json\/wp\/v2\/categories?post=36404"},{"taxonomy":"post_tag","embeddable":true,"href":"http:\/\/hoycordobaweb.com\/index.php\/wp-json\/wp\/v2\/tags?post=36404"}],"curies":[{"name":"wp","href":"https:\/\/api.w.org\/{rel}","templated":true}]}}