{"id":36400,"date":"2022-01-30T22:08:53","date_gmt":"2022-01-30T22:08:53","guid":{"rendered":"https:\/\/www.ole.com.ar\/futbol-internacional\/colombia-juanfer-argentina-ospina_0_jf8aYwF48f.html"},"modified":"2022-01-30T22:08:53","modified_gmt":"2022-01-30T22:08:53","slug":"colombia-se-motiva-en-una-frase-de-juanfer","status":"publish","type":"post","link":"http:\/\/hoycordobaweb.com\/index.php\/2022\/01\/30\/colombia-se-motiva-en-una-frase-de-juanfer\/","title":{"rendered":"Colombia se motiva en una frase de Juanfer"},"content":{"rendered":"<p><img src=\"http:\/\/hoycordobaweb.com\/wp-content\/uploads\/2022\/01\/colombia-se-motiva-en-una-frase-de-juanfer.jpg\"><\/p>\n<p><a alt=\"juan-fernando-quintero\" class=\"slug\" href=\"https:\/\/www.ole.com.ar\/tema\/juan-fernando-quintero.html\" target=\"_blank\" title=\"juan-fernando-quintero\" rel=\"noopener noreferrer\">Juan Fernando Quintero<\/a>, por lesi\u00f3n, no es parte del plantel de Colombia en esta doble fecha de <a alt=\"eliminatorias-sudamericanas\" class=\"slug\" href=\"https:\/\/www.ole.com.ar\/tema\/eliminatorias-sudamericanas.html\" target=\"_blank\" title=\"eliminatorias-sudamericanas\" rel=\"noopener noreferrer\">Eliminatorias<\/a>, en la que los Cafeteros perdieron 1 a 0 de local ante Per\u00fa y este martes enfrentar\u00e1n a <a alt=\"seleccion-argentina\" class=\"slug\" href=\"https:\/\/www.ole.com.ar\/tema\/seleccion-argentina.html\" target=\"_blank\" title=\"seleccion-argentina\" rel=\"noopener noreferrer\">Argentina<\/a>. De todas maneras, el futbolista recuperado por River dio apoyo desde afuera y, ante el pesimismo reinante entre los hinchas, difundi\u00f3 una frase:<strong> \u00abYo me monto\u00bb<\/strong>. Esto, en referencia a apoyar la esperanza por una clasificaci\u00f3n al Mundial de Qatar 2020.<\/p>\n<p>Esta frase fue utilizada por la Federaci\u00f3n Colombiana para difundir una imagen de los jugadores con la sentencia de Juanfer, en apoyo al plantel que dirige Luis Fernando Rueda. <strong>En el Twitter de la selecci\u00f3n se escribi\u00f3: \u00abCuando estamos unidos, juntos lo logramos. Es momento de creer. Vamos equipo, vamos Colombia\u00bb.<\/strong><\/p>\n<p>Todo esto en un contexto complicado en el que incluso se cuestion\u00f3 en redes sociales <a target=\"_blank\" href=\"https:\/\/www.ole.com.ar\/futbol-internacional\/eliminatorias\/colombia-polemica-aliento-hinchas-falcao_0_7roP0Grg9i.html\" rel=\"noopener noreferrer\">el apoyo que la&nbsp;gente&nbsp;le dieron al equipo <\/a>en el match ante los de Ricardo Gareca. Incluso, hasta Radamel Falcao se quej\u00f3: \u00abPer\u00fa tuvo 900 hinchas que alentaron todo el partido y levantaron a su equipo todo el tiempo para pelear con armas\u00bb.&nbsp;<\/p>\n<div class=\"sp__Normal\">\n<div class=\"image-embeb image-trigger\" readability=\"6\">\n<picture><source media=\"(min-width: 720px)\" srcset=\"http:\/\/hoycordobaweb.com\/wp-content\/uploads\/2022\/01\/colombia-se-motiva-en-una-frase-de-juanfer-2.jpg\"><img itemprop=\"image\" src=\"http:\/\/hoycordobaweb.com\/wp-content\/uploads\/2022\/01\/colombia-se-motiva-en-una-frase-de-juanfer-2.jpg\" loading=\"lazy\" alt=\"La campa\u00f1a de la Federaci\u00f3n Colombiana.\">\n<\/picture><figcaption readability=\"2\">\n<p>La campa\u00f1a de la Federaci\u00f3n Colombiana.\n<\/p>\n<\/figcaption><\/div>\n<\/div>\n<h2><strong>M\u00e1s de Falcao<\/strong><\/h2>\n<div class=\"sp__Normal\">\n<div class=\"image-embeb image-trigger\" readability=\"6\">\n<picture><source media=\"(min-width: 720px)\" srcset=\"http:\/\/hoycordobaweb.com\/wp-content\/uploads\/2022\/01\/colombia-se-motiva-en-una-frase-de-juanfer-3.jpg\"><img itemprop=\"image\" src=\"http:\/\/hoycordobaweb.com\/wp-content\/uploads\/2022\/01\/colombia-se-motiva-en-una-frase-de-juanfer-3.jpg\" loading=\"lazy\" alt=\"Radamel Falcao en la conferencia de prensa.\">\n<\/picture><figcaption readability=\"2\">\n<p>Radamel Falcao en la conferencia de prensa.\n<\/p>\n<\/figcaption><\/div>\n<\/div>\n<p>El delantero tambi\u00e9n opin\u00f3 en conferencia de prensa: \u201cYa cambiamos la mentalidad, pasamos la p\u00e1gina y estamos listos para la final del martes ante Argentina. No poder ayudar al equipo con goles no es una buen sensaci\u00f3n para nosotros (<strong>NdeR<\/strong>: Colombia lleva seis partidos sin meterla). Lo m\u00e1s importante es que estamos creando las situaciones. <strong>Argentina es una gran selecci\u00f3n que propone, nos va a generar espacios de cara al arco rival, debemos estar preparados para definir. La primera que entre el arco se nos va a abrir\u201d<\/strong>.<\/p>\n<p>\u201cSabemos que las probabilidades est\u00e1n en nuestra contra, pero queremos desafiar esas posibilidades. Al martes vamos a llegar fortalecidos.<strong> Al interior del grupo queremos creer que podemos darle la vuelta a la situaci\u00f3n,<\/strong> <strong>no queremos escuchar los comentarios negativos.<\/strong> No podemos prometerle a la gente algo que no sabemos si va a pasar, solo podemos prometer que vamos a luchar, queremos desafiar las posibilidades que tenemos en contra\u00bb, agreg\u00f3 Falcao, delantero del Rayo Vallecano, en C\u00f3rdoba.<\/p>\n<h2><strong>La reacci\u00f3n de Ospina<\/strong><\/h2>\n<p>El arquero de Colombia, criticado por su mala respuesta en el gol de Per\u00fa, declar\u00f3: \u00ab<strong>En el partido se sinti\u00f3 la desilusi\u00f3n<\/strong>. La gente que nos acompa\u00f1a puede reaccionar de esa manera cuando los resultados no son positivos. No estuvo bien que lanzaron cosas porque pudieron golpear a alguien (<strong>NdeR<\/strong>: tiraron objetos contra Rueda al final del partido). Los silbidos est\u00e1n bien, uno como jugador est\u00e1 dispuesto a eso cuando los resultados no se dan\u00bb. <\/p>\n<div class=\"sp__Normal\">\n<div class=\"image-embeb image-trigger\" readability=\"6\">\n<picture><source media=\"(min-width: 720px)\" srcset=\"http:\/\/hoycordobaweb.com\/wp-content\/uploads\/2022\/01\/colombia-se-motiva-en-una-frase-de-juanfer-4.jpg\"><img itemprop=\"image\" src=\"http:\/\/hoycordobaweb.com\/wp-content\/uploads\/2022\/01\/colombia-se-motiva-en-una-frase-de-juanfer-4.jpg\" loading=\"lazy\" alt=\"David Ospina en la conferencia de prensa.\">\n<\/picture><figcaption readability=\"2\">\n<p>David Ospina en la conferencia de prensa.\n<\/p>\n<\/figcaption><\/div>\n<\/div>\n<p>\u201cDespu\u00e9s del juego fue dif\u00edcil porque ten\u00edamos la aspiraci\u00f3n de lograr el resultado que nos dejara cerca del gran objetivo. A esto se le hace un duelo de m\u00e1ximo un d\u00eda y <strong>hay que recomponernos porque tenemos una final el martes y tenemos chances de conseguir la clasificaci\u00f3n\u00bb<\/strong>, agreg\u00f3.<\/p>\n<div class=\"entry-tags\">\n<h2>TEMAS QUE APARECEN EN ESTA NOTA<\/h2>\n<\/p><\/div>\n","protected":false},"excerpt":{"rendered":"<p>Juan Fernando Quintero, por lesi\u00f3n, no es parte del plantel de Colombia en esta doble fecha de Eliminatorias, en la que los Cafeteros perdieron 1 a 0 de local ante Per\u00fa y este martes enfrentar\u00e1n a Argentina. De todas maneras, el futbolista recuperado por River dio apoyo desde afuera y, ante el pesimismo reinante entre [&hellip;]<\/p>\n","protected":false},"author":1,"featured_media":36401,"comment_status":"open","ping_status":"closed","sticky":false,"template":"","format":"standard","meta":[],"categories":[16],"tags":[],"_links":{"self":[{"href":"http:\/\/hoycordobaweb.com\/index.php\/wp-json\/wp\/v2\/posts\/36400"}],"collection":[{"href":"http:\/\/hoycordobaweb.com\/index.php\/wp-json\/wp\/v2\/posts"}],"about":[{"href":"http:\/\/hoycordobaweb.com\/index.php\/wp-json\/wp\/v2\/types\/post"}],"author":[{"embeddable":true,"href":"http:\/\/hoycordobaweb.com\/index.php\/wp-json\/wp\/v2\/users\/1"}],"replies":[{"embeddable":true,"href":"http:\/\/hoycordobaweb.com\/index.php\/wp-json\/wp\/v2\/comments?post=36400"}],"version-history":[{"count":0,"href":"http:\/\/hoycordobaweb.com\/index.php\/wp-json\/wp\/v2\/posts\/36400\/revisions"}],"wp:featuredmedia":[{"embeddable":true,"href":"http:\/\/hoycordobaweb.com\/index.php\/wp-json\/wp\/v2\/media\/36401"}],"wp:attachment":[{"href":"http:\/\/hoycordobaweb.com\/index.php\/wp-json\/wp\/v2\/media?parent=36400"}],"wp:term":[{"taxonomy":"category","embeddable":true,"href":"http:\/\/hoycordobaweb.com\/index.php\/wp-json\/wp\/v2\/categories?post=36400"},{"taxonomy":"post_tag","embeddable":true,"href":"http:\/\/hoycordobaweb.com\/index.php\/wp-json\/wp\/v2\/tags?post=36400"}],"curies":[{"name":"wp","href":"https:\/\/api.w.org\/{rel}","templated":true}]}}