{"id":36351,"date":"2022-01-29T21:23:00","date_gmt":"2022-01-29T21:23:00","guid":{"rendered":"http:\/\/hoycordobaweb.com\/index.php\/2022\/01\/29\/el-parlamento-italiano-reeligio-a-sergio-mattarella-como-presidente\/"},"modified":"2022-01-29T21:23:00","modified_gmt":"2022-01-29T21:23:00","slug":"el-parlamento-italiano-reeligio-a-sergio-mattarella-como-presidente","status":"publish","type":"post","link":"http:\/\/hoycordobaweb.com\/index.php\/2022\/01\/29\/el-parlamento-italiano-reeligio-a-sergio-mattarella-como-presidente\/","title":{"rendered":"El Parlamento italiano reeligi\u00f3 a Sergio Mattarella como Presidente"},"content":{"rendered":"<p><img src=\"http:\/\/hoycordobaweb.com\/wp-content\/uploads\/2022\/01\/el-parlamento-italiano-reeligio-a-sergio-mattarella-como-presidente.jpg\"><\/p>\n<div><img src=\"http:\/\/hoycordobaweb.com\/wp-content\/uploads\/2022\/01\/el-parlamento-italiano-reeligio-a-sergio-mattarella-como-presidente-2.jpg\" class=\"ff-og-image-inserted\"><\/div>\n<h3>El papa Francisco salud\u00f3 a Mattarella por su reelecci\u00f3n y elogi\u00f3 vocaci\u00f3n de servicio<\/h3>\n<p>El papa Francisco felicit\u00f3 hoy al presidente de Italia, Sergio Mattarella, a poco rato de que el Parlamento lo reeligiera para un nuevo per\u00edodo en el Palacio del Quirinale, en un gesto inusual por su celeridad.<\/p>\n<p><strong>\u00abDeseo expresar mis cordiales felicitaciones por su reelecci\u00f3n al m\u00e1ximo cargo de la Republica italiana y formularle los mejores deseos para el cumplimiento de su alta tarea, que acogi\u00f3 con esp\u00edritu de generosa disponibilidad\u00bb<\/strong>, dice el telegrama enviado por el titular de la Iglesia Cat\u00f3lica, y por ende del Estado Vaticano.<\/p>\n<p><strong>\u00abEn estos tiempos caracterizados por la pandemia (de coronavirus), en los que se difundieron mucho malestar e incertidumbre, especialmente en el \u00e1mbito del trabajo, y aument\u00f3, adem\u00e1s de la pobreza, el miedo que lleva a cerrarse en uno mismo, su servicio es todav\u00eda m\u00e1s esencial para consolidar la unidad y transmitir serenidad al pa\u00eds\u00bb<\/strong>, agreg\u00f3 el pont\u00edfice.<\/p>\n<p>Por \u00faltimo, el papa le asegur\u00f3 su oraci\u00f3n al mandatario reelecto, de 80 a\u00f1os,<strong> \u00abpara que pueda continuar apoyando al querido pueblo italiano en la construcci\u00f3n de una convivencia cada vez m\u00e1s fraterna y animarlo a afrontar con esperanza el futuro\u00bb<\/strong>.<\/p>\n","protected":false},"excerpt":{"rendered":"<p>El papa Francisco salud\u00f3 a Mattarella por su reelecci\u00f3n y elogi\u00f3 vocaci\u00f3n de servicio El papa Francisco felicit\u00f3 hoy al presidente de Italia, Sergio Mattarella, a poco rato de que el Parlamento lo reeligiera para un nuevo per\u00edodo en el Palacio del Quirinale, en un gesto inusual por su celeridad. \u00abDeseo expresar mis cordiales felicitaciones [&hellip;]<\/p>\n","protected":false},"author":1,"featured_media":36352,"comment_status":"open","ping_status":"closed","sticky":false,"template":"","format":"standard","meta":[],"categories":[24],"tags":[],"_links":{"self":[{"href":"http:\/\/hoycordobaweb.com\/index.php\/wp-json\/wp\/v2\/posts\/36351"}],"collection":[{"href":"http:\/\/hoycordobaweb.com\/index.php\/wp-json\/wp\/v2\/posts"}],"about":[{"href":"http:\/\/hoycordobaweb.com\/index.php\/wp-json\/wp\/v2\/types\/post"}],"author":[{"embeddable":true,"href":"http:\/\/hoycordobaweb.com\/index.php\/wp-json\/wp\/v2\/users\/1"}],"replies":[{"embeddable":true,"href":"http:\/\/hoycordobaweb.com\/index.php\/wp-json\/wp\/v2\/comments?post=36351"}],"version-history":[{"count":0,"href":"http:\/\/hoycordobaweb.com\/index.php\/wp-json\/wp\/v2\/posts\/36351\/revisions"}],"wp:featuredmedia":[{"embeddable":true,"href":"http:\/\/hoycordobaweb.com\/index.php\/wp-json\/wp\/v2\/media\/36352"}],"wp:attachment":[{"href":"http:\/\/hoycordobaweb.com\/index.php\/wp-json\/wp\/v2\/media?parent=36351"}],"wp:term":[{"taxonomy":"category","embeddable":true,"href":"http:\/\/hoycordobaweb.com\/index.php\/wp-json\/wp\/v2\/categories?post=36351"},{"taxonomy":"post_tag","embeddable":true,"href":"http:\/\/hoycordobaweb.com\/index.php\/wp-json\/wp\/v2\/tags?post=36351"}],"curies":[{"name":"wp","href":"https:\/\/api.w.org\/{rel}","templated":true}]}}