{"id":36322,"date":"2022-01-28T13:17:06","date_gmt":"2022-01-28T13:17:06","guid":{"rendered":"https:\/\/www.mujerhoy.com\/moda\/no-te-pierdas\/coleccion-carrefour-logo-pryca-continente-viral-agotada-edicion-limitada-ropa-barata-20220128123636-nt.html"},"modified":"2022-01-28T13:17:06","modified_gmt":"2022-01-28T13:17:06","slug":"la-coleccion-de-supermercado-que-promete-ser-viral-carrefour-lanza-unas-prendas-con-logos-de-pryca-y-continente-que-no-puedes-dejar-escapar","status":"publish","type":"post","link":"http:\/\/hoycordobaweb.com\/index.php\/2022\/01\/28\/la-coleccion-de-supermercado-que-promete-ser-viral-carrefour-lanza-unas-prendas-con-logos-de-pryca-y-continente-que-no-puedes-dejar-escapar\/","title":{"rendered":"La colecci\u00f3n de supermercado que promete ser viral: Carrefour lanza unas prendas con logos de Pryca y Continente que no puedes dejar escapar"},"content":{"rendered":"<p><!-- AUTHOR --><!-- COMPONENTS --><\/p>\n<p class=\"voc-paragraph\">Despu\u00e9s de que <strong>Lidl <\/strong>arrasara en ventas con <a data-voc-vtm-id=\"in-text-traffic\" href=\"https:\/\/www.mujerhoy.com\/moda\/no-te-pierdas\/202010\/15\/zapatillas-deporte-lidl-baratas-agotadas-20201015103756.html\">unas zapatillas muy coloridas<\/a> que causaron furor, que alcanzaron precios desorbitados en reventa y que incluso mujeres como <a data-voc-vtm-id=\"in-text-traffic\" href=\"https:\/\/www.mujerhoy.com\/moda\/no-te-pierdas\/202012\/29\/nuria-roca-zapatillas-lidl-baratas-criticas-instagram-20201229101710.html\">Nuria Roca las vistieran<\/a>, <strong>Carrefour <\/strong>se ha animado con la logoman\u00eda. Y es que, la cadena de supermercados ha sorprendido con el lanzamiento de una <strong>original colecci\u00f3n vintage<\/strong> con prendas numeradas con la que<br \/>\n<strong> recupera los ic\u00f3nicos logos de Pryca y Continente<\/strong>, como respuesta a la actual tendencia de <strong>moda retro<\/strong> inspirada en el estilo de los 80\u00b4s.\n<\/p>\n<div class=\"voc-detail__cmp\">\n<div class=\"voc-article-container\">\n<article class=\"voc-article voc-article--cmp-photo-text\">\n<div class=\"voc-img-container\"><picture>\n<div class=\"voc-horizontal voc-img-icon-link\"><img class=\"lazy\" loading=\"lazy\" data-original=\"\/\/static1.mujerhoy.com\/www\/multimedia\/202201\/28\/media\/cortadas\/coleccion-carrefour-pryca-continente-kG0B--624x624@MujerHoy.jpg\" alt><\/div>\n<\/picture><\/div>\n<\/article>\n<\/div>\n<\/div>\n<p class=\"voc-paragraph\">Y lo han hecho creando una <strong>edici\u00f3n limitada<\/strong> de prendas de las que \u00fanicamente pondr\u00e1 a la venta un n\u00famero reducido de unidades hasta fin de existencias. Una colecci\u00f3n formada por <strong>camisetas de algod\u00f3n y manga corta, zapatillas deportivas y calcetines<\/strong> que llevan los logos de estas cadenas y que tienen dos colores como protagonistas: <strong>el azul y el verde<\/strong>. De esta forma, Carrefour rinde homenaje a sus or\u00edgenes creando tambi\u00e9n espacios decorados con est\u00e9tica retro en los que se mostrar\u00e1n estos productos con una cuidada <strong>ambientaci\u00f3n de los a\u00f1os 80<\/strong>.\n<\/p>\n<div class=\"voc-detail__cmp\">\n<div class=\"voc-article-container\">\n<article class=\"voc-article voc-article--cmp-photo-text\">\n<div class=\"voc-img-container\"><picture>\n<div class=\"voc-horizontal voc-img-icon-link\"><img class=\"lazy\" loading=\"lazy\" data-original=\"\/\/static.mujerhoy.com\/www\/multimedia\/202201\/28\/media\/cortadas\/zapatillas-camiseta-carrefour-kG0B--624x624@MujerHoy.jpg\" alt><\/div>\n<\/picture><\/div>\n<\/article>\n<\/div>\n<\/div>\n<p class=\"voc-paragraph\">La m\u00e1xima de la moda es la del <strong>\u00abtodo vuelve\u00bb<\/strong> y Carrefour ha realizado un nost\u00e1lgico reconocimiento hacia aquellas marcas ic\u00f3nicas y ha aprovechado el furor que est\u00e1 causando la <strong>logoman\u00eda <\/strong>para lanzar esta selecci\u00f3n de prendas que <strong>promete hacerse viral<\/strong> en poco tiempo. Adem\u00e1s, su car\u00e1cter de edici\u00f3n limitada har\u00e1 que se agote en muy poco tiempo. \u00bfVeremos a las <strong>influencers <\/strong>luciendo looks con estas prendas? <\/p>\n<div class=\"voc-detail__cmp voc-detail__cmp--pad-lr voc-detail__cmp--pad-lr--bdr\">\n<div class=\"voc-ficha-detail__wrapper\">\n<section class=\"voc-ficha-detail\">\n<h4 class=\"voc-ficha-detail-title voc-title-section\">te recomendamos<\/h4>\n<\/section>\n<\/div>\n<\/div>\n<p><!-- TOPICS --><\/p>\n","protected":false},"excerpt":{"rendered":"<p>Despu\u00e9s de que Lidl arrasara en ventas con unas zapatillas muy coloridas que causaron furor, que alcanzaron precios desorbitados en reventa y que incluso mujeres como Nuria Roca las vistieran, Carrefour se ha animado con la logoman\u00eda. Y es que, la cadena de supermercados ha sorprendido con el lanzamiento de una original colecci\u00f3n vintage con [&hellip;]<\/p>\n","protected":false},"author":1,"featured_media":36323,"comment_status":"closed","ping_status":"closed","sticky":false,"template":"","format":"standard","meta":[],"categories":[1],"tags":[],"_links":{"self":[{"href":"http:\/\/hoycordobaweb.com\/index.php\/wp-json\/wp\/v2\/posts\/36322"}],"collection":[{"href":"http:\/\/hoycordobaweb.com\/index.php\/wp-json\/wp\/v2\/posts"}],"about":[{"href":"http:\/\/hoycordobaweb.com\/index.php\/wp-json\/wp\/v2\/types\/post"}],"author":[{"embeddable":true,"href":"http:\/\/hoycordobaweb.com\/index.php\/wp-json\/wp\/v2\/users\/1"}],"replies":[{"embeddable":true,"href":"http:\/\/hoycordobaweb.com\/index.php\/wp-json\/wp\/v2\/comments?post=36322"}],"version-history":[{"count":0,"href":"http:\/\/hoycordobaweb.com\/index.php\/wp-json\/wp\/v2\/posts\/36322\/revisions"}],"wp:featuredmedia":[{"embeddable":true,"href":"http:\/\/hoycordobaweb.com\/index.php\/wp-json\/wp\/v2\/media\/36323"}],"wp:attachment":[{"href":"http:\/\/hoycordobaweb.com\/index.php\/wp-json\/wp\/v2\/media?parent=36322"}],"wp:term":[{"taxonomy":"category","embeddable":true,"href":"http:\/\/hoycordobaweb.com\/index.php\/wp-json\/wp\/v2\/categories?post=36322"},{"taxonomy":"post_tag","embeddable":true,"href":"http:\/\/hoycordobaweb.com\/index.php\/wp-json\/wp\/v2\/tags?post=36322"}],"curies":[{"name":"wp","href":"https:\/\/api.w.org\/{rel}","templated":true}]}}