{"id":36310,"date":"2022-01-28T22:13:46","date_gmt":"2022-01-28T22:13:46","guid":{"rendered":"https:\/\/www.ole.com.ar\/seleccion\/guido-rodriguez-seleccion-eliminatorias_0_xnxNA1FBh7.html"},"modified":"2022-01-28T22:13:46","modified_gmt":"2022-01-28T22:13:46","slug":"respira-scaloni-guido-rodriguez-dio-negativo-y-se-suma-al-equipo","status":"publish","type":"post","link":"http:\/\/hoycordobaweb.com\/index.php\/2022\/01\/28\/respira-scaloni-guido-rodriguez-dio-negativo-y-se-suma-al-equipo\/","title":{"rendered":"Respira Scaloni: Guido Rodr\u00edguez dio negativo y se suma al equipo"},"content":{"rendered":"<p><img src=\"http:\/\/hoycordobaweb.com\/wp-content\/uploads\/2022\/01\/respira-scaloni-guido-rodriguez-dio-negativo-y-se-suma-al-equipo.jpg\"><\/p>\n<div><img src=\"http:\/\/hoycordobaweb.com\/wp-content\/uploads\/2022\/01\/respira-scaloni-guido-rodriguez-dio-negativo-y-se-suma-al-equipo.jpg\" class=\"ff-og-image-inserted\"><\/div>\n<p><a alt=\"argentina\" class=\"slug\" href=\"https:\/\/www.ole.com.ar\/tema\/argentina.html\" target=\"_blank\" title=\"argentina\" rel=\"noopener noreferrer\">Argentina<\/a> lleg\u00f3 a esta doble fecha de <a alt=\"eliminatorias-sudamericanas\" class=\"slug\" href=\"https:\/\/www.ole.com.ar\/tema\/eliminatorias-sudamericanas.html\" target=\"_blank\" title=\"eliminatorias-sudamericanas\" rel=\"noopener noreferrer\">Eliminatorias<\/a> con un mediocampo flaco por varias ausencias. Uno de los que fue baja a \u00faltimo momento fue <a alt=\"guido-rodriguez\" class=\"slug\" href=\"https:\/\/www.ole.com.ar\/tema\/guido-rodriguez.html\" target=\"_blank\" title=\"guido-rodriguez\" rel=\"noopener noreferrer\">Guido Rodr\u00edguez<\/a>, quien dio positivo en el aeropuerto de Barajas antes de viajar. Sin embargo, <strong>el del Betis obtuvo el tan esperado negativo y se sumar\u00e1 a la Selecci\u00f3n para enfrentar el pr\u00f3ximo martes a las 20.30 a Colombia.<\/strong><\/p>\n<h2><strong>El posteo de la Selecci\u00f3n anunciando la noticia<\/strong><\/h2>\n<div class=\"sp__Normal htmlLibre\">\n<div class=\"embed-responsive-c\" readability=\"5.7771084337349\">\n<blockquote class=\"twitter-tweet\" readability=\"5.7771084337349\">\n<p lang=\"es\" dir=\"ltr\"><a href=\"https:\/\/twitter.com\/hashtag\/Selecci%C3%B3nMayor?src=hash&amp;ref_src=twsrc%5Etfw\">#Selecci\u00f3nMayor<\/a> El mediocampista Guido Rodr\u00edguez dio negativo en sus \u00faltimos testeos y tras efectuarse todos los estudios correspondientes al alta epidemiol\u00f3gica se sumar\u00e1 a la plantilla para disputar el \u00faltimo partido de eliminatorias. <a href=\"https:\/\/t.co\/2pjfsdNbLM\">pic.twitter.com\/2pjfsdNbLM<\/a><\/p>\n<p>\u2014 Selecci\u00f3n Argentina \ud83c\udde6\ud83c\uddf7 (@Argentina) <a href=\"https:\/\/twitter.com\/Argentina\/status\/1487177493966643204?ref_src=twsrc%5Etfw\">January 28, 2022<\/a><\/p><\/blockquote><\/div>\n<\/div>\n<p>Notici\u00f3n para <a alt=\"lionel-scaloni\" class=\"slug\" href=\"https:\/\/www.ole.com.ar\/tema\/lionel-scaloni.html\" target=\"_blank\" title=\"lionel-scaloni\" rel=\"noopener noreferrer\">Lionel Scaloni <\/a>(tambi\u00e9n ausente por Covid), <strong>que tampoco iba a poder contar con<a href=\"https:\/\/www.ole.com.ar\/seleccion\/seleccion-bajas-colombia-amarillas_0_wE9eSHq69E.html\" target=\"_blank\" rel=\"noopener noreferrer\"> Rodrigo de Paul y Leandro Paredes en el medio<\/a><\/strong>, ya que ambos llegaron al l\u00edmite de amonestaciones ante <a alt=\"seleccion-de-chile\" class=\"slug\" href=\"https:\/\/www.ole.com.ar\/tema\/seleccion-de-chile.html\" target=\"_blank\" title=\"seleccion-de-chile\" rel=\"noopener noreferrer\">Chile<\/a>. <strong>Seguramente Guido Rodr\u00edguez estar\u00e1 desde el arranque ante los cafeteros<\/strong>. Tagliafico y Otamendi tambi\u00e9n est\u00e1n suspendidos, pero la defensa tiene m\u00e1s variantes.<\/p>\n<p>\u00abEl mediocampista Guido Rodr\u00edguez dio negativo en sus \u00faltimos testeos y tras efectuarse todos los estudios correspondientes al alta epidemiol\u00f3gica se sumar\u00e1 a la plantilla para disputar el \u00faltimo partido de eliminatorias\u00bb. anunci\u00f3 la cuenta de Twitter de la Selecci\u00f3n, entregando la mejor noticia que pod\u00eda recibir el cuerpo t\u00e9cnico. <\/p>\n<p>Si bien Argentina ya est\u00e1 clasificada, buscar\u00e1 ante Colombia un triunfo que le permita acercarse al primer lugar de la tabla de posiciones, hoy propiedad de Brasil.<\/p>\n<p><opta-widget widget=\"standings\" competition=\"342\" season=\"112022\" template=\"normal\" live=\"true\" default_nav=\"1\" side=\"combined\" data_detail=\"default\" show_key=\"true\" show_crests=\"true\" points_in_first_column=\"true\" lose_before_draw=\"false\" competition_naming=\"full\" team_naming=\"full\" date_format=\"dddd D MMMM YYYY\" sorting=\"false\" show_live=\"false\" show_relegation_average=\"true\" show_logo=\"true\" show_title=\"true\" breakpoints=\"382\" sport=\"football\"><\/opta-widget> <\/p>\n<div class=\"entry-tags\">\n<h2>TEMAS QUE APARECEN EN ESTA NOTA<\/h2>\n<\/p><\/div>\n","protected":false},"excerpt":{"rendered":"<p>Argentina lleg\u00f3 a esta doble fecha de Eliminatorias con un mediocampo flaco por varias ausencias. Uno de los que fue baja a \u00faltimo momento fue Guido Rodr\u00edguez, quien dio positivo en el aeropuerto de Barajas antes de viajar. Sin embargo, el del Betis obtuvo el tan esperado negativo y se sumar\u00e1 a la Selecci\u00f3n para [&hellip;]<\/p>\n","protected":false},"author":1,"featured_media":36311,"comment_status":"open","ping_status":"closed","sticky":false,"template":"","format":"standard","meta":[],"categories":[16],"tags":[],"_links":{"self":[{"href":"http:\/\/hoycordobaweb.com\/index.php\/wp-json\/wp\/v2\/posts\/36310"}],"collection":[{"href":"http:\/\/hoycordobaweb.com\/index.php\/wp-json\/wp\/v2\/posts"}],"about":[{"href":"http:\/\/hoycordobaweb.com\/index.php\/wp-json\/wp\/v2\/types\/post"}],"author":[{"embeddable":true,"href":"http:\/\/hoycordobaweb.com\/index.php\/wp-json\/wp\/v2\/users\/1"}],"replies":[{"embeddable":true,"href":"http:\/\/hoycordobaweb.com\/index.php\/wp-json\/wp\/v2\/comments?post=36310"}],"version-history":[{"count":0,"href":"http:\/\/hoycordobaweb.com\/index.php\/wp-json\/wp\/v2\/posts\/36310\/revisions"}],"wp:featuredmedia":[{"embeddable":true,"href":"http:\/\/hoycordobaweb.com\/index.php\/wp-json\/wp\/v2\/media\/36311"}],"wp:attachment":[{"href":"http:\/\/hoycordobaweb.com\/index.php\/wp-json\/wp\/v2\/media?parent=36310"}],"wp:term":[{"taxonomy":"category","embeddable":true,"href":"http:\/\/hoycordobaweb.com\/index.php\/wp-json\/wp\/v2\/categories?post=36310"},{"taxonomy":"post_tag","embeddable":true,"href":"http:\/\/hoycordobaweb.com\/index.php\/wp-json\/wp\/v2\/tags?post=36310"}],"curies":[{"name":"wp","href":"https:\/\/api.w.org\/{rel}","templated":true}]}}