{"id":36267,"date":"2022-01-27T22:05:15","date_gmt":"2022-01-27T22:05:15","guid":{"rendered":"https:\/\/www.ole.com.ar\/futbol-internacional\/eliminatorias\/planchazo-alexander-dominguez-brasil_0_3NwtK2SS47.html"},"modified":"2022-01-27T22:05:15","modified_gmt":"2022-01-27T22:05:15","slug":"video-dos-planchazos-de-arqueros-una-roja-y-una-amarilla","status":"publish","type":"post","link":"http:\/\/hoycordobaweb.com\/index.php\/2022\/01\/27\/video-dos-planchazos-de-arqueros-una-roja-y-una-amarilla\/","title":{"rendered":"Video: dos planchazos de arqueros, una roja y una amarilla"},"content":{"rendered":"<p><img src=\"http:\/\/hoycordobaweb.com\/wp-content\/uploads\/2022\/01\/video-dos-planchazos-de-arqueros-una-roja-y-una-amarilla.jpg\"><\/p>\n<p>La primera media hora de juego entre <strong><a alt=\"seleccion-de-ecuador\" class=\"slug\" href=\"https:\/\/www.ole.com.ar\/tema\/seleccion-de-ecuador.html\" target=\"_blank\" title=\"seleccion-de-ecuador\" rel=\"noopener noreferrer\">Ecuador <\/a><\/strong>y <strong><a alt=\"seleccion-de-brasil\" class=\"slug\" href=\"https:\/\/www.ole.com.ar\/tema\/seleccion-de-brasil.html\" target=\"_blank\" title=\"seleccion-de-brasil\" rel=\"noopener noreferrer\">Brasil <\/a><\/strong>fue ins\u00f3lita: <strong>casi terminan los dos arqueros expulsados por infracciones muy similares<\/strong>. Fueron dos tremendos planchazos, aunque solo uno se fue a las duchas antes de tiempo. <strong><a alt=\"alexander-dominguez\" class=\"slug\" href=\"https:\/\/www.ole.com.ar\/tema\/alexander-dominguez.html\" target=\"_blank\" title=\"alexander-dominguez\" rel=\"noopener noreferrer\">Alexander Dom\u00ednguez<\/a><\/strong>, ex V\u00e9lez, a<strong>tendi\u00f3 a Matheus Cunha<\/strong> <strong>y tras la intervenci\u00f3n del VAR vio la roja directa<\/strong>. Tambi\u00e9n hab\u00eda visto esa tarjeta <strong><a alt=\"alisson-becker\" class=\"slug\" href=\"https:\/\/www.ole.com.ar\/tema\/alisson-becker.html\" target=\"_blank\" title=\"alisson-becker\" rel=\"noopener noreferrer\">Alisson<\/a><\/strong>, <strong>pero tras la revisi\u00f3n el refer\u00ed le anul\u00f3 la roja y le mostr\u00f3 la amarilla.<\/strong><\/p>\n<p>La primera acci\u00f3n fue a los 12 minutos, con el Scratch ganando 1-0. Fred habilit\u00f3 a Cunha, que se fue mano a mano con Dom\u00ednguez&#8230; Para frenarlo, <strong>el arquero levant\u00f3 la pierna derecha e impact\u00f3 directo en el cuello del delantero del Atl\u00e9tico de Madrid<\/strong>. Al colombiano Wilmar Rold\u00e1n lo llamaron desde el VAR para que vea la jugada: la falta fue afuera del \u00e1rea pero fue tan violenta que merec\u00eda la roja. De hecho, al brasile\u00f1o le quedaron los botines marcados en el cuello.<\/p>\n<div class=\"sp__Normal\">\n<div class=\"image-embeb image-trigger\">\n<picture><source media=\"(min-width: 720px)\" srcset=\"http:\/\/hoycordobaweb.com\/wp-content\/uploads\/2022\/01\/video-dos-planchazos-de-arqueros-una-roja-y-una-amarilla-2.jpg\"><img itemprop=\"image\" src=\"http:\/\/hoycordobaweb.com\/wp-content\/uploads\/2022\/01\/video-dos-planchazos-de-arqueros-una-roja-y-una-amarilla-2.jpg\" loading=\"lazy\" alt=\"As\u00ed qued\u00f3 Cunha...\">\n<\/picture><figcaption>\n<p>As\u00ed qued\u00f3 Cunha&#8230;\n<\/p>\n<\/figcaption><\/div>\n<\/div>\n<p><strong>Por su parte, a Alisson lo salvaron desde la cabina, a cargo del uruguayo Leod\u00e1n Gonz\u00e1lez<\/strong>. A los 25 minutos, en una jugada similar a la de Dom\u00ednguez, el del Liverpool levant\u00f3 la pierna y le dio un golpe en la cabeza a Enner Valencia, punta del equipo de Alfaro.<strong> Rold\u00e1n no dud\u00f3 y sac\u00f3 la roja directa&#8230;<\/strong> Pero esta vez el VAR lo llam\u00f3 para que revise la acci\u00f3n, ya que no consideraban que era para roja. A favor del brasile\u00f1o: <strong>hab\u00eda llegado antes a la pelota y el golpe no fue de lleno<\/strong>. Rold\u00e1n mir\u00f3 de nuevo el planchazo y le cambi\u00f3 el color de la tarjeta:<strong> pas\u00f3 de roja a amarilla.<\/strong><\/p>\n<div class=\"sp__SM\">\n<div class=\"content-new \">\n<span class=\"tit-mobile\">Mir\u00e1 tambi\u00e9n<\/span><\/p>\n<div class=\"mg\">\n<div class=\"wrap-figure\">\n<picture>\n<a href=\"https:\/\/www.ole.com.ar\/futbol-internacional\/eliminatorias\/zamorano-dibu-martinez-eliminatorias_0_WR6NXf2LUZ.html\" target=\"_self\" rel=\"noopener noreferrer\"><br \/>\n<img class=\"img-responsive\" alt=\"La chicana de Zamorano a Dibu Mart\u00ednez\" src=\"http:\/\/hoycordobaweb.com\/wp-content\/uploads\/2022\/01\/video-dos-planchazos-de-arqueros-una-roja-y-una-amarilla-3.jpg\" loading=\"lazy\"><br \/>\n<\/a>\n<\/picture>\n<\/div>\n<\/div><\/div>\n<\/div>\n<h2><strong>EL OTRO EXPULSADO<\/strong><\/h2>\n<p>Adem\u00e1s de los patadones de los arqueros, el primer tiempo -en el que dieron nueve minutos de adicci\u00f3n-&nbsp;tambi\u00e9n tuvo otra pol\u00e9mica y una roja para los de Tite. E<strong>n la jugada siguente a la&nbsp;expulsi\u00f3n de Dom\u00ednguez, el que se fue al vestuario fue Emerson por doble amarilla<\/strong>. La primera amonestaci\u00f3n fue antes del primer minuto de juego por un manotazo y la segunda por una patada a&nbsp;Michael Estrada.&nbsp;&nbsp;&nbsp;&nbsp;&nbsp;&nbsp;&nbsp;&nbsp;<\/p>\n<div class=\"sp__SM\">\n<div class=\"content-new \">\n<span class=\"tit-mobile\">Mir\u00e1 tambi\u00e9n<\/span><\/p>\n<div class=\"mg\">\n<div class=\"wrap-figure\">\n<picture>\n<a href=\"https:\/\/www.ole.com.ar\/futbol-internacional\/eliminatorias\/tabla-eliminatorias-sudamericana-fecha-15_0_i7CX9kV2kL.html\" target=\"_self\" rel=\"noopener noreferrer\"><br \/>\n<img class=\"img-responsive\" alt=\"La tabla en vivo de las Eliminatorias\" src=\"http:\/\/hoycordobaweb.com\/wp-content\/uploads\/2022\/01\/video-dos-planchazos-de-arqueros-una-roja-y-una-amarilla-4.jpg\" loading=\"lazy\"><br \/>\n<\/a>\n<\/picture>\n<\/div>\n<\/div><\/div>\n<\/div>\n<div class=\"sp__SM\">\n<div class=\"content-new \">\n<span class=\"tit-mobile\">Mir\u00e1 tambi\u00e9n<\/span><\/p>\n<div class=\"mg\">\n<div class=\"wrap-figure\">\n<picture>\n<a href=\"https:\/\/www.ole.com.ar\/futbol-internacional\/eliminatorias\/mensajes-vidal-chile-argentina_0_VhQlcbytiA.html\" target=\"_self\" rel=\"noopener noreferrer\"><br \/>\n<img class=\"img-responsive\" alt=\"El mensaje de Arturo Vidal antes de Chile - Argentina\" src=\"http:\/\/hoycordobaweb.com\/wp-content\/uploads\/2022\/01\/video-dos-planchazos-de-arqueros-una-roja-y-una-amarilla-5.jpg\" loading=\"lazy\"><br \/>\n<\/a>\n<\/picture>\n<\/div>\n<\/div><\/div>\n<\/div>\n<div class=\"entry-tags\">\n<h2>TEMAS QUE APARECEN EN ESTA NOTA<\/h2>\n<\/p><\/div>\n","protected":false},"excerpt":{"rendered":"<p>La primera media hora de juego entre Ecuador y Brasil fue ins\u00f3lita: casi terminan los dos arqueros expulsados por infracciones muy similares. Fueron dos tremendos planchazos, aunque solo uno se fue a las duchas antes de tiempo. Alexander Dom\u00ednguez, ex V\u00e9lez, atendi\u00f3 a Matheus Cunha y tras la intervenci\u00f3n del VAR vio la roja directa. [&hellip;]<\/p>\n","protected":false},"author":1,"featured_media":36268,"comment_status":"open","ping_status":"closed","sticky":false,"template":"","format":"standard","meta":[],"categories":[16],"tags":[],"_links":{"self":[{"href":"http:\/\/hoycordobaweb.com\/index.php\/wp-json\/wp\/v2\/posts\/36267"}],"collection":[{"href":"http:\/\/hoycordobaweb.com\/index.php\/wp-json\/wp\/v2\/posts"}],"about":[{"href":"http:\/\/hoycordobaweb.com\/index.php\/wp-json\/wp\/v2\/types\/post"}],"author":[{"embeddable":true,"href":"http:\/\/hoycordobaweb.com\/index.php\/wp-json\/wp\/v2\/users\/1"}],"replies":[{"embeddable":true,"href":"http:\/\/hoycordobaweb.com\/index.php\/wp-json\/wp\/v2\/comments?post=36267"}],"version-history":[{"count":0,"href":"http:\/\/hoycordobaweb.com\/index.php\/wp-json\/wp\/v2\/posts\/36267\/revisions"}],"wp:featuredmedia":[{"embeddable":true,"href":"http:\/\/hoycordobaweb.com\/index.php\/wp-json\/wp\/v2\/media\/36268"}],"wp:attachment":[{"href":"http:\/\/hoycordobaweb.com\/index.php\/wp-json\/wp\/v2\/media?parent=36267"}],"wp:term":[{"taxonomy":"category","embeddable":true,"href":"http:\/\/hoycordobaweb.com\/index.php\/wp-json\/wp\/v2\/categories?post=36267"},{"taxonomy":"post_tag","embeddable":true,"href":"http:\/\/hoycordobaweb.com\/index.php\/wp-json\/wp\/v2\/tags?post=36267"}],"curies":[{"name":"wp","href":"https:\/\/api.w.org\/{rel}","templated":true}]}}