{"id":36265,"date":"2022-01-27T22:15:23","date_gmt":"2022-01-27T22:15:23","guid":{"rendered":"https:\/\/www.ole.com.ar\/futbol-internacional\/conmebol-sudamerica-europa_0_iuWLqNGVT4.html"},"modified":"2022-01-27T22:15:23","modified_gmt":"2022-01-27T22:15:23","slug":"conmebol-habra-amistosos-entre-europeos-y-sudamericanos","status":"publish","type":"post","link":"http:\/\/hoycordobaweb.com\/index.php\/2022\/01\/27\/conmebol-habra-amistosos-entre-europeos-y-sudamericanos\/","title":{"rendered":"Conmebol: habr\u00e1 amistosos entre europeos y sudamericanos"},"content":{"rendered":"<p><img src=\"http:\/\/hoycordobaweb.com\/wp-content\/uploads\/2022\/01\/conmebol-habra-amistosos-entre-europeos-y-sudamericanos.jpg\"><\/p>\n<p>La necesidad hab\u00eda sido planteada no solo por la <a alt=\"afa\" class=\"slug\" href=\"https:\/\/www.ole.com.ar\/tema\/afa.html\" target=\"_blank\" title=\"afa\" rel=\"noopener noreferrer\">AFA<\/a>: <strong>amistosos entre selecciones sudamericanas y europeas antes del Mundial. Y<\/strong> desde Paraguay hubo confirmaci\u00f3n por parte del presidente de la <a alt=\"conmebol\" class=\"slug\" href=\"https:\/\/www.ole.com.ar\/tema\/conmebol.html\" target=\"_blank\" title=\"conmebol\" rel=\"noopener noreferrer\">Conmebol<\/a>, <a alt=\"alejandro-dominguez\" class=\"slug\" href=\"https:\/\/www.ole.com.ar\/tema\/alejandro-dominguez.html\" target=\"_blank\" title=\"alejandro-dominguez\" rel=\"noopener noreferrer\">Alejandro Dom\u00ednguez<\/a>. \u00abHay un plazo que se va a abrir de amistosos y yo creo que s\u00ed van a haber partidos europeos y sudamericanos\u00bb, declar\u00f3 el dirigente.<\/p>\n<p>El tema de los amistosos, reconoci\u00f3 el dirigente, fue conversado durante la reciente visita del presidente de UEFA, Aleksander Ceferin, a Sudam\u00e9rica. A futuro, adem\u00e1s, hay un plan para que los seleccionados sudamericanos compitan en la Liga de Naciones europea que comenz\u00f3 a disputarse en 2018.<\/p>\n<div class=\"sp__SM\">\n<div class=\"content-new \">\n<span class=\"tit-mobile\">Mir\u00e1 tambi\u00e9n<\/span><\/p>\n<div class=\"mg\">\n<div class=\"wrap-figure\">\n<picture>\n<a href=\"https:\/\/www.ole.com.ar\/futbol-internacional\/eliminatorias\/planchazo-alexander-dominguez-brasil_0_3NwtK2SS47.html\" target=\"_self\" rel=\"noopener noreferrer\"><br \/>\n<img class=\"img-responsive\" alt=\"Video: dos planchazos de arqueros, una roja y una amarilla\" src=\"http:\/\/hoycordobaweb.com\/wp-content\/uploads\/2022\/01\/conmebol-habra-amistosos-entre-europeos-y-sudamericanos-2.jpg\" loading=\"lazy\"><br \/>\n<\/a>\n<\/picture>\n<\/div>\n<\/div><\/div>\n<\/div>\n<p>\u00ab\u00bfPor qu\u00e9 la importancia de la relaci\u00f3n con UEFA? Porque no es que solamente Sudam\u00e9rica dej\u00f3 de jugar con equipos europeos sino que los equipos europeos tambi\u00e9n dejaron de jugar con equipos sudamericanos. Por eso la importancia de una relaci\u00f3n m\u00e1s cercana, m\u00e1s estrecha\u00bb, opin\u00f3 Dom\u00ednguez.<strong> \u00abLos europeos tambi\u00e9n saben que necesitan jugar con los sudamericanos. Eso, de ida y vuelta\u00bb<\/strong>, agreg\u00f3 en di\u00e1logo con la agencia AP.<\/p>\n<p>De todas maneras, vale recordar que hay un partido pautado entre Argentina e Italia, el 1 de junio en Wembley, en una final por ser campeones de Am\u00e9rica y Europa.<\/p>\n<div class=\"sp__SM\">\n<div class=\"content-new \">\n<span class=\"tit-mobile\">Mir\u00e1 tambi\u00e9n<\/span><\/p>\n<div class=\"mg\">\n<div class=\"wrap-figure\">\n<picture>\n<a href=\"https:\/\/www.ole.com.ar\/futbol-internacional\/eliminatorias\/tabla-eliminatorias-sudamericana-fecha-15_0_i7CX9kV2kL.html\" target=\"_self\" rel=\"noopener noreferrer\"><br \/>\n<img class=\"img-responsive\" alt=\"La tabla en vivo de las Eliminatorias\" src=\"http:\/\/hoycordobaweb.com\/wp-content\/uploads\/2022\/01\/conmebol-habra-amistosos-entre-europeos-y-sudamericanos-3.jpg\" loading=\"lazy\"><br \/>\n<\/a>\n<\/picture>\n<\/div>\n<\/div><\/div>\n<\/div>\n<h2><strong>Mundial 2030 vigente<\/strong><\/h2>\n<p>Por otra parte, el dirigente ratific\u00f3 que sigue firme la candidatura de Paraguay, Argentina, Chile y Uruguay&nbsp;para organizar el Mundial de 2030. \u00abSi seguimos trabajando en este ritmo y con esta reinversi\u00f3n dentro del f\u00fatbol vamos a dar una propuesta futbol\u00edstica de mucho inter\u00e9s\u00bb, sostuvo.<\/p>\n<p>&nbsp;La postulaci\u00f3n sudamericana compite con la conjunta entre Espa\u00f1a y Portugal, otra de Inglaterra con Gales, Marruecos por \u00c1frica y China por Asia.<\/p>\n<div class=\"sp__SM\">\n<div class=\"content-new \">\n<span class=\"tit-mobile\">Mir\u00e1 tambi\u00e9n<\/span><\/p>\n<div class=\"mg\">\n<div class=\"wrap-figure\">\n<picture>\n<a href=\"https:\/\/www.ole.com.ar\/futbol-internacional\/eliminatorias\/mensajes-vidal-chile-argentina_0_VhQlcbytiA.html\" target=\"_self\" rel=\"noopener noreferrer\"><br \/>\n<img class=\"img-responsive\" alt=\"El mensaje de Arturo Vidal antes de Chile - Argentina\" src=\"http:\/\/hoycordobaweb.com\/wp-content\/uploads\/2022\/01\/conmebol-habra-amistosos-entre-europeos-y-sudamericanos-4.jpg\" loading=\"lazy\"><br \/>\n<\/a>\n<\/picture>\n<\/div>\n<\/div><\/div>\n<\/div>\n<div class=\"entry-tags\">\n<h2>TEMAS QUE APARECEN EN ESTA NOTA<\/h2>\n<\/p><\/div>\n","protected":false},"excerpt":{"rendered":"<p>La necesidad hab\u00eda sido planteada no solo por la AFA: amistosos entre selecciones sudamericanas y europeas antes del Mundial. Y desde Paraguay hubo confirmaci\u00f3n por parte del presidente de la Conmebol, Alejandro Dom\u00ednguez. \u00abHay un plazo que se va a abrir de amistosos y yo creo que s\u00ed van a haber partidos europeos y sudamericanos\u00bb, [&hellip;]<\/p>\n","protected":false},"author":1,"featured_media":36266,"comment_status":"open","ping_status":"closed","sticky":false,"template":"","format":"standard","meta":[],"categories":[16],"tags":[],"_links":{"self":[{"href":"http:\/\/hoycordobaweb.com\/index.php\/wp-json\/wp\/v2\/posts\/36265"}],"collection":[{"href":"http:\/\/hoycordobaweb.com\/index.php\/wp-json\/wp\/v2\/posts"}],"about":[{"href":"http:\/\/hoycordobaweb.com\/index.php\/wp-json\/wp\/v2\/types\/post"}],"author":[{"embeddable":true,"href":"http:\/\/hoycordobaweb.com\/index.php\/wp-json\/wp\/v2\/users\/1"}],"replies":[{"embeddable":true,"href":"http:\/\/hoycordobaweb.com\/index.php\/wp-json\/wp\/v2\/comments?post=36265"}],"version-history":[{"count":0,"href":"http:\/\/hoycordobaweb.com\/index.php\/wp-json\/wp\/v2\/posts\/36265\/revisions"}],"wp:featuredmedia":[{"embeddable":true,"href":"http:\/\/hoycordobaweb.com\/index.php\/wp-json\/wp\/v2\/media\/36266"}],"wp:attachment":[{"href":"http:\/\/hoycordobaweb.com\/index.php\/wp-json\/wp\/v2\/media?parent=36265"}],"wp:term":[{"taxonomy":"category","embeddable":true,"href":"http:\/\/hoycordobaweb.com\/index.php\/wp-json\/wp\/v2\/categories?post=36265"},{"taxonomy":"post_tag","embeddable":true,"href":"http:\/\/hoycordobaweb.com\/index.php\/wp-json\/wp\/v2\/tags?post=36265"}],"curies":[{"name":"wp","href":"https:\/\/api.w.org\/{rel}","templated":true}]}}