{"id":36226,"date":"2022-01-26T22:48:12","date_gmt":"2022-01-26T22:48:12","guid":{"rendered":"https:\/\/www.trendencias.com\/moda-famosas\/asi-blazer-flores-tamara-falco-que-podemos-conseguir-dar-gran-toque-estilo-a-nuestro-look"},"modified":"2022-01-26T22:48:12","modified_gmt":"2022-01-26T22:48:12","slug":"asi-es-la-blazer-de-flores-de-tamara-falco-con-la-que-podemos-conseguir-dar-un-gran-toque-de-estilo-a-nuestro-look","status":"publish","type":"post","link":"http:\/\/hoycordobaweb.com\/index.php\/2022\/01\/26\/asi-es-la-blazer-de-flores-de-tamara-falco-con-la-que-podemos-conseguir-dar-un-gran-toque-de-estilo-a-nuestro-look\/","title":{"rendered":"As\u00ed es la blazer de flores de Tamara Falc\u00f3 con la que podemos conseguir dar un gran toque de estilo a nuestro look"},"content":{"rendered":"<p>Apenas llevamos unas semanas de 2022 y ya tenemos que reconocer que <strong>Tamara Falc\u00f3 <\/strong>&nbsp;nos ha conquistado (m\u00e1s si cabe) en las intervenciones como colaboradora de <strong>El Hormiguero <\/strong>ya sea con <a href=\"https:\/\/www.trendencias.com\/moda-famosas\/tamara-luce-impresionante-mono-negro-perfecto-para-looks-noche-invitada\">un vestido de Zara que se convirti\u00f3 en viral<\/a>, un <a href=\"https:\/\/www.trendencias.com\/moda-famosas\/tamara-luce-impresionante-mono-negro-perfecto-para-looks-noche-invitada\">mono estupendo si queremos ser la invitada perfecta <\/a>o el que nos ha dejado esta noche.<\/p>\n<p><!-- BREAK 1 --><\/p>\n<div class=\"article-asset article-asset-normal article-asset-center\">\n<div class=\"desvio-container\">\n<div class=\"desvio\">\n<div class=\"desvio-figure js-desvio-figure\"> <a href=\"https:\/\/www.trendencias.com\/it-girls\/tres-claves-estilo-tamara-falco-que-siempre-acierta\"> <img alt=\"Las tres claves del estilo de Tamara Falc\u00f3 (y por qu\u00e9 siempre acierta) \" src=\"http:\/\/hoycordobaweb.com\/wp-content\/uploads\/2022\/01\/asi-es-la-blazer-de-flores-de-tamara-falco-con-la-que-podemos-conseguir-dar-un-gran-toque-de-estilo-a-nuestro-look.jpg\"> <\/a> <\/div><\/div><\/div>\n<\/div>\n<div class=\"article-asset-image article-asset-normal article-asset-center\">\n<div class=\"asset-content\">\n<div class=\"base-wrapper-image\"> <img class=\"sf-lazy centro_sinmarco\" data-sf-srcset=\"http:\/\/hoycordobaweb.com\/wp-content\/uploads\/2022\/01\/asi-es-la-blazer-de-flores-de-tamara-falco-con-la-que-podemos-conseguir-dar-un-gran-toque-de-estilo-a-nuestro-look-1.jpg 450w, http:\/\/hoycordobaweb.com\/wp-content\/uploads\/2022\/01\/asi-es-la-blazer-de-flores-de-tamara-falco-con-la-que-podemos-conseguir-dar-un-gran-toque-de-estilo-a-nuestro-look-5.jpg 681w,http:\/\/hoycordobaweb.com\/wp-content\/uploads\/2022\/01\/asi-es-la-blazer-de-flores-de-tamara-falco-con-la-que-podemos-conseguir-dar-un-gran-toque-de-estilo-a-nuestro-look-6.jpg 1024w, http:\/\/hoycordobaweb.com\/wp-content\/uploads\/2022\/01\/asi-es-la-blazer-de-flores-de-tamara-falco-con-la-que-podemos-conseguir-dar-un-gran-toque-de-estilo-a-nuestro-look-7.jpg 1366w,\" data-sf-src=\"http:\/\/hoycordobaweb.com\/wp-content\/uploads\/2022\/01\/asi-es-la-blazer-de-flores-de-tamara-falco-con-la-que-podemos-conseguir-dar-un-gran-toque-de-estilo-a-nuestro-look-1.jpg\" alt=\"Tamara Falco Blazer 2\"> <noscript><img alt=\"Tamara Falco Blazer 2\" class=\"centro_sinmarco\" src=\"http:\/\/hoycordobaweb.com\/wp-content\/uploads\/2022\/01\/asi-es-la-blazer-de-flores-de-tamara-falco-con-la-que-podemos-conseguir-dar-un-gran-toque-de-estilo-a-nuestro-look-1.jpg\"><\/noscript> <\/div><\/div>\n<\/div>\n<p>As\u00ed, la elecci\u00f3n de la marquesa de Gri\u00f1\u00f3n para esta noche ha sido esta <strong>floreada americana de terciopelo<\/strong> de la <strong>marca Mirto <\/strong>que es una prenda singular, con personalidad, pero que, sin duda, Tamara defiende a la perfecci\u00f3n y la eleva a un nivel superior combin\u00e1ndola con un atrevido top estilo lencero en rojo.<\/p>\n<p><!-- BREAK 2 --> <\/p>\n<div class=\"video-boost-container article-asset-normal\"> <span class=\"video-boost-title\">Un look de viernes de Tamara Falc\u00f3<\/span>\n<\/div>\n<div class=\"article-asset-image article-asset-normal article-asset-center\">\n<div class=\"asset-content\">\n<div class=\"base-wrapper-image\"> <img class=\"sf-lazy centro_sinmarco\" data-sf-srcset=\"http:\/\/hoycordobaweb.com\/wp-content\/uploads\/2022\/01\/asi-es-la-blazer-de-flores-de-tamara-falco-con-la-que-podemos-conseguir-dar-un-gran-toque-de-estilo-a-nuestro-look-2.jpg 450w, http:\/\/hoycordobaweb.com\/wp-content\/uploads\/2022\/01\/asi-es-la-blazer-de-flores-de-tamara-falco-con-la-que-podemos-conseguir-dar-un-gran-toque-de-estilo-a-nuestro-look-8.jpg 681w,http:\/\/hoycordobaweb.com\/wp-content\/uploads\/2022\/01\/asi-es-la-blazer-de-flores-de-tamara-falco-con-la-que-podemos-conseguir-dar-un-gran-toque-de-estilo-a-nuestro-look-9.jpg 1024w, http:\/\/hoycordobaweb.com\/wp-content\/uploads\/2022\/01\/asi-es-la-blazer-de-flores-de-tamara-falco-con-la-que-podemos-conseguir-dar-un-gran-toque-de-estilo-a-nuestro-look-10.jpg 1366w,\" data-sf-src=\"http:\/\/hoycordobaweb.com\/wp-content\/uploads\/2022\/01\/asi-es-la-blazer-de-flores-de-tamara-falco-con-la-que-podemos-conseguir-dar-un-gran-toque-de-estilo-a-nuestro-look-2.jpg\" alt=\"Americana Mirto Tamara\"> <noscript><img alt=\"Americana Mirto Tamara\" class=\"centro_sinmarco\" src=\"http:\/\/hoycordobaweb.com\/wp-content\/uploads\/2022\/01\/asi-es-la-blazer-de-flores-de-tamara-falco-con-la-que-podemos-conseguir-dar-un-gran-toque-de-estilo-a-nuestro-look-2.jpg\"><\/noscript> <\/div><\/div>\n<\/div>\n<p>Lo mejor de todo es que <strong>esta chaqueta se encuentra rebajado <\/strong>en la web de la marca y, en lugar de los 295 euros que costaba, puede ser nuestra por <a href=\"https:\/\/es.mirto.com\/collections\/chaquetas-abrigos-mujer\/products\/americana-estampado-floral-de-terciopelo\">177 euros.<\/a><\/p>\n<p><!-- BREAK 3 --><\/p>\n<p>Este tipo de prendas tienen la capacidad de transformar un look por completo y podemos combinarla tanto con vestidos o faldas para un estilo m\u00e1s formal o, porqu\u00e9 no, vaqueros para un toque m\u00e1s <em>casual<\/em>.<\/p>\n<p><!-- BREAK 4 --><!-- PIVOT START --><\/p>\n<div class=\"pivot-ecommerce-container\">\n<div class=\"pivot-ecommerce\" readability=\"4.2056074766355\">\n<div class=\"pivot-ecommerce-figure\"> <img alt=\"Molly Bracken\nBlazer de mujer en tejido de terciopelo con estampado floral\" src=\"http:\/\/hoycordobaweb.com\/wp-content\/uploads\/2022\/01\/asi-es-la-blazer-de-flores-de-tamara-falco-con-la-que-podemos-conseguir-dar-un-gran-toque-de-estilo-a-nuestro-look-3.jpg\"> <\/div>\n<div class=\"pivot-ecommerce-summary\" readability=\"4.9065420560748\">\n<p class=\"pivot-ecommerce-desc\">Molly Bracken<br \/>\nBlazer de mujer en tejido de terciopelo con estampado floral<\/p>\n<\/p><\/div><\/div>\n<\/div>\n<p><!-- PIVOT END --><\/p>\n<p>Lo que est\u00e1 claro &nbsp;es que en esta nueva temporada de El Hormiguero, <a href=\"https:\/\/www.trendencias.com\/moda-famosas\/tamara-falco-paraliza-gran-via-madrid-para-firma-su-libro-hace-blusa-boho-ideal\">Tamara Falc\u00f3 <\/a>apunta muy buenas maneras en lo que a moda se refiere.<\/p>\n<p><!-- BREAK 5 --><\/p>\n<p>Fotos | <a href=\"https:\/\/www.instagram.com\/elhormiguero\/\">@elhormiguero<\/a><\/p>\n","protected":false},"excerpt":{"rendered":"<p>Apenas llevamos unas semanas de 2022 y ya tenemos que reconocer que Tamara Falc\u00f3 &nbsp;nos ha conquistado (m\u00e1s si cabe) en las intervenciones como colaboradora de El Hormiguero ya sea con un vestido de Zara que se convirti\u00f3 en viral, un mono estupendo si queremos ser la invitada perfecta o el que nos ha dejado [&hellip;]<\/p>\n","protected":false},"author":1,"featured_media":36227,"comment_status":"closed","ping_status":"closed","sticky":false,"template":"","format":"standard","meta":[],"categories":[1],"tags":[],"_links":{"self":[{"href":"http:\/\/hoycordobaweb.com\/index.php\/wp-json\/wp\/v2\/posts\/36226"}],"collection":[{"href":"http:\/\/hoycordobaweb.com\/index.php\/wp-json\/wp\/v2\/posts"}],"about":[{"href":"http:\/\/hoycordobaweb.com\/index.php\/wp-json\/wp\/v2\/types\/post"}],"author":[{"embeddable":true,"href":"http:\/\/hoycordobaweb.com\/index.php\/wp-json\/wp\/v2\/users\/1"}],"replies":[{"embeddable":true,"href":"http:\/\/hoycordobaweb.com\/index.php\/wp-json\/wp\/v2\/comments?post=36226"}],"version-history":[{"count":0,"href":"http:\/\/hoycordobaweb.com\/index.php\/wp-json\/wp\/v2\/posts\/36226\/revisions"}],"wp:featuredmedia":[{"embeddable":true,"href":"http:\/\/hoycordobaweb.com\/index.php\/wp-json\/wp\/v2\/media\/36227"}],"wp:attachment":[{"href":"http:\/\/hoycordobaweb.com\/index.php\/wp-json\/wp\/v2\/media?parent=36226"}],"wp:term":[{"taxonomy":"category","embeddable":true,"href":"http:\/\/hoycordobaweb.com\/index.php\/wp-json\/wp\/v2\/categories?post=36226"},{"taxonomy":"post_tag","embeddable":true,"href":"http:\/\/hoycordobaweb.com\/index.php\/wp-json\/wp\/v2\/tags?post=36226"}],"curies":[{"name":"wp","href":"https:\/\/api.w.org\/{rel}","templated":true}]}}