{"id":36216,"date":"2022-01-26T21:53:29","date_gmt":"2022-01-26T21:53:29","guid":{"rendered":"https:\/\/www.ole.com.ar\/futbol-internacional\/balotelli-regreso-italia-rossi_0_0Ug9y3nnGQ.html"},"modified":"2022-01-26T21:53:29","modified_gmt":"2022-01-26T21:53:29","slug":"balotelli-volvio-a-italia-y-se-reencontro-con-de-rossi","status":"publish","type":"post","link":"http:\/\/hoycordobaweb.com\/index.php\/2022\/01\/26\/balotelli-volvio-a-italia-y-se-reencontro-con-de-rossi\/","title":{"rendered":"Balotelli volvi\u00f3 a Italia y se reencontr\u00f3 con De Rossi"},"content":{"rendered":"<p><img src=\"http:\/\/hoycordobaweb.com\/wp-content\/uploads\/2022\/01\/balotelli-volvio-a-italia-y-se-reencontro-con-de-rossi.jpg\"><\/p>\n<p><strong>\u00ab\u00bfListos?\u00bb<\/strong>. Esa pregunta fue el posteo, sumado a una foto en la que est\u00e1 at\u00e1ndose los cordones de los botines, que hizo <strong><a alt=\"mario-balotelli\" class=\"slug\" href=\"https:\/\/www.ole.com.ar\/tema\/mario-balotelli.html\" target=\"_blank\" title=\"mario-balotelli\" rel=\"noopener noreferrer\">Mario Balotelli<\/a><\/strong> <a href=\"https:\/\/www.ole.com.ar\/futbol-internacional\/balotelli-italia-mancini-joao-pedro_0_srjO6LwiGE.html\" target=\"_blank\" rel=\"noopener noreferrer\">para celebrar su regreso a la selecci\u00f3n de Italia<\/a>. Tras casi tres a\u00f1os y medio sin ser convocado,<strong> el delantero volvi\u00f3 a calzarse la camiseta de entrenamiento de la Azzurra y<\/strong> <strong>se movi\u00f3 bajo las \u00f3rdenes de <a alt=\"roberto-mancini\" class=\"slug\" href=\"https:\/\/www.ole.com.ar\/tema\/roberto-mancini.html\" target=\"_blank\" title=\"roberto-mancini\" rel=\"noopener noreferrer\">Roberto Mancini<\/a><\/strong>.<\/p>\n<div class=\"sp__Normal\">\n<div class=\"image-embeb image-trigger\" readability=\"6\">\n<picture><source media=\"(min-width: 720px)\" srcset=\"http:\/\/hoycordobaweb.com\/wp-content\/uploads\/2022\/01\/balotelli-volvio-a-italia-y-se-reencontro-con-de-rossi-2.jpg\"><img itemprop=\"image\" src=\"http:\/\/hoycordobaweb.com\/wp-content\/uploads\/2022\/01\/balotelli-volvio-a-italia-y-se-reencontro-con-de-rossi-2.jpg\" loading=\"lazy\" alt=\"Balotelli volvi\u00f3 a entrenar con Italia.\">\n<\/picture><figcaption readability=\"2\">\n<p>Balotelli volvi\u00f3 a entrenar con Italia.\n<\/p>\n<\/figcaption><\/div>\n<\/div>\n<p>Aunque los tanos iniciaron una renovaci\u00f3n, en la que qued\u00f3 afuera el pol\u00e9mico punta y que tuvo como punto m\u00e1ximo la obtenci\u00f3n de la Eurocopa el a\u00f1o pasado, Balotelli se reencontr\u00f3 con algunas caras conocidas en su regreso a los entrenamientos.<strong> Uno de los que lo recibi\u00f3 fue ni m\u00e1s ni menos que <a alt=\"daniele-de-rossi\" class=\"slug\" href=\"https:\/\/www.ole.com.ar\/tema\/daniele-de-rossi.html\" target=\"_blank\" title=\"daniele-de-rossi\" rel=\"noopener noreferrer\">Daniele De Rossi<\/a><\/strong>,<strong> el ex volante de Boca.<\/strong><\/p>\n<p>S\u00faper Mario y el s\u00edmbolo de la Roma estuvieron a pura risa en el entrenamiento. Juntos compartieron varias convocatorias, cuando el volante a\u00fan no se hab\u00eda retirado: <strong>incluso integraron el plantel que fue al Mundial de Brasil 2014, el \u00faltimo que jug\u00f3 Italia <\/strong>(no se clasific\u00f3 a Rusia 2018).<\/p>\n<div class=\"sp__Normal\">\n<div class=\"image-embeb image-trigger\" readability=\"6.5\">\n<picture><source media=\"(min-width: 720px)\" srcset=\"http:\/\/hoycordobaweb.com\/wp-content\/uploads\/2022\/01\/balotelli-volvio-a-italia-y-se-reencontro-con-de-rossi-3.jpg\"><img itemprop=\"image\" src=\"http:\/\/hoycordobaweb.com\/wp-content\/uploads\/2022\/01\/balotelli-volvio-a-italia-y-se-reencontro-con-de-rossi-3.jpg\" loading=\"lazy\" alt=\"El delantero, feliz por su regreso a la Azzurra.\">\n<\/picture><figcaption readability=\"3\">\n<p>El delantero, feliz por su regreso a la Azzurra.\n<\/p>\n<\/figcaption><\/div>\n<\/div>\n<p>De Rossi, que colg\u00f3 los botines tras un breve pero intenso paso por Boca (el otro club de sus amores adem\u00e1s de la Roma), <strong>es parte del staff t\u00e9cnico de Mancini<\/strong>. Antes de comenzar su carrera como DT, el ex mediocampista suma experiencia como ayudante de unos entrenadores m\u00e1s reconocidos de todo el mundo.<\/p>\n<div class=\"sp__Normal\">\n<div class=\"image-embeb image-trigger\" readability=\"6\">\n<picture><source media=\"(min-width: 720px)\" srcset=\"http:\/\/hoycordobaweb.com\/wp-content\/uploads\/2022\/01\/balotelli-volvio-a-italia-y-se-reencontro-con-de-rossi-4.jpg\"><img itemprop=\"image\" src=\"http:\/\/hoycordobaweb.com\/wp-content\/uploads\/2022\/01\/balotelli-volvio-a-italia-y-se-reencontro-con-de-rossi-4.jpg\" loading=\"lazy\" alt=\"Daniele viene de ser campe\u00f3n en la Eurocopa (AFP).\">\n<\/picture><figcaption readability=\"2\">\n<p>Daniele viene de ser campe\u00f3n en la Eurocopa (AFP).\n<\/p>\n<\/figcaption><\/div>\n<\/div>\n<p>Por su parte, Balotelli, que juega en el A<strong>dana Demirspor de Turqu\u00eda<\/strong> (comparte equipo con el Monito Vargas), volvi\u00f3 a ser tenido en cuenta para esta preparaci\u00f3n especial que realiza Mancini de cara al duelo de playoff contra Macedonia, el 24 de marzo.<\/p>\n<p>Los tanos necesitan ganar dos partidos para estar en Qatar:<strong> luego enfrentar\u00edan al vencedor de la llave Portugal-Turqu\u00eda<\/strong>. Y es por eso que el DT decidi\u00f3 hacer unas pr\u00e1cticas pese a que no tenga partidos en esta fecha.<\/p>\n<div class=\"sp__Normal\">\n<div class=\"image-embeb image-trigger\" readability=\"6\">\n<picture><source media=\"(min-width: 720px)\" srcset=\"http:\/\/hoycordobaweb.com\/wp-content\/uploads\/2022\/01\/balotelli-volvio-a-italia-y-se-reencontro-con-de-rossi-5.jpg\"><img itemprop=\"image\" src=\"http:\/\/hoycordobaweb.com\/wp-content\/uploads\/2022\/01\/balotelli-volvio-a-italia-y-se-reencontro-con-de-rossi-5.jpg\" loading=\"lazy\" alt=\"Balotelli y De Rossi en el Mundial 2014 (Reuters).\">\n<\/picture><figcaption readability=\"2\">\n<p>Balotelli y De Rossi en el Mundial 2014 (Reuters).\n<\/p>\n<\/figcaption><\/div>\n<\/div>\n<p>S\u00faper Mario, que tiene 31 a\u00f1os, no viste la Azzurra desde el 7 de septiembre de 2018, en una empate 1-1 ante Polonia por la UEFA Nations League. Y seg\u00fan Vincenzo Montella, su DT en Turqu\u00eda, el ex Manchester City tiene una meta clar\u00edsima para este a\u00f1o: \u00ab<strong>La convocatoria es solo un paso hacia su verdadero objetivo: ir al Mundial<\/strong>, primero ayudando a la selecci\u00f3n a clasificarse. Pero paso a paso. Ya es una gran satisfacci\u00f3n que est\u00e9 de vuelta en el equipo\u00bb.<\/p>\n<div class=\"sp__SM\">\n<div class=\"content-new \">\n<span class=\"tit-mobile\">Mir\u00e1 tambi\u00e9n<\/span><\/p>\n<div class=\"mg\">\n<div class=\"wrap-figure\">\n<picture>\n<a href=\"https:\/\/www.ole.com.ar\/futbol-internacional\/copa-africa-egipto-costa-marfil-salah_0_0a6ropvvGA.html\" target=\"_self\" rel=\"noopener noreferrer\"><br \/>\n<img class=\"img-responsive\" alt=\"Copa \u00c1frica: Egipto a cuartos con Salah decisivo\" src=\"http:\/\/hoycordobaweb.com\/wp-content\/uploads\/2022\/01\/balotelli-volvio-a-italia-y-se-reencontro-con-de-rossi-6.jpg\" loading=\"lazy\"><br \/>\n<\/a>\n<\/picture>\n<\/div>\n<\/div><\/div>\n<\/div>\n<h2><strong>CON LA BANCA DEL DT<\/strong><\/h2>\n<p>Aunque los n\u00fameros de Balotelli en Turqu\u00eda no son malos -hizo ocho goles en 19 partidos de liga-, su llegada al centro deportivo de Coverciano caus\u00f3 sorpresa y desde la prensa tana, l<strong>e cayeron algunos palitos a Mancini<\/strong>. Pero el DT no solo se defendi\u00f3 sino que adem\u00e1s llen\u00f3 de flores al delantero.<\/p>\n<div class=\"sp__Normal\">\n<div class=\"image-embeb image-trigger\" readability=\"6\">\n<picture><source media=\"(min-width: 720px)\" srcset=\"http:\/\/hoycordobaweb.com\/wp-content\/uploads\/2022\/01\/balotelli-volvio-a-italia-y-se-reencontro-con-de-rossi-7.jpg\"><img itemprop=\"image\" src=\"http:\/\/hoycordobaweb.com\/wp-content\/uploads\/2022\/01\/balotelli-volvio-a-italia-y-se-reencontro-con-de-rossi-7.jpg\" loading=\"lazy\" alt=\"El DT se juega la clasificaci\u00f3n a Qatar 2022 (AFP).\">\n<\/picture><figcaption readability=\"2\">\n<p>El DT se juega la clasificaci\u00f3n a Qatar 2022 (AFP).\n<\/p>\n<\/figcaption><\/div>\n<\/div>\n<p>\u00ab\u00bfSi estoy jugando una carta desesperada? No. Si esa desesperaci\u00f3n es la misma que antes de la Eurocopa, entonces est\u00e1 bien. <strong>En los pr\u00f3ximos d\u00edas probaremos cosas diferentes y evaluaremos a jugadores que hace tiempo que no son convocados, como Mario, y otros nuevos<\/strong>\u00ab, dijo el DT.<\/p>\n<p>Y, sobre el punta, agreg\u00f3: \u00ab<strong>A nivel t\u00e9cnico siempre fue bueno, eso no est\u00e1 en debate. Solo necesitamos ver c\u00f3mo est\u00e1 f\u00edsicamente<\/strong>. Tiene que encajar en un grupo que ha estado funcionando muy bien\u00bb.<\/p>\n<p>\u00abHa sido convocado como lo han sido otros. Ten\u00edamos curiosidad por verlo tras tanto tiempo. <u>Creo que est\u00e1 feliz de estar aqu\u00ed, veremos si es capaz de darnos una mano<\/u>\u00ab, cerr\u00f3 el entrenador. <\/p>\n<div class=\"sp__SM\">\n<div class=\"content-new \">\n<span class=\"tit-mobile\">Mir\u00e1 tambi\u00e9n<\/span><\/p>\n<div class=\"mg\">\n<div class=\"wrap-figure\">\n<picture>\n<a href=\"https:\/\/www.ole.com.ar\/futbol-internacional\/america\/mexico-reemplazante-martino-herrera_0_Zv1DKn5kGY.html\" target=\"_self\" rel=\"noopener noreferrer\"><br \/>\n<img class=\"img-responsive\" alt=\"En M\u00e9xico ya hablan del reemplazante del Tata Martino\" src=\"http:\/\/hoycordobaweb.com\/wp-content\/uploads\/2022\/01\/balotelli-volvio-a-italia-y-se-reencontro-con-de-rossi-8.jpg\" loading=\"lazy\"><br \/>\n<\/a>\n<\/picture>\n<\/div>\n<\/div><\/div>\n<\/div>\n<div class=\"sp__SM\">\n<div class=\"content-new \">\n<span class=\"tit-mobile\">Mir\u00e1 tambi\u00e9n<\/span><\/p>\n<div class=\"mg\">\n<div class=\"wrap-figure\">\n<picture>\n<a href=\"https:\/\/www.ole.com.ar\/futbol-internacional\/infantino-polemica-mundial-anos_0_fPZIZ1OtdA.html\" target=\"_self\" rel=\"noopener noreferrer\"><br \/>\n<img class=\"img-responsive\" alt=\"La pol\u00e9mica defensa de Infantino al Mundial cada dos a\u00f1os: &quot;Una vida digna para los africanos&quot;\" src=\"http:\/\/hoycordobaweb.com\/wp-content\/uploads\/2022\/01\/balotelli-volvio-a-italia-y-se-reencontro-con-de-rossi-9.jpg\" loading=\"lazy\"><br \/>\n<\/a>\n<\/picture>\n<\/div>\n<\/div><\/div>\n<\/div>\n<div class=\"entry-tags\">\n<h2>TEMAS QUE APARECEN EN ESTA NOTA<\/h2>\n<\/p><\/div>\n","protected":false},"excerpt":{"rendered":"<p>\u00ab\u00bfListos?\u00bb. Esa pregunta fue el posteo, sumado a una foto en la que est\u00e1 at\u00e1ndose los cordones de los botines, que hizo Mario Balotelli para celebrar su regreso a la selecci\u00f3n de Italia. Tras casi tres a\u00f1os y medio sin ser convocado, el delantero volvi\u00f3 a calzarse la camiseta de entrenamiento de la Azzurra y [&hellip;]<\/p>\n","protected":false},"author":1,"featured_media":36217,"comment_status":"open","ping_status":"closed","sticky":false,"template":"","format":"standard","meta":[],"categories":[16],"tags":[],"_links":{"self":[{"href":"http:\/\/hoycordobaweb.com\/index.php\/wp-json\/wp\/v2\/posts\/36216"}],"collection":[{"href":"http:\/\/hoycordobaweb.com\/index.php\/wp-json\/wp\/v2\/posts"}],"about":[{"href":"http:\/\/hoycordobaweb.com\/index.php\/wp-json\/wp\/v2\/types\/post"}],"author":[{"embeddable":true,"href":"http:\/\/hoycordobaweb.com\/index.php\/wp-json\/wp\/v2\/users\/1"}],"replies":[{"embeddable":true,"href":"http:\/\/hoycordobaweb.com\/index.php\/wp-json\/wp\/v2\/comments?post=36216"}],"version-history":[{"count":0,"href":"http:\/\/hoycordobaweb.com\/index.php\/wp-json\/wp\/v2\/posts\/36216\/revisions"}],"wp:featuredmedia":[{"embeddable":true,"href":"http:\/\/hoycordobaweb.com\/index.php\/wp-json\/wp\/v2\/media\/36217"}],"wp:attachment":[{"href":"http:\/\/hoycordobaweb.com\/index.php\/wp-json\/wp\/v2\/media?parent=36216"}],"wp:term":[{"taxonomy":"category","embeddable":true,"href":"http:\/\/hoycordobaweb.com\/index.php\/wp-json\/wp\/v2\/categories?post=36216"},{"taxonomy":"post_tag","embeddable":true,"href":"http:\/\/hoycordobaweb.com\/index.php\/wp-json\/wp\/v2\/tags?post=36216"}],"curies":[{"name":"wp","href":"https:\/\/api.w.org\/{rel}","templated":true}]}}