{"id":36202,"date":"2022-01-26T18:55:57","date_gmt":"2022-01-26T18:55:57","guid":{"rendered":"https:\/\/ladecimaweb.com\/?p=12483"},"modified":"2022-01-26T18:55:57","modified_gmt":"2022-01-26T18:55:57","slug":"la-variante-omicron-explica-mas-del-84-de-los-contagios-en-argentina","status":"publish","type":"post","link":"http:\/\/hoycordobaweb.com\/index.php\/2022\/01\/26\/la-variante-omicron-explica-mas-del-84-de-los-contagios-en-argentina\/","title":{"rendered":"La variante \u00d3micron explica m\u00e1s del 84% de los contagios en Argentina"},"content":{"rendered":"<p><em>(Noticias Argentinas)<\/em> La variante \u00d3micron\u00a0del\u00a0coronavirus\u00a0explica m\u00e1s del\u00a084%\u00a0de los contagios en\u00a0Argentina,\u00a0de acuerdo con un informe del Ministerio de Salud.<\/p>\n<p>El reporte, denominado\u00a0&#8220;Situaci\u00f3n de nuevas variantes SARS-CoV-2 en Argentina&#8221;, revel\u00f3 que\u00a0&#8220;la evidencia reciente indica que la variante \u00d3micron tiene una ventaja de crecimiento sustancial sobre la variante Delta, que lleva a una r\u00e1pida propagaci\u00f3n en la comunidad, con un tiempo de duplicaci\u00f3n de 2-3 d\u00edas&#8221;.<\/p>\n<p>&#8220;Contin\u00faa siendo incierto si la r\u00e1pida tasa de crecimiento observada desde noviembre de 2021 podr\u00eda atribuirse a la evasi\u00f3n inmune, al aumento intr\u00ednseco de la transmisibilidad o a una combinaci\u00f3n de ambos&#8221;, advirti\u00f3 el informe.<\/p>\n<p>El estudio de la cartera a cargo de la ministra\u00a0Carla Vizzotti\u00a0puntualiz\u00f3 que\u00a0&#8220;la circulaci\u00f3n de variantes de SARS-CoV-2 se caracteriza actualmente por un r\u00e1pido crecimiento de la variante \u00d3micron, con un descenso concomitante en la detecci\u00f3n de la variante Delta en varias de las jurisdicciones del pa\u00eds&#8221;.<\/p>\n<p>En la semana epidemiol\u00f3gica 1 de 2022, que concluy\u00f3 el 8 de enero pasado,\u00a0&#8220;la proporci\u00f3n de la variante \u00d3micron en casos sin antecedente de viaje internacional ni relacionados con la importaci\u00f3n se situ\u00f3 en un 84,4%, mientras que la proporci\u00f3n de la variante Delta descendi\u00f3 al 15,6%&#8221;.<\/p>\n<p>Por otra parte, el estudio, que comprendi\u00f3\u00a03.474 casos positivos,\u00a0dijo que de ese total\u00a030 tuvieron &#8220;evoluci\u00f3n grave&#8221;, y puntualiz\u00f3 que\u00a0de esos 30 casos graves, 26 correspondieron a la variante Delta y cuatro a la variante \u00d3micron.<\/p>\n<p><a href=\"https:\/\/noticiasargentinas.com\/sociedad\/argentina-supero-los-ocho-millones-de-casos-de-coronavirus\" target=\"_blank\" rel=\"noopener noreferrer\">Argentina report\u00f3 este martes 100.863 casos y 260 decesos por la enfermedad<\/a>, totalizando as\u00ed\u00a08.041.520 contagios\u00a0y\u00a0119.703 fallecimientos\u00a0desde el comienzo de la pandemia. En ese contexto, el pa\u00eds lleva aplicadas\u00a085.359.072\u00a0dosis de vacunas contra el Covid-19 desde diciembre de 2020.<\/p>\n<div class=\"ubm_banner\"><a href=\"https:\/\/www.cordobaturismo.gov.ar\/\" target=\"_blank\" rel=\"dofollow noopener noreferrer\"><img src=\"http:\/\/hoycordobaweb.com\/wp-content\/uploads\/2022\/01\/la-variante-omicron-explica-mas-del-84-de-los-contagios-en-argentina.gif\" alt=\"\"><\/a><\/div>\n<p>La entrada <a rel=\"nofollow\" href=\"https:\/\/ladecimaweb.com\/la-variante-omicron-explica-mas-del-84-de-los-contagios-en-argentina\/\">La variante \u00d3micron explica m\u00e1s del 84% de los contagios en Argentina<\/a> se public\u00f3 primero en <a rel=\"nofollow\" href=\"https:\/\/ladecimaweb.com\">LaDecima<\/a>.<\/p>\n","protected":false},"excerpt":{"rendered":"<p>(Noticias Argentinas) La variante \u00d3micron\u00a0del\u00a0coronavirus\u00a0explica m\u00e1s del\u00a084%\u00a0de los contagios en\u00a0Argentina,\u00a0de acuerdo con un informe del Ministerio de Salud. El reporte, denominado\u00a0&#8220;Situaci\u00f3n de nuevas variantes SARS-CoV-2 en Argentina&#8221;, revel\u00f3 que\u00a0&#8220;la evidencia reciente indica que la variante \u00d3micron tiene una ventaja de crecimiento sustancial sobre la variante Delta, que lleva a una r\u00e1pida propagaci\u00f3n en la comunidad, [&hellip;]<\/p>\n","protected":false},"author":1,"featured_media":36203,"comment_status":"closed","ping_status":"closed","sticky":false,"template":"","format":"standard","meta":[],"categories":[19],"tags":[],"_links":{"self":[{"href":"http:\/\/hoycordobaweb.com\/index.php\/wp-json\/wp\/v2\/posts\/36202"}],"collection":[{"href":"http:\/\/hoycordobaweb.com\/index.php\/wp-json\/wp\/v2\/posts"}],"about":[{"href":"http:\/\/hoycordobaweb.com\/index.php\/wp-json\/wp\/v2\/types\/post"}],"author":[{"embeddable":true,"href":"http:\/\/hoycordobaweb.com\/index.php\/wp-json\/wp\/v2\/users\/1"}],"replies":[{"embeddable":true,"href":"http:\/\/hoycordobaweb.com\/index.php\/wp-json\/wp\/v2\/comments?post=36202"}],"version-history":[{"count":0,"href":"http:\/\/hoycordobaweb.com\/index.php\/wp-json\/wp\/v2\/posts\/36202\/revisions"}],"wp:featuredmedia":[{"embeddable":true,"href":"http:\/\/hoycordobaweb.com\/index.php\/wp-json\/wp\/v2\/media\/36203"}],"wp:attachment":[{"href":"http:\/\/hoycordobaweb.com\/index.php\/wp-json\/wp\/v2\/media?parent=36202"}],"wp:term":[{"taxonomy":"category","embeddable":true,"href":"http:\/\/hoycordobaweb.com\/index.php\/wp-json\/wp\/v2\/categories?post=36202"},{"taxonomy":"post_tag","embeddable":true,"href":"http:\/\/hoycordobaweb.com\/index.php\/wp-json\/wp\/v2\/tags?post=36202"}],"curies":[{"name":"wp","href":"https:\/\/api.w.org\/{rel}","templated":true}]}}