{"id":36142,"date":"2022-01-24T22:49:00","date_gmt":"2022-01-24T22:49:00","guid":{"rendered":"http:\/\/hoycordobaweb.com\/index.php\/2022\/01\/24\/alberto-fernandez-recibio-las-cartas-credenciales-del-nuevo-embajador-de-eeuu\/"},"modified":"2022-01-24T22:49:00","modified_gmt":"2022-01-24T22:49:00","slug":"alberto-fernandez-recibio-las-cartas-credenciales-del-nuevo-embajador-de-eeuu","status":"publish","type":"post","link":"http:\/\/hoycordobaweb.com\/index.php\/2022\/01\/24\/alberto-fernandez-recibio-las-cartas-credenciales-del-nuevo-embajador-de-eeuu\/","title":{"rendered":"Alberto Fern\u00e1ndez recibi\u00f3 las cartas credenciales del nuevo embajador de EEUU"},"content":{"rendered":"<p><img src=\"http:\/\/hoycordobaweb.com\/wp-content\/uploads\/2022\/01\/alberto-fernandez-recibio-las-cartas-credenciales-del-nuevo-embajador-de-eeuu.jpg\"><\/p>\n<figure class=\"mb-3\"><img loading=\"lazy\" src=\"http:\/\/hoycordobaweb.com\/wp-content\/uploads\/2022\/01\/alberto-fernandez-recibio-las-cartas-credenciales-del-nuevo-embajador-de-eeuu-2.jpg\" width=\"100%\" height=\"100%\" alt=\"Stanley asumi como embajador el jueves pasado Foto Presidencia\"><figcaption> Stanley asumi\u00f3 como embajador el jueves pasado (Foto: Presidencia). <\/figcaption><\/figure>\n<p>El presidente <strong>Alberto Fern\u00e1ndez<\/strong> recibi\u00f3 este lunes en Casa Rosada las cartas credenciales del nuevo embajador de Estados Unidos en Argentina, <strong>Marc R. Stanley<\/strong>, con quien mantuvo adem\u00e1s una reuni\u00f3n de trabajo que el diplom\u00e1tico consider\u00f3 \u00ab<strong>excelente<\/strong>\u00ab.<\/p>\n<p>Del encuentro participaron el jefe de Gabinete, <strong>Juan Manzur<\/strong>; el ministro de Relaciones Exteriores, Comercio Internacional y Culto, <strong>Santiago Cafiero<\/strong>, y la ministra Consejera de la Embajada de Estados Unidos, <strong>MaryKay Carlson<\/strong>.<\/p>\n<p>Al finalizar la reuni\u00f3n, Fern\u00e1ndez destac\u00f3 el fortalecimiento de la relaci\u00f3n bilateral entre ambos pa\u00edses.<\/p>\n<p>Por su parte, el flamante embajador calific\u00f3 el encuentro como \u00ab<strong>excelente<\/strong>\u00ab, al tiempo que subray\u00f3 los estrechos v\u00ednculos que existen entre los gobiernos de ambos pa\u00edses.<\/p>\n<p>\u00abEs un honor para m\u00ed haber sido elegido para cumplir las tareas de embajador ante un gran pa\u00eds como Argentina\u00bb, refiri\u00f3 Stanley.<\/p>\n<p>La nominaci\u00f3n de Stanley a la Embajada estadounidense en Argentina <a href=\"https:\/\/www.telam.com.ar\/notas\/202108\/564196-biden-abogado-texano-cargo-embajador-argentina.html\" target=\"_blank\" rel=\"noopener noreferrer\">fue anunciada por el presidente de ese pa\u00eds,<strong> <\/strong>Joe Biden, el 6 de agosto de 2021<\/a>, y confirmada el 17 de diciembre de ese a\u00f1o.<\/p>\n<blockquote class><p>Es un honor para m\u00ed haber sido elegido para cumplir las tareas de embajador ante un gran pa\u00eds como Argentina.<cite class=\"author\">Marc R. Stanley<\/cite><\/p><\/blockquote>\n<p>Stanley asumi\u00f3 como embajador el jueves pasado, cuando se cumpli\u00f3 un a\u00f1o de la partida de <strong>Edward Prado<\/strong>, el anterior representante de Estados Unidos en Buenos Aires.<\/p>\n<h2 class>Qui\u00e9n es&nbsp;Marc R. Stanley<\/h2>\n<p>El flamante embajador es abogado oriundo de Dallas (Texas) y presidente del estudio jur\u00eddico Stanley Law Group. El diplom\u00e1tico fue presidente de la Asociaci\u00f3n de Abogados Litigantes del Estado de Texas y de la Asociaci\u00f3n de Abogados Litigantes de Dallas y ocup\u00f3 puestos de conducci\u00f3n en organizaciones que se dedican al servicio p\u00fablico y las acciones caritativas.<\/p>\n<p>Adem\u00e1s, en 2011 fue designado miembro del Consejo del Museo del Holocausto de los Estados Unidos en Washington DC.<\/p>\n<p>A fines de diciembre Stanley se reuni\u00f3 en Estados Unidos con el embajador argentino en ese pa\u00eds, Jorge Arg\u00fcello, quien dijo que fue un \u00abmuy positivo encuentro\u00bb y destac\u00f3 que \u00abtrabajaremos coordinados para potenciar la agenda bilateral y la relaci\u00f3n entre los presidentes Fern\u00e1ndez y Biden\u00bb.<\/p>\n<p>En esa ocasi\u00f3n Stanley respondi\u00f3: \u00abGracias, Embajador, por su amable bienvenida. Usted es un gran representante de Argentina y espero asociarme con usted para promover la amistad, la cooperaci\u00f3n, el comercio y el turismo continuos entre nuestras dos grandes naciones\u00bb. <\/p>\n","protected":false},"excerpt":{"rendered":"<p>Stanley asumi\u00f3 como embajador el jueves pasado (Foto: Presidencia). El presidente Alberto Fern\u00e1ndez recibi\u00f3 este lunes en Casa Rosada las cartas credenciales del nuevo embajador de Estados Unidos en Argentina, Marc R. Stanley, con quien mantuvo adem\u00e1s una reuni\u00f3n de trabajo que el diplom\u00e1tico consider\u00f3 \u00abexcelente\u00ab. Del encuentro participaron el jefe de Gabinete, Juan Manzur; [&hellip;]<\/p>\n","protected":false},"author":1,"featured_media":36143,"comment_status":"open","ping_status":"closed","sticky":false,"template":"","format":"standard","meta":[],"categories":[19],"tags":[],"_links":{"self":[{"href":"http:\/\/hoycordobaweb.com\/index.php\/wp-json\/wp\/v2\/posts\/36142"}],"collection":[{"href":"http:\/\/hoycordobaweb.com\/index.php\/wp-json\/wp\/v2\/posts"}],"about":[{"href":"http:\/\/hoycordobaweb.com\/index.php\/wp-json\/wp\/v2\/types\/post"}],"author":[{"embeddable":true,"href":"http:\/\/hoycordobaweb.com\/index.php\/wp-json\/wp\/v2\/users\/1"}],"replies":[{"embeddable":true,"href":"http:\/\/hoycordobaweb.com\/index.php\/wp-json\/wp\/v2\/comments?post=36142"}],"version-history":[{"count":0,"href":"http:\/\/hoycordobaweb.com\/index.php\/wp-json\/wp\/v2\/posts\/36142\/revisions"}],"wp:featuredmedia":[{"embeddable":true,"href":"http:\/\/hoycordobaweb.com\/index.php\/wp-json\/wp\/v2\/media\/36143"}],"wp:attachment":[{"href":"http:\/\/hoycordobaweb.com\/index.php\/wp-json\/wp\/v2\/media?parent=36142"}],"wp:term":[{"taxonomy":"category","embeddable":true,"href":"http:\/\/hoycordobaweb.com\/index.php\/wp-json\/wp\/v2\/categories?post=36142"},{"taxonomy":"post_tag","embeddable":true,"href":"http:\/\/hoycordobaweb.com\/index.php\/wp-json\/wp\/v2\/tags?post=36142"}],"curies":[{"name":"wp","href":"https:\/\/api.w.org\/{rel}","templated":true}]}}