{"id":36122,"date":"2022-01-24T22:24:23","date_gmt":"2022-01-24T22:24:23","guid":{"rendered":"https:\/\/www.ole.com.ar\/futbol-internacional\/espana\/anthony-martial-refuerzo-sevilla-espana-deja-manchester-united-premier-league_0_SL8K6PkAhm.html"},"modified":"2022-01-24T22:24:23","modified_gmt":"2022-01-24T22:24:23","slug":"la-estrella-del-manchester-united-que-se-suma-al-sevilla-de-los-argentinos","status":"publish","type":"post","link":"http:\/\/hoycordobaweb.com\/index.php\/2022\/01\/24\/la-estrella-del-manchester-united-que-se-suma-al-sevilla-de-los-argentinos\/","title":{"rendered":"La estrella del Manchester United que se suma al Sevilla de los argentinos"},"content":{"rendered":"<p><img src=\"http:\/\/hoycordobaweb.com\/wp-content\/uploads\/2022\/01\/la-estrella-del-manchester-united-que-se-suma-al-sevilla-de-los-argentinos.jpg\"><\/p>\n<p>Los rumores se hicieron realidad: <strong><a data-cke-saved-href=\"https:\/\/www.ole.com.ar\/tema\/anthony-martial.html\" target=\"_blank\" href=\"https:\/\/www.ole.com.ar\/tema\/anthony-martial.html\" rel=\"noopener noreferrer\">Anthony Martial<\/a> dejar\u00e1 al <a data-cke-saved-href=\"https:\/\/www.ole.com.ar\/tema\/manchester-united.html\" target=\"_blank\" href=\"https:\/\/www.ole.com.ar\/tema\/manchester-united.html\" rel=\"noopener noreferrer\">Manchester United<\/a><\/strong>. Luego de reaparecer en el equipo el fin de semana pasado tras una larga inactividad por lesi\u00f3n, el delantero franc\u00e9s fue dado a <strong>pr\u00e9stamo al <a data-cke-saved-href=\"https:\/\/www.ole.com.ar\/tema\/sevilla.html\" target=\"_blank\" href=\"https:\/\/www.ole.com.ar\/tema\/sevilla.html\" rel=\"noopener noreferrer\">Sevilla<\/a><\/strong>, donde se har\u00e1n cargo del 100% su salario y jugar\u00e1 hasta el final de la temporada. <strong>Compartir\u00e1 equipo con <a data-cke-saved-href=\"https:\/\/www.ole.com.ar\/tema\/papu-gomez.html\" target=\"_blank\" href=\"https:\/\/www.ole.com.ar\/tema\/papu-gomez.html\" rel=\"noopener noreferrer\">Papu G\u00f3mez<\/a>, <a data-cke-saved-href=\"https:\/\/www.ole.com.ar\/tema\/marcos-acuna.html\" target=\"_blank\" href=\"https:\/\/www.ole.com.ar\/tema\/marcos-acuna.html\" rel=\"noopener noreferrer\">Marcos Acu\u00f1a<\/a>, <a data-cke-saved-href=\"https:\/\/www.ole.com.ar\/tema\/gonzalo-montiel.html\" target=\"_blank\" href=\"https:\/\/www.ole.com.ar\/tema\/gonzalo-montiel.html\" rel=\"noopener noreferrer\">Gonzalo Montiel<\/a> y <a data-cke-saved-href=\"https:\/\/www.ole.com.ar\/tema\/lucas-ocampos.html\" target=\"_blank\" href=\"https:\/\/www.ole.com.ar\/tema\/lucas-ocampos.html\" rel=\"noopener noreferrer\">Lucas Ocampos<\/a><\/strong>.<\/p>\n<div class=\"sp__SM\">\n<div class=\"content-new \">\n<span class=\"tit-mobile\">Mir\u00e1 tambi\u00e9n<\/span><\/p>\n<div class=\"mg\">\n<div class=\"wrap-figure\">\n<picture>\n<a href=\"https:\/\/www.ole.com.ar\/boxeo\/anthony-joshua-oleksandr-usyk-tyson-fury-peso-pesado_0_sD7KhohELh.html\" target=\"_self\" rel=\"noopener noreferrer\"><br \/>\n<img class=\"img-responsive\" alt=\"Anthony Joshua cobrar\u00eda 18 millones de euros por no pelear\" src=\"http:\/\/hoycordobaweb.com\/wp-content\/uploads\/2022\/01\/la-estrella-del-manchester-united-que-se-suma-al-sevilla-de-los-argentinos-2.jpg\" loading=\"lazy\"><br \/>\n<\/a>\n<\/picture>\n<\/div>\n<\/div><\/div>\n<\/div>\n<p>Seg\u00fan lo confirm\u00f3 el periodista especializado en el mercado de pases europeo, Fabrizio Romano, el atacante <strong>ya tiene todo acordado con el equipo espa\u00f1ol y en la pr\u00f3xima horas estar\u00e1 viajando para sumarse al plantel<\/strong>.<\/p>\n<div class=\"sp__Normal htmlLibre\">\n<div class=\"embed-responsive-c\" readability=\"7.6438356164384\">\n<blockquote class=\"twitter-tweet\" readability=\"9.3424657534247\">\n<p lang=\"en\" dir=\"ltr\">Anthony Martial from Manchester United to Sevilla, done deal and here we go! Agreement reached tonight between the two clubs. Player has accepted, Sevilla was his priority. \u26aa\ufe0f\ud83d\udd34 <a href=\"https:\/\/twitter.com\/hashtag\/Sevilla?src=hash&amp;ref_src=twsrc%5Etfw\">#Sevilla<\/a><\/p>\n<p>Sevilla will cover his salary until June. Martial will fly to Spain in the next hours. <a href=\"https:\/\/twitter.com\/hashtag\/MUFC?src=hash&amp;ref_src=twsrc%5Etfw\">#MUFC<\/a> <a href=\"https:\/\/t.co\/a5U392Es3k\">pic.twitter.com\/a5U392Es3k<\/a><\/p>\n<p>\u2014 Fabrizio Romano (@FabrizioRomano) <a href=\"https:\/\/twitter.com\/FabrizioRomano\/status\/1485731859438972929?ref_src=twsrc%5Etfw\">January 24, 2022<\/a><\/p><\/blockquote><\/div>\n<\/div>\n<p><strong>Anthony Martial ya le hab\u00eda comunicado al Manchester United sus intenciones de salir del equipo<\/strong>. R\u00e1pidamente apareci\u00f3 el llamado por parte del Sevilla y el jugador franc\u00e9s se mostr\u00f3 conforme con ese destino.<\/p>\n<p> El delantero de 26 a\u00f1os <strong>volvi\u00f3 a tener minutos este fin de semana ante West Ham,<\/strong> partido que los Diablos Rojos ganaron por 1 a 0 con gol de Marcus Rashford en tiempo agregado.<\/p>\n<p>Salt\u00f3 al campo en el minuto 82 junto al uruguayo Edinson Cavani para sustituir a Mason Greenwood y Fred, respectivamente. <strong>Tuvo una aportaci\u00f3n relevante que dirigi\u00f3 el contraataque que continu\u00f3 Cavani y que culmin\u00f3 Marcus Rashford<\/strong> para dar un triunfo relevante al Manchester United.<\/p>\n<div class=\"sp__Normal\">\n<div class=\"image-embeb image-trigger\" readability=\"6\">\n<picture><source media=\"(min-width: 720px)\" srcset=\"http:\/\/hoycordobaweb.com\/wp-content\/uploads\/2022\/01\/la-estrella-del-manchester-united-que-se-suma-al-sevilla-de-los-argentinos-3.jpg\"><img itemprop=\"image\" src=\"http:\/\/hoycordobaweb.com\/wp-content\/uploads\/2022\/01\/la-estrella-del-manchester-united-que-se-suma-al-sevilla-de-los-argentinos-3.jpg\" loading=\"lazy\" alt=\"Marcus Rashford le dio el triunfo ag\u00f3nico al Manchester United (Foto: REUTERS).\">\n<\/picture><figcaption readability=\"2\">\n<p>Marcus Rashford le dio el triunfo ag\u00f3nico al Manchester United (Foto: REUTERS).\n<\/p>\n<\/figcaption><\/div>\n<\/div>\n<p> Este fue el primer partido de Martial bajo la direcci\u00f3n t\u00e9cnica de Ralf Rangnick. <strong>No hab\u00eda podido jugar anteriormente por una lesi\u00f3n muscular sufrida el 2 de diciembre 2021<\/strong>, ante el Arsenal.<\/p>\n<div class=\"sp__SM\">\n<div class=\"content-new \">\n<span class=\"tit-mobile\">Mir\u00e1 tambi\u00e9n<\/span><\/p>\n<div class=\"mg\">\n<div class=\"wrap-figure\">\n<picture>\n<a href=\"https:\/\/www.ole.com.ar\/boca-juniors\/nicolas-figal-boca-beckham-riquelme_0_KptsJviznq.html\" target=\"_self\" rel=\"noopener noreferrer\"><br \/>\n<img class=\"img-responsive\" alt=\"La curiosa comparaci\u00f3n de Figal entre Beckham y Riquelme\" src=\"http:\/\/hoycordobaweb.com\/wp-content\/uploads\/2022\/01\/la-estrella-del-manchester-united-que-se-suma-al-sevilla-de-los-argentinos-4.jpg\" loading=\"lazy\"><br \/>\n<\/a>\n<\/picture>\n<\/div>\n<\/div><\/div>\n<\/div>\n<h2><strong>Manchester United podr\u00eda dejar ir otro jugador<\/strong><\/h2>\n<p> <strong>La directiva de los Diablos Rojos se encuentra en plena negociaci\u00f3n con el Newcastle<\/strong>, que est\u00e1 interesado en hacerse con los servicios de <strong>Jesse Lingard<\/strong>. El equipo de los jeques \u00e1rabes han intentado concretar varias operaciones en lo que va del mercado de pases, pero recibieron muchas respuestas negativas por estar en zona de descenso.<\/p>\n<div class=\"sp__Normal\">\n<div class=\"image-embeb image-trigger\" readability=\"6\">\n<picture><source media=\"(min-width: 720px)\" srcset=\"http:\/\/hoycordobaweb.com\/wp-content\/uploads\/2022\/01\/la-estrella-del-manchester-united-que-se-suma-al-sevilla-de-los-argentinos-5.jpg\"><img itemprop=\"image\" src=\"http:\/\/hoycordobaweb.com\/wp-content\/uploads\/2022\/01\/la-estrella-del-manchester-united-que-se-suma-al-sevilla-de-los-argentinos-5.jpg\" loading=\"lazy\" alt=\"Jesse Lingard podr\u00eda irse a pr\u00e9stamo al Newcastle (Foto: AFP).\">\n<\/picture><figcaption readability=\"2\">\n<p>Jesse Lingard podr\u00eda irse a pr\u00e9stamo al Newcastle (Foto: AFP).\n<\/p>\n<\/figcaption><\/div>\n<\/div>\n<div class=\"sp__SM\">\n<div class=\"content-new \">\n<span class=\"tit-mobile\">Mir\u00e1 tambi\u00e9n<\/span><\/p>\n<div class=\"mg\">\n<div class=\"wrap-figure\">\n<picture>\n<a href=\"https:\/\/www.ole.com.ar\/futbol-internacional\/volea-puskas-babington_0_viNFjkzjEI.html\" target=\"_self\" rel=\"noopener noreferrer\"><br \/>\n<img class=\"img-responsive\" alt=\"De volea al Puskas\" src=\"http:\/\/hoycordobaweb.com\/wp-content\/uploads\/2022\/01\/la-estrella-del-manchester-united-que-se-suma-al-sevilla-de-los-argentinos-6.jpg\" loading=\"lazy\"> <\/a>\n<\/picture>\n<\/div>\n<\/div><\/div>\n<\/div>\n<h2><strong>El defensor que podr\u00eda irse del Sevilla<\/strong><\/h2>\n<p> Newcastle sue\u00f1a con la permanencia y, para eso, tiene que dar un salto de jerarqu\u00eda en su plantel. Es por eso que han lanzado varias ofertas millonarias. <strong>Eddie Howe, entrenador del equipo, sue\u00f1a con incorporar un defensor y el principal apuntado es Diego Carlos<\/strong>. Desde el Sevilla pidieron unos <mark>45 millones de euros<\/mark> para venderles al brasile\u00f1o.<\/p>\n<p> A pesar de haber llegado a un acuerdo econ\u00f3mico con el jugador, quien desea marcharse al norte de Inglaterra, <strong>existe una diferencia de 10 millones<\/strong>, que por el momento hacen que la negociaci\u00f3n no llegue a buen puerto. La gran dificultad en este momento es que no hay demasiado tiempo para buscar m\u00e1s alternativas dado que dentro de una semana se estar\u00e1 cerrando la ventana de fichajes.<\/p>\n<div class=\"sp__Normal\">\n<div class=\"image-embeb image-trigger\" readability=\"6.5\">\n<picture><source media=\"(min-width: 720px)\" srcset=\"http:\/\/hoycordobaweb.com\/wp-content\/uploads\/2022\/01\/la-estrella-del-manchester-united-que-se-suma-al-sevilla-de-los-argentinos-7.jpg\"><img itemprop=\"image\" src=\"http:\/\/hoycordobaweb.com\/wp-content\/uploads\/2022\/01\/la-estrella-del-manchester-united-que-se-suma-al-sevilla-de-los-argentinos-7.jpg\" loading=\"lazy\" alt=\"Diego Carlos marcando a Guido Rodr\u00edguez durante el encuentro de octavos de Copa del Rey entre el Real Betis y el Sevilla FC (Foto: EFE).\">\n<\/picture><figcaption readability=\"3\">\n<p>Diego Carlos marcando a Guido Rodr\u00edguez durante el encuentro de octavos de Copa del Rey entre el Real Betis y el Sevilla FC (Foto: EFE).\n<\/p>\n<\/figcaption><\/div>\n<\/div>\n<div class=\"sp__SM\">\n<div class=\"content-new \">\n<span class=\"tit-mobile\">Mir\u00e1 tambi\u00e9n<\/span><\/p>\n<div class=\"mg\">\n<div class=\"wrap-figure\">\n<picture>\n<a href=\"https:\/\/www.ole.com.ar\/futbol-internacional\/inglaterra\/diego-carlos-newcastle-sevilla-millones_0_rvE4wIbKKi.html\" target=\"_self\" rel=\"noopener noreferrer\"><br \/>\n<img class=\"img-responsive\" alt=\"La astron\u00f3mica cifra que deber\u00eda pagar Newcastle para contratar al defensor que pretenden\" src=\"http:\/\/hoycordobaweb.com\/wp-content\/uploads\/2022\/01\/la-estrella-del-manchester-united-que-se-suma-al-sevilla-de-los-argentinos-8.jpg\" loading=\"lazy\"><br \/>\n<\/a>\n<\/picture>\n<\/div>\n<\/div><\/div>\n<\/div>\n<div class=\"sp__SM\">\n<div class=\"content-new \">\n<span class=\"tit-mobile\">Mir\u00e1 tambi\u00e9n<\/span><\/p>\n<div class=\"mg\">\n<div class=\"wrap-figure\">\n<picture>\n<a href=\"https:\/\/www.ole.com.ar\/independiente\/transferencia-pase-joya-dallas-dolares_0_HH3fuFxJUr.html\" target=\"_self\" rel=\"noopener noreferrer\"><br \/>\n<img class=\"img-responsive\" alt=\"Fin de la novela: el Rojo vendi\u00f3 a Velasco\" src=\"http:\/\/hoycordobaweb.com\/wp-content\/uploads\/2022\/01\/la-estrella-del-manchester-united-que-se-suma-al-sevilla-de-los-argentinos-9.jpg\" loading=\"lazy\"><br \/>\n<\/a>\n<\/picture>\n<\/div>\n<\/div><\/div>\n<\/div>\n<div class=\"entry-tags\">\n<h2>TEMAS QUE APARECEN EN ESTA NOTA<\/h2>\n<\/p><\/div>\n","protected":false},"excerpt":{"rendered":"<p>Los rumores se hicieron realidad: Anthony Martial dejar\u00e1 al Manchester United. Luego de reaparecer en el equipo el fin de semana pasado tras una larga inactividad por lesi\u00f3n, el delantero franc\u00e9s fue dado a pr\u00e9stamo al Sevilla, donde se har\u00e1n cargo del 100% su salario y jugar\u00e1 hasta el final de la temporada. Compartir\u00e1 equipo [&hellip;]<\/p>\n","protected":false},"author":1,"featured_media":36123,"comment_status":"open","ping_status":"closed","sticky":false,"template":"","format":"standard","meta":[],"categories":[16],"tags":[],"_links":{"self":[{"href":"http:\/\/hoycordobaweb.com\/index.php\/wp-json\/wp\/v2\/posts\/36122"}],"collection":[{"href":"http:\/\/hoycordobaweb.com\/index.php\/wp-json\/wp\/v2\/posts"}],"about":[{"href":"http:\/\/hoycordobaweb.com\/index.php\/wp-json\/wp\/v2\/types\/post"}],"author":[{"embeddable":true,"href":"http:\/\/hoycordobaweb.com\/index.php\/wp-json\/wp\/v2\/users\/1"}],"replies":[{"embeddable":true,"href":"http:\/\/hoycordobaweb.com\/index.php\/wp-json\/wp\/v2\/comments?post=36122"}],"version-history":[{"count":0,"href":"http:\/\/hoycordobaweb.com\/index.php\/wp-json\/wp\/v2\/posts\/36122\/revisions"}],"wp:featuredmedia":[{"embeddable":true,"href":"http:\/\/hoycordobaweb.com\/index.php\/wp-json\/wp\/v2\/media\/36123"}],"wp:attachment":[{"href":"http:\/\/hoycordobaweb.com\/index.php\/wp-json\/wp\/v2\/media?parent=36122"}],"wp:term":[{"taxonomy":"category","embeddable":true,"href":"http:\/\/hoycordobaweb.com\/index.php\/wp-json\/wp\/v2\/categories?post=36122"},{"taxonomy":"post_tag","embeddable":true,"href":"http:\/\/hoycordobaweb.com\/index.php\/wp-json\/wp\/v2\/tags?post=36122"}],"curies":[{"name":"wp","href":"https:\/\/api.w.org\/{rel}","templated":true}]}}