{"id":36116,"date":"2022-01-24T16:21:46","date_gmt":"2022-01-24T16:21:46","guid":{"rendered":"https:\/\/ladecimaweb.com\/?p=12441"},"modified":"2022-01-24T16:21:46","modified_gmt":"2022-01-24T16:21:46","slug":"nunca-mas-recupere-las-herramientas-dice-el-dueno-de-un-taller-robado","status":"publish","type":"post","link":"http:\/\/hoycordobaweb.com\/index.php\/2022\/01\/24\/nunca-mas-recupere-las-herramientas-dice-el-dueno-de-un-taller-robado\/","title":{"rendered":"\u201cNunca m\u00e1s recuper\u00e9 las herramientas\u201d, dice el due\u00f1o de un taller robado"},"content":{"rendered":"<p>A fines de setiembre, un taller mec\u00e1nico de barrio Santa Rosa fue noticia porque boqueteros hicieron un hueco en el techo para descolgarse con una soga y robarse un auto y las herramientas.<\/p>\n<p>El auto -un fiat Cronos blanco- fue encontrado el mismo d\u00eda en que <a href=\"https:\/\/ladecimaweb.com\/?s=boquete+taller\"><strong>se dio a conocer el hecho, el 29 de setiembre.<\/strong> <\/a>Adentro hab\u00eda algunas de las herramientas robadas, pero no todas.<\/p>\n<p>Transcurridos cuatro meses del episodio, el due\u00f1o del taller no tiene consuelo<\/p>\n<p>\u201cUna parte de las herramientas que estaban en el auto se pudo recuperar, pero la mayor\u00eda no apareci\u00f3 m\u00e1s\u201d, afirma N\u00e9stor Altamirano al ser consultado por La D\u00e9cima.<\/p>\n<p>Pese a todo, el taller volvi\u00f3 a funcionar. \u201cSeguimos adelante porque somos gente de trabajo.\u00a0 Y de a poco lo vamos levantando al taller con herramientas nuevas y otras donadas\u201d, describe Altamirano.<\/p>\n<p>Seg\u00fan sus c\u00e1lculos, se robaron alrededor de \u201c5 millones de pesos\u201d en herramientas pesada y de mano.<\/p>\n<p>Para volver a abrir, tuvo que invertir en la seguridad del taller.<\/p>\n<p><img loading=\"lazy\" class=\"wp-image-12443 aligncenter\" src=\"http:\/\/hoycordobaweb.com\/wp-content\/uploads\/2022\/01\/nunca-mas-recupere-las-herramientas-dice-el-dueno-de-un-taller-robado.jpg\" alt=\"\" width=\"368\" height=\"207\" srcset=\"http:\/\/hoycordobaweb.com\/wp-content\/uploads\/2022\/01\/nunca-mas-recupere-las-herramientas-dice-el-dueno-de-un-taller-robado.jpg 1600w, http:\/\/hoycordobaweb.com\/wp-content\/uploads\/2022\/01\/nunca-mas-recupere-las-herramientas-dice-el-dueno-de-un-taller-robado-1.jpg 788w, http:\/\/hoycordobaweb.com\/wp-content\/uploads\/2022\/01\/nunca-mas-recupere-las-herramientas-dice-el-dueno-de-un-taller-robado-2.jpg 768w, http:\/\/hoycordobaweb.com\/wp-content\/uploads\/2022\/01\/nunca-mas-recupere-las-herramientas-dice-el-dueno-de-un-taller-robado-3.jpg 1536w\" sizes=\"(max-width: 368px) 100vw, 368px\" \/><\/p>\n<p>\u201cPusimos alarma, cerramos con candado bien grueso y arriba colocamos un boyero (cerco electrificado)\u201d, enumera.<\/p>\n<p>Pese a las buenas intenciones, manifiesta estar disconforme con la pesquisa policial para dar con las herramientas.<\/p>\n<p>\u201cSe han hecho allanamientos en los cuales no se encontr\u00f3 nada\u2026 qu\u00e9 se yo\u201d, coment\u00f3, apesadumbrado.<\/p>\n<div class=\"ubm_banner\"><a href=\"https:\/\/www.cordobaturismo.gov.ar\/\" target=\"_blank\" rel=\"dofollow noopener noreferrer\"><img src=\"http:\/\/hoycordobaweb.com\/wp-content\/uploads\/2022\/01\/nunca-mas-recupere-las-herramientas-dice-el-dueno-de-un-taller-robado.gif\" alt=\"\"><\/a><\/div>\n<p>La entrada <a rel=\"nofollow\" href=\"https:\/\/ladecimaweb.com\/nunca-mas-recupere-las-herramientas-dice-el-dueno-de-un-taller-robado\/\">\u201cNunca m\u00e1s recuper\u00e9 las herramientas\u201d, dice el due\u00f1o de un taller robado<\/a> se public\u00f3 primero en <a rel=\"nofollow\" href=\"https:\/\/ladecimaweb.com\">LaDecima<\/a>.<\/p>\n","protected":false},"excerpt":{"rendered":"<p>A fines de setiembre, un taller mec\u00e1nico de barrio Santa Rosa fue noticia porque boqueteros hicieron un hueco en el techo para descolgarse con una soga y robarse un auto y las herramientas. El auto -un fiat Cronos blanco- fue encontrado el mismo d\u00eda en que se dio a conocer el hecho, el 29 de [&hellip;]<\/p>\n","protected":false},"author":1,"featured_media":36117,"comment_status":"closed","ping_status":"closed","sticky":false,"template":"","format":"standard","meta":[],"categories":[19],"tags":[],"_links":{"self":[{"href":"http:\/\/hoycordobaweb.com\/index.php\/wp-json\/wp\/v2\/posts\/36116"}],"collection":[{"href":"http:\/\/hoycordobaweb.com\/index.php\/wp-json\/wp\/v2\/posts"}],"about":[{"href":"http:\/\/hoycordobaweb.com\/index.php\/wp-json\/wp\/v2\/types\/post"}],"author":[{"embeddable":true,"href":"http:\/\/hoycordobaweb.com\/index.php\/wp-json\/wp\/v2\/users\/1"}],"replies":[{"embeddable":true,"href":"http:\/\/hoycordobaweb.com\/index.php\/wp-json\/wp\/v2\/comments?post=36116"}],"version-history":[{"count":0,"href":"http:\/\/hoycordobaweb.com\/index.php\/wp-json\/wp\/v2\/posts\/36116\/revisions"}],"wp:featuredmedia":[{"embeddable":true,"href":"http:\/\/hoycordobaweb.com\/index.php\/wp-json\/wp\/v2\/media\/36117"}],"wp:attachment":[{"href":"http:\/\/hoycordobaweb.com\/index.php\/wp-json\/wp\/v2\/media?parent=36116"}],"wp:term":[{"taxonomy":"category","embeddable":true,"href":"http:\/\/hoycordobaweb.com\/index.php\/wp-json\/wp\/v2\/categories?post=36116"},{"taxonomy":"post_tag","embeddable":true,"href":"http:\/\/hoycordobaweb.com\/index.php\/wp-json\/wp\/v2\/tags?post=36116"}],"curies":[{"name":"wp","href":"https:\/\/api.w.org\/{rel}","templated":true}]}}