{"id":36032,"date":"2022-01-18T21:18:39","date_gmt":"2022-01-18T21:18:39","guid":{"rendered":"https:\/\/ladecimaweb.com\/?p=12406"},"modified":"2022-01-18T21:18:39","modified_gmt":"2022-01-18T21:18:39","slug":"aseguran-que-es-clave-mejorar-la-eficacia-del-barbijo-ante-la-nueva-cepa-omicron","status":"publish","type":"post","link":"http:\/\/hoycordobaweb.com\/index.php\/2022\/01\/18\/aseguran-que-es-clave-mejorar-la-eficacia-del-barbijo-ante-la-nueva-cepa-omicron\/","title":{"rendered":"Aseguran que es clave mejorar la eficacia del barbijo ante la nueva cepa \u00d3micron"},"content":{"rendered":"<p><em>(T\u00e9lam)<\/em> Aunque <strong>su rol siempre fue relevante en la prevenci\u00f3n del contagio de coronavirus,<\/strong>\u00a0los barbijos vuelven a ser el centro de la atenci\u00f3n debido a la gran circulaci\u00f3n viral\u00a0<strong>en un contexto donde la movilidad y las actividades est\u00e1n al cien por ciento<\/strong>, por lo que mejorar su eficacia -con material y ajuste adecuado- es clave para poder transitar con la mayor protecci\u00f3n posible.<\/p>\n<p>Argentina transita esta nueva ola por coronavirus con un alto porcentaje de su poblaci\u00f3n vacunada:<strong>\u00a0m\u00e1s del 85% recibi\u00f3 una dosis, el 74% tiene dos dosis y avanza el refuerzo<\/strong>, lo que contribuy\u00f3 a que, pese a la gran cantidad de contagios diarios -que alcanz\u00f3 cifras r\u00e9cord la semana pasada con m\u00e1s de 130 mil notificaciones en un d\u00eda-, las terapias intensivas no se vean todav\u00eda comprometidas.<\/p>\n<p>Pero el virus circula e infecta, y pese al &#8220;desacople&#8221; entre la curva de casos e internaciones (una crece de manera abrupta y la otra apenas),\u00a0<strong>muchos contagios pueden provocar tambi\u00e9n muchos muertos.<\/strong><\/p>\n<p>&#8220;En este contexto, y frente a un momento de la pandemia en el que no es posible poner restricciones a la movilidad y a las interacciones sociales, una de las formas m\u00e1s viables de sostener la actividad y a la vez prevenir es mejorar la calidad de los barbijos y para eso necesitamos varias cosas&#8221;, se\u00f1al\u00f3 a T\u00e9lam la investigadora de Conicet Sol Minoldo.<\/p>\n<p>La especialista destac\u00f3 dos puntos centrales para mejorar la eficacia de los barbijos: el material y el ajuste. &#8220;El objetivo es que todo el aire inhalado y exhalado pase a trav\u00e9s del barbijo&#8221;, describi\u00f3.<\/p>\n<figure class=\"mb-3\"><img loading=\"lazy\" src=\"http:\/\/hoycordobaweb.com\/wp-content\/uploads\/2022\/01\/aseguran-que-es-clave-mejorar-la-eficacia-del-barbijo-ante-la-nueva-cepa-omicron.jpg\" alt=\"El tapabocas permite realizar las actividades cotidianas con ms proteccin Foto Leo Vaca \" width=\"100%\" height=\"100%\" \/><\/p>\n<div class=\"media-icons\"><\/div><figcaption><em>El tapabocas permite realizar las actividades cotidianas con m\u00e1s protecci\u00f3n. Foto: Leo Vac<\/em>a.<\/figcaption><\/figure>\n<p>Entonces, <strong>\u00bflos barbijos que serv\u00edan para otras variantes ya no sirven?<\/strong><\/p>\n<p><strong>&#8220;No es que no sirvan, ning\u00fan barbijo es una barrera perfecta pero a la variante \u00d3micron necesitamos ponerle barreras m\u00e1s fuertes&#8221;,<\/strong>\u00a0indic\u00f3, por su parte, Andrea Pineda Rojas, investigadora del Centro de Investigaciones del Mar y la Atm\u00f3sfera (CIMA) y del Conicet.<\/p>\n<p>Pineda Rojas record\u00f3 que una de las principales v\u00edas de contagio del coronavirus son los aerosoles, &#8220;esas peque\u00f1as gotitas (invisibles) que emitimos cuando exhalamos y que por su peque\u00f1o tama\u00f1o quedan suspendidas en el aire&#8221;.<\/p>\n<p><strong>&#8220;Un barbijo con material y ajuste adecuados permitir\u00eda filtrar ese aire que inhalamos<\/strong>\u00a0y exhalamos protegi\u00e9ndonos tanto del contagio en proximidad como a distancia&#8221;, detall\u00f3.<\/p>\n<p>En ese sentido, &#8220;un barbijo com\u00fan podr\u00eda ser \u00fatil en interacciones cortas en exterior porque frena &#8216;la pluma&#8217;, esa concentraci\u00f3n de aerosoles que emitimos cuando hablamos y que se va dispersando a medida que se aleja del emisor. Pero en cercan\u00eda y sobre todo cuando no se puede mantener la distancia durante cierto tiempo (por ejemplo, en el colectivo),\u00a0<strong>el uso de un buen barbijo es clave&#8221;<\/strong>, dijo Pineda Rojas.<\/p>\n<p><a href=\"https:\/\/www.telam.com.ar\/notas\/202201\/581235-circulacion-viral-coronavirus-barbijo.html\">M\u00c1S INFORMACI\u00d3N<\/a><\/p>\n<div class=\"ubm_banner\"><a href=\"https:\/\/www.cordobaturismo.gov.ar\/\" target=\"_blank\" rel=\"dofollow noopener noreferrer\"><img src=\"http:\/\/hoycordobaweb.com\/wp-content\/uploads\/2022\/01\/aseguran-que-es-clave-mejorar-la-eficacia-del-barbijo-ante-la-nueva-cepa-omicron.gif\" alt=\"\"><\/a><\/div>\n<p>La entrada <a rel=\"nofollow\" href=\"https:\/\/ladecimaweb.com\/aseguran-que-es-clave-mejorar-la-eficacia-del-barbijo-ante-la-nueva-cepa-omicron\/\">Aseguran que es clave mejorar la eficacia del barbijo ante la nueva cepa \u00d3micron<\/a> se public\u00f3 primero en <a rel=\"nofollow\" href=\"https:\/\/ladecimaweb.com\">LaDecima<\/a>.<\/p>\n","protected":false},"excerpt":{"rendered":"<p>(T\u00e9lam) Aunque su rol siempre fue relevante en la prevenci\u00f3n del contagio de coronavirus,\u00a0los barbijos vuelven a ser el centro de la atenci\u00f3n debido a la gran circulaci\u00f3n viral\u00a0en un contexto donde la movilidad y las actividades est\u00e1n al cien por ciento, por lo que mejorar su eficacia -con material y ajuste adecuado- es clave [&hellip;]<\/p>\n","protected":false},"author":1,"featured_media":36033,"comment_status":"closed","ping_status":"closed","sticky":false,"template":"","format":"standard","meta":[],"categories":[19],"tags":[],"_links":{"self":[{"href":"http:\/\/hoycordobaweb.com\/index.php\/wp-json\/wp\/v2\/posts\/36032"}],"collection":[{"href":"http:\/\/hoycordobaweb.com\/index.php\/wp-json\/wp\/v2\/posts"}],"about":[{"href":"http:\/\/hoycordobaweb.com\/index.php\/wp-json\/wp\/v2\/types\/post"}],"author":[{"embeddable":true,"href":"http:\/\/hoycordobaweb.com\/index.php\/wp-json\/wp\/v2\/users\/1"}],"replies":[{"embeddable":true,"href":"http:\/\/hoycordobaweb.com\/index.php\/wp-json\/wp\/v2\/comments?post=36032"}],"version-history":[{"count":0,"href":"http:\/\/hoycordobaweb.com\/index.php\/wp-json\/wp\/v2\/posts\/36032\/revisions"}],"wp:featuredmedia":[{"embeddable":true,"href":"http:\/\/hoycordobaweb.com\/index.php\/wp-json\/wp\/v2\/media\/36033"}],"wp:attachment":[{"href":"http:\/\/hoycordobaweb.com\/index.php\/wp-json\/wp\/v2\/media?parent=36032"}],"wp:term":[{"taxonomy":"category","embeddable":true,"href":"http:\/\/hoycordobaweb.com\/index.php\/wp-json\/wp\/v2\/categories?post=36032"},{"taxonomy":"post_tag","embeddable":true,"href":"http:\/\/hoycordobaweb.com\/index.php\/wp-json\/wp\/v2\/tags?post=36032"}],"curies":[{"name":"wp","href":"https:\/\/api.w.org\/{rel}","templated":true}]}}