{"id":36009,"date":"2022-01-21T22:27:00","date_gmt":"2022-01-21T22:27:00","guid":{"rendered":"http:\/\/hoycordobaweb.com\/index.php\/2022\/01\/21\/argentina-necesita-mas-tiempo-para-pagar-y-quiere-llegar-a-un-acuerdo\/"},"modified":"2022-01-21T22:27:00","modified_gmt":"2022-01-21T22:27:00","slug":"argentina-necesita-mas-tiempo-para-pagar-y-quiere-llegar-a-un-acuerdo","status":"publish","type":"post","link":"http:\/\/hoycordobaweb.com\/index.php\/2022\/01\/21\/argentina-necesita-mas-tiempo-para-pagar-y-quiere-llegar-a-un-acuerdo\/","title":{"rendered":"\u00abArgentina necesita m\u00e1s tiempo para pagar y quiere llegar a un acuerdo\u00bb"},"content":{"rendered":"<p><img src=\"http:\/\/hoycordobaweb.com\/wp-content\/uploads\/2022\/01\/argentina-necesita-mas-tiempo-para-pagar-y-quiere-llegar-a-un-acuerdo.jpg\"><\/p>\n<figure class=\"mb-3\"><img loading=\"lazy\" src=\"http:\/\/hoycordobaweb.com\/wp-content\/uploads\/2022\/01\/argentina-necesita-mas-tiempo-para-pagar-y-quiere-llegar-a-un-acuerdo-2.jpg\" width=\"100%\" height=\"100%\" alt=\"Telam SE\"><figcaption><\/figcaption><\/figure>\n<p>El ministro de Econom\u00eda, Mart\u00edn Guzm\u00e1n, afirm\u00f3&nbsp; que la \u00abArgentina necesita m\u00e1s tiempo para pagar y quiere llegar a un acuerdo (con el FMI), que es necesario para ambas partes\u00bb, al tiempo que admiti\u00f3 que existen diferencias con el organismo sobre los tiempos de consolidaci\u00f3n fiscal y las combinaciones entre gastos e ingresos.<\/p>\n<p>\u00abLa diferencia que tenemos con el FMI es la velocidad de consolidaci\u00f3n fiscal y las combinaciones entre gastos e ingresos. No queremos penalizar la demanda cuando la econom\u00eda se est\u00e1 recuperando\u00bb, dijo Guzm\u00e1n en una entrevista con el diario franc\u00e9s Le Figaro.<\/p>\n<p>En el plano internacional la <strong><a href=\"https:\/\/www.telam.com.ar\/notas\/202201\/581552-lopez-obrador-apoyo-argentina-fmi.html\" target=\"_blank\" rel=\"noopener noreferrer\">Argentina volvi\u00f3 a recibir otra muestra de apoyo por parte del presidente de M\u00e9xico, Andr\u00e9s Manuel L\u00f3pez Obrador, que pidi\u00f3 \u00abun trato justo\u00bb para el pa\u00eds<\/a><\/strong> en torno al acuerdo por el pago de la deuda externa y que el Fondo Monetario Internacional (FMI) \u00abasuma su responsabilidad\u00bb en el \u00abendeudamiento excesivo\u00bb registrado como consecuencia del pr\u00e9stamo que tom\u00f3 en 2018 el gobierno de Mauricio Macri.<\/p>\n<p>\u201cAprovecho para hacer un llamado al Fondo Monetario Internacional con el prop\u00f3sito de que le den un trato justo a Argentina. Que asuma el FMI su responsabilidad en el endeudamiento excesivo del pa\u00eds y que no quiera ahora ponerles condiciones que van a empobrecer m\u00e1s al pueblo argentino y a debilitar por completo a su gobierno, si se aplican esas medidas que les est\u00e1 recomendando el FMI\u201d, consider\u00f3 L\u00f3pez Obrador en conferencia de prensa desde el sal\u00f3n Tesorer\u00eda del Palacio Nacional de M\u00e9xico.<\/p>\n<p>En horas de la tarde, <a href=\"https:\/\/www.telam.com.ar\/notas\/202201\/581586-fernandez-agradecimiento-mexico-mexicano-lopez-obrador-negociaciones-fmi.html\" target=\"_blank\" rel=\"noopener noreferrer\">el presidente Alberto Fern\u00e1ndez agradeci\u00f3 a su par de M\u00e9xico el apoyo en las negociaciones que la Argentina lleva adelante ante el Fondo Monetario Internacional (FMI<\/a>).<\/p>\n<blockquote class=\"twitter-tweet\" readability=\"5.748743718593\">\n<p lang=\"es\" dir=\"ltr\">Agradezco al presidente de M\u00e9xico, <a href=\"https:\/\/twitter.com\/lopezobrador_?ref_src=twsrc%5Etfw\">@lopezobrador_<\/a>, su firme decisi\u00f3n de apoyar la negociaci\u00f3n de Argentina con el FMI. <a href=\"https:\/\/t.co\/7ahOAuUwcP\">pic.twitter.com\/7ahOAuUwcP<\/a><\/p>\n<p>\u2014 Alberto Fern\u00e1ndez (@alferdez) <a href=\"https:\/\/twitter.com\/alferdez\/status\/1484610700878266369?ref_src=twsrc%5Etfw\">January 21, 2022<\/a><\/p><\/blockquote>\n<p>\u00abAgradezco al presidente de M\u00e9xico, Andr\u00e9s Manuel L\u00f3pez Obrador, su firme decisi\u00f3n de apoyar la negociaci\u00f3n de Argentina con el FMI\u00bb, sostuvo el jefe del Estado a trav\u00e9s de su cuenta en la red social Twitter.<\/p>\n<figure class=\"mb-3\"><img loading=\"lazy\" src=\"http:\/\/hoycordobaweb.com\/wp-content\/uploads\/2022\/01\/argentina-necesita-mas-tiempo-para-pagar-y-quiere-llegar-a-un-acuerdo-3.jpg\" width=\"100%\" height=\"100%\" alt=\"Telam SE\"><figcaption><\/figcaption><\/figure>\n<p>\u00abComo bien ha dicho mi querido y respetado presidente de M\u00e9xico, el FMI debe asumir la responsabilidad que tuvo al otorgar ese cr\u00e9dito r\u00e9cord al gobierno de Mauricio Macri con el fin de beneficiar a un gobierno en un momento electoral\u00bb, se\u00f1al\u00f3 Fern\u00e1ndez.<\/p>\n<p>Guzm\u00e1n, en el reportaje concedido a Le Figaro, dijo que \u00abArgentina ahora quiere m\u00e1s tiempo para pagar y quiere llegar a un acuerdo, que es necesario para ambas partes. La econom\u00eda va mejor, pero necesitamos m\u00e1s tiempo para pagar\u00bb.<\/p>\n<p>\u00abArgentina necesita continuar por este camino, que est\u00e1 sucediendo ahora, en un proceso de consolidaci\u00f3n fiscal virtuosa porque eso fortalecer\u00e1 nuestro cr\u00e9dito y nuestra moneda. Y Argentina tambi\u00e9n quiere converger a una situaci\u00f3n donde no haya un financiamiento sistem\u00e1tico del Banco Central al Tesoro\u00bb, explic\u00f3 Guzm\u00e1n.<\/p>\n<p>En cuanto a la evoluci\u00f3n de las cuentas p\u00fablicas, indic\u00f3 que se \u00abredujo fuertemente el d\u00e9ficit primario del 6,4% del PIB en 2020 al 3% en 2021; una reducci\u00f3n de 3,5 puntos en un a\u00f1o con un crecimiento del 10%. Si continu\u00e1ramos en la trayectoria pronosticada por el FMI, se socavar\u00eda el crecimiento y el \u00e9xito del programa de apoyo\u00bb.<\/p>\n<p>\u00abHoy el principal freno de la econom\u00eda argentina proviene de la restricci\u00f3n de la balanza de pagos; la mayor tensi\u00f3n viene de la deuda con el FMI, por el acuerdo de 2018 y los fuertes vencimientos de 19 mil millones de d\u00f3lares este a\u00f1o y 20 mil millones de d\u00f3lares en 2023\u00bb, acot\u00f3 el titular del Palacio de Hacienda.<\/p>\n<blockquote class><p>\u00abLa diferencia que tenemos con el FMI es la velocidad de consolidaci\u00f3n fiscal y las combinaciones entre gastos e ingresos. No queremos penalizar la demanda cuando la econom\u00eda se est\u00e1 recuperando\u00bb<cite class=\"author\">Mart\u00edn Guzm\u00e1n<\/cite><\/p><\/blockquote>\n<p>Respecto a la problem\u00e1tica inflacionaria, sostuvo que se trata de \u00abun problema generalizado que afecta a toda la econom\u00eda. Es nuestra prioridad, junto con la creaci\u00f3n de empleo\u00bb.<\/p>\n<p>Otro funcionario del Gobierno nacional, el vicejefe de Gabinete, Jorge Neme, tambi\u00e9n apunt\u00f3 contra el equipo econ\u00f3mico del gobierno Macri, al pedir a esos exfuncionarios \u00abque les cuenten a los argentinos c\u00f3mo iban a pagar la deuda con el FMI si la desgracia se abalanzaba contra la Argentina con otra gesti\u00f3n de Juntos por el Cambio\u201d.<\/p>\n<p>Neme, a trav\u00e9s de su cuenta en la red social Twitter, advirti\u00f3 que \u201chasta el momento, Toto Caputo, Sturzenegger, Dujovne, Sandleris y Prat Gay, no le explicaron a los argentinos y argentinas c\u00f3mo iban a pagar la deuda que tomaron con el FMI en caso de que la desgracia se hubiera abalanzado sobre la Argentina en 2019 con otro mandato de Mauricio Macri\u201d.<\/p>\n<p>\u201cLo que s\u00ed sabemos es que inventaron el problema de la deuda para pagarle a los bancos y al sector financiero, que en dos a\u00f1os se fugaron los ahorros de todos los argentinos\u201d, agreg\u00f3.<\/p>\n<p>\u201cEl resultado del Gobierno de Macri fue desastroso: liquidaron empresas, generaron desocupaci\u00f3n e incrementaron la pobreza. En los cuatro a\u00f1os que Prat Gay, Dujovne, Caputo y Sturzenegger administraron la econom\u00eda, se cayeron las exportaciones, desaparecieron las inversiones en activos reales, en desarrollo productivo, tecnolog\u00eda, inversi\u00f3n y en obras p\u00fablicas\u201d, concluy\u00f3 Neme. <\/p>\n","protected":false},"excerpt":{"rendered":"<p>El ministro de Econom\u00eda, Mart\u00edn Guzm\u00e1n, afirm\u00f3&nbsp; que la \u00abArgentina necesita m\u00e1s tiempo para pagar y quiere llegar a un acuerdo (con el FMI), que es necesario para ambas partes\u00bb, al tiempo que admiti\u00f3 que existen diferencias con el organismo sobre los tiempos de consolidaci\u00f3n fiscal y las combinaciones entre gastos e ingresos. \u00abLa diferencia [&hellip;]<\/p>\n","protected":false},"author":1,"featured_media":36010,"comment_status":"open","ping_status":"closed","sticky":false,"template":"","format":"standard","meta":[],"categories":[19],"tags":[],"_links":{"self":[{"href":"http:\/\/hoycordobaweb.com\/index.php\/wp-json\/wp\/v2\/posts\/36009"}],"collection":[{"href":"http:\/\/hoycordobaweb.com\/index.php\/wp-json\/wp\/v2\/posts"}],"about":[{"href":"http:\/\/hoycordobaweb.com\/index.php\/wp-json\/wp\/v2\/types\/post"}],"author":[{"embeddable":true,"href":"http:\/\/hoycordobaweb.com\/index.php\/wp-json\/wp\/v2\/users\/1"}],"replies":[{"embeddable":true,"href":"http:\/\/hoycordobaweb.com\/index.php\/wp-json\/wp\/v2\/comments?post=36009"}],"version-history":[{"count":0,"href":"http:\/\/hoycordobaweb.com\/index.php\/wp-json\/wp\/v2\/posts\/36009\/revisions"}],"wp:featuredmedia":[{"embeddable":true,"href":"http:\/\/hoycordobaweb.com\/index.php\/wp-json\/wp\/v2\/media\/36010"}],"wp:attachment":[{"href":"http:\/\/hoycordobaweb.com\/index.php\/wp-json\/wp\/v2\/media?parent=36009"}],"wp:term":[{"taxonomy":"category","embeddable":true,"href":"http:\/\/hoycordobaweb.com\/index.php\/wp-json\/wp\/v2\/categories?post=36009"},{"taxonomy":"post_tag","embeddable":true,"href":"http:\/\/hoycordobaweb.com\/index.php\/wp-json\/wp\/v2\/tags?post=36009"}],"curies":[{"name":"wp","href":"https:\/\/api.w.org\/{rel}","templated":true}]}}