{"id":36005,"date":"2022-01-21T21:48:42","date_gmt":"2022-01-21T21:48:42","guid":{"rendered":"https:\/\/www.trendencias.com\/moda-famosas\/paula-echevarria-nos-conquista-americana-cuadros-primark-que-perfecta-para-sumar-a-nuestros-looks-diarios"},"modified":"2022-01-21T21:48:42","modified_gmt":"2022-01-21T21:48:42","slug":"paula-echevarria-nos-conquista-con-una-americana-de-cuadros-de-primark-que-es-perfecta-para-sumar-a-nuestros-looks-diarios","status":"publish","type":"post","link":"http:\/\/hoycordobaweb.com\/index.php\/2022\/01\/21\/paula-echevarria-nos-conquista-con-una-americana-de-cuadros-de-primark-que-es-perfecta-para-sumar-a-nuestros-looks-diarios\/","title":{"rendered":"Paula Echevarr\u00eda nos conquista con una americana de cuadros de Primark que es perfecta para sumar a nuestros looks diarios"},"content":{"rendered":"<p>C\u00f3mo nos gusta cuando las famosas apuestan por el <em>low cost <\/em>y nos dan ideas de c\u00f3mo <a href=\"https:\/\/www.trendencias.com\/moda-famosas\/paula-echevarria-tiene-jersey-rayas-primark-que-mejor-combina-botas-mou\">combinar prendas<\/a> y conseguir looks resultones. Para ello, al C\u00e9sar lo que es del C\u00e9sar, ya que <a href=\"https:\/\/www.trendencias.com\/moda-famosas\/paula-echevarria-tiene-chaqueta-flecos-pelo-folk-este-invierno\">Paula Echevarr\u00eda<\/a> es especialista en aportarnos siempre cierta inspiraci\u00f3n y posibilidades con sus<a href=\"https:\/\/www.trendencias.com\/moda-famosas\/abrigo-negro-botas-altas-ultimo-look-paula-echevarria-perfecto-para-hacer-frente-al-frio\"> <em>outfits <\/em>diarios.<\/a><\/p>\n<p><!-- BREAK 1 --><\/p>\n<div class=\"article-asset article-asset-normal article-asset-center\">\n<div class=\"desvio-container\">\n<div class=\"desvio\">\n<div class=\"desvio-figure js-desvio-figure\"> <a href=\"https:\/\/www.trendencias.com\/moda-famosas\/paula-echavarria-inspira-nuestros-looks-oficina-combinando-traje-azul-marino-zapatillas\"> <img alt=\"Paula Echavarr\u00eda inspira nuestros looks de oficina combinando un traje azul marino con zapatillas \" src=\"http:\/\/hoycordobaweb.com\/wp-content\/uploads\/2022\/01\/paula-echevarria-nos-conquista-con-una-americana-de-cuadros-de-primark-que-es-perfecta-para-sumar-a-nuestros-looks-diarios.jpg\"> <\/a> <\/div><\/div><\/div>\n<\/div>\n<div class=\"article-asset-image article-asset-normal article-asset-center\">\n<div class=\"asset-content\">\n<div class=\"base-wrapper-image\"> <img class=\"sf-lazy centro_sinmarco\" data-sf-srcset=\"http:\/\/hoycordobaweb.com\/wp-content\/uploads\/2022\/01\/paula-echevarria-nos-conquista-con-una-americana-de-cuadros-de-primark-que-es-perfecta-para-sumar-a-nuestros-looks-diarios-1.jpg 450w, http:\/\/hoycordobaweb.com\/wp-content\/uploads\/2022\/01\/paula-echevarria-nos-conquista-con-una-americana-de-cuadros-de-primark-que-es-perfecta-para-sumar-a-nuestros-looks-diarios-6.jpg 681w,http:\/\/hoycordobaweb.com\/wp-content\/uploads\/2022\/01\/paula-echevarria-nos-conquista-con-una-americana-de-cuadros-de-primark-que-es-perfecta-para-sumar-a-nuestros-looks-diarios-7.jpg 1024w, http:\/\/hoycordobaweb.com\/wp-content\/uploads\/2022\/01\/paula-echevarria-nos-conquista-con-una-americana-de-cuadros-de-primark-que-es-perfecta-para-sumar-a-nuestros-looks-diarios-8.jpg 1366w,\" data-sf-src=\"http:\/\/hoycordobaweb.com\/wp-content\/uploads\/2022\/01\/paula-echevarria-nos-conquista-con-una-americana-de-cuadros-de-primark-que-es-perfecta-para-sumar-a-nuestros-looks-diarios-1.jpg\" alt=\"Paula Echevarria Primark\"> <noscript><img alt=\"Paula Echevarria Primark\" class=\"centro_sinmarco\" src=\"http:\/\/hoycordobaweb.com\/wp-content\/uploads\/2022\/01\/paula-echevarria-nos-conquista-con-una-americana-de-cuadros-de-primark-que-es-perfecta-para-sumar-a-nuestros-looks-diarios-1.jpg\"><\/noscript> <\/div><\/div>\n<\/div>\n<p>As\u00ed no iba a ser menos el \u00faltimo look que ha subido a su cuenta de Instagram <strong>en blanco y negro <\/strong>que tiene mucho potencial y toda la capacidad de convertirse en todo un b\u00e1sico de nuestro armario y de <a href=\"https:\/\/www.trendencias.com\/moda-famosas\/ultimo-look-paula-echevarria-llega-intencion-inspirar-nuestros-dias-invierno-estilo-sencillez\">nuestro d\u00eda a d\u00eda.<\/a>&nbsp;<\/p>\n<p><!-- BREAK 2 --> <\/p>\n<div class=\"article-asset-image article-asset-normal article-asset-center\">\n<div class=\"asset-content\">\n<div class=\"base-wrapper-image\"> <img class=\"sf-lazy centro_sinmarco\" data-sf-srcset=\"http:\/\/hoycordobaweb.com\/wp-content\/uploads\/2022\/01\/paula-echevarria-nos-conquista-con-una-americana-de-cuadros-de-primark-que-es-perfecta-para-sumar-a-nuestros-looks-diarios-2.jpg 450w, http:\/\/hoycordobaweb.com\/wp-content\/uploads\/2022\/01\/paula-echevarria-nos-conquista-con-una-americana-de-cuadros-de-primark-que-es-perfecta-para-sumar-a-nuestros-looks-diarios-9.jpg 681w,http:\/\/hoycordobaweb.com\/wp-content\/uploads\/2022\/01\/paula-echevarria-nos-conquista-con-una-americana-de-cuadros-de-primark-que-es-perfecta-para-sumar-a-nuestros-looks-diarios-10.jpg 1024w, http:\/\/hoycordobaweb.com\/wp-content\/uploads\/2022\/01\/paula-echevarria-nos-conquista-con-una-americana-de-cuadros-de-primark-que-es-perfecta-para-sumar-a-nuestros-looks-diarios-11.jpg 1366w,\" data-sf-src=\"http:\/\/hoycordobaweb.com\/wp-content\/uploads\/2022\/01\/paula-echevarria-nos-conquista-con-una-americana-de-cuadros-de-primark-que-es-perfecta-para-sumar-a-nuestros-looks-diarios-2.jpg\" alt=\"Paula Echevarria Primark\"> <noscript><img alt=\"Paula Echevarria Primark\" class=\"centro_sinmarco\" src=\"http:\/\/hoycordobaweb.com\/wp-content\/uploads\/2022\/01\/paula-echevarria-nos-conquista-con-una-americana-de-cuadros-de-primark-que-es-perfecta-para-sumar-a-nuestros-looks-diarios-2.jpg\"><\/noscript> <\/div><\/div>\n<\/div>\n<p>Y es que <a href=\"https:\/\/www.trendencias.com\/moda-famosas\/paula-echevarria-tiene-jersey-punto-adorable-temporada-polo-ralph-lauren-esta-rebajas-corte-ingles\">Paula Echevarr\u00eda<\/a> ha combinado donde una estupenda <em>blazer<\/em> de cuadros blancos y negros de <strong>Primark <\/strong>que cuesta 30 euros, con un top a juego y una camisa blanca tambi\u00e9n de la misma marca, unos<em> leggings<\/em> vinilo de <strong>Bershka<\/strong> y botas militares de <strong>Stradivarius<\/strong>. El toque m\u00e1s de lujo lo pone la <strong>gorra de Lagerfeld y el bolso de Longchamp<\/strong>, pero aun as\u00ed, el resto, forma parte de un look <em>low cost<\/em> que nos ha encantado.<\/p>\n<p><!-- BREAK 3 --><\/p>\n<div class=\"article-asset-image article-asset-normal article-asset-center\">\n<div class=\"asset-content\">\n<div class=\"base-wrapper-image\"> <img class=\"sf-lazy centro_sinmarco\" data-sf-srcset=\"http:\/\/hoycordobaweb.com\/wp-content\/uploads\/2022\/01\/paula-echevarria-nos-conquista-con-una-americana-de-cuadros-de-primark-que-es-perfecta-para-sumar-a-nuestros-looks-diarios-3.jpg 450w, http:\/\/hoycordobaweb.com\/wp-content\/uploads\/2022\/01\/paula-echevarria-nos-conquista-con-una-americana-de-cuadros-de-primark-que-es-perfecta-para-sumar-a-nuestros-looks-diarios-12.jpg 681w,http:\/\/hoycordobaweb.com\/wp-content\/uploads\/2022\/01\/paula-echevarria-nos-conquista-con-una-americana-de-cuadros-de-primark-que-es-perfecta-para-sumar-a-nuestros-looks-diarios-13.jpg 1024w, http:\/\/hoycordobaweb.com\/wp-content\/uploads\/2022\/01\/paula-echevarria-nos-conquista-con-una-americana-de-cuadros-de-primark-que-es-perfecta-para-sumar-a-nuestros-looks-diarios-14.jpg 1366w,\" data-sf-src=\"http:\/\/hoycordobaweb.com\/wp-content\/uploads\/2022\/01\/paula-echevarria-nos-conquista-con-una-americana-de-cuadros-de-primark-que-es-perfecta-para-sumar-a-nuestros-looks-diarios-3.jpg\" alt=\"Blazer Cuadros\"> <noscript><img alt=\"Blazer Cuadros\" class=\"centro_sinmarco\" src=\"http:\/\/hoycordobaweb.com\/wp-content\/uploads\/2022\/01\/paula-echevarria-nos-conquista-con-una-americana-de-cuadros-de-primark-que-es-perfecta-para-sumar-a-nuestros-looks-diarios-3.jpg\"><\/noscript> <\/div><\/div>\n<\/div>\n<p>Como alternativas, sobre todo por la falta de tienda online de Primark, hemos encontramos un modelo muy similar en El Corte Ingl\u00e9s en la marca <strong>F\u00f3rmula Joven <\/strong>con un precio de <a href=\"https:\/\/www.trendencias.com\/redirect?url=https%3A%2F%2Fwww.elcorteingles.es%2Fmoda-mujer%2FA40713763-blazer-de-mujer-con-cuadros-y-doble-boton%2F%3Fcolor%3DMulticolor&amp;category=moda-famosas\">69,99 euros.<\/a><\/p>\n<p><!-- BREAK 4 --><!-- PIVOT START --><\/p>\n<div class=\"pivot-ecommerce-container\">\n<div class=\"pivot-ecommerce\" readability=\"3.8666666666667\">\n<div class=\"pivot-ecommerce-figure\"> <img alt=\"F\u00f3rmula Joven\nBlazer de mujer con cuadros y doble bot\u00f3n\" src=\"http:\/\/hoycordobaweb.com\/wp-content\/uploads\/2022\/01\/paula-echevarria-nos-conquista-con-una-americana-de-cuadros-de-primark-que-es-perfecta-para-sumar-a-nuestros-looks-diarios-4.jpg\"> <\/div>\n<div class=\"pivot-ecommerce-summary\" readability=\"4.5111111111111\">\n<p class=\"pivot-ecommerce-desc\">F\u00f3rmula Joven<br \/>\nBlazer de mujer con cuadros y doble bot\u00f3n<\/p>\n<\/p><\/div><\/div>\n<\/div>\n<p><!-- PIVOT END --><\/p>\n<p><em>Nota: algunos de los enlaces aqu\u00ed publicados son de afiliados. A pesar de ello, ninguno de los art\u00edculos mencionados han sido propuestos ni por las marcas ni por las tiendas, siendo su introducci\u00f3n una decisi\u00f3n \u00fanica del equipo de editores.<\/em><\/p>\n<p><!-- BREAK 5 --><\/p>\n<p>Fotos |<a href=\"https:\/\/www.instagram.com\/pau_eche\/\">@pau_eche<\/a><\/p>\n","protected":false},"excerpt":{"rendered":"<p>C\u00f3mo nos gusta cuando las famosas apuestan por el low cost y nos dan ideas de c\u00f3mo combinar prendas y conseguir looks resultones. Para ello, al C\u00e9sar lo que es del C\u00e9sar, ya que Paula Echevarr\u00eda es especialista en aportarnos siempre cierta inspiraci\u00f3n y posibilidades con sus outfits diarios. As\u00ed no iba a ser menos [&hellip;]<\/p>\n","protected":false},"author":1,"featured_media":36006,"comment_status":"closed","ping_status":"closed","sticky":false,"template":"","format":"standard","meta":[],"categories":[1],"tags":[],"_links":{"self":[{"href":"http:\/\/hoycordobaweb.com\/index.php\/wp-json\/wp\/v2\/posts\/36005"}],"collection":[{"href":"http:\/\/hoycordobaweb.com\/index.php\/wp-json\/wp\/v2\/posts"}],"about":[{"href":"http:\/\/hoycordobaweb.com\/index.php\/wp-json\/wp\/v2\/types\/post"}],"author":[{"embeddable":true,"href":"http:\/\/hoycordobaweb.com\/index.php\/wp-json\/wp\/v2\/users\/1"}],"replies":[{"embeddable":true,"href":"http:\/\/hoycordobaweb.com\/index.php\/wp-json\/wp\/v2\/comments?post=36005"}],"version-history":[{"count":0,"href":"http:\/\/hoycordobaweb.com\/index.php\/wp-json\/wp\/v2\/posts\/36005\/revisions"}],"wp:featuredmedia":[{"embeddable":true,"href":"http:\/\/hoycordobaweb.com\/index.php\/wp-json\/wp\/v2\/media\/36006"}],"wp:attachment":[{"href":"http:\/\/hoycordobaweb.com\/index.php\/wp-json\/wp\/v2\/media?parent=36005"}],"wp:term":[{"taxonomy":"category","embeddable":true,"href":"http:\/\/hoycordobaweb.com\/index.php\/wp-json\/wp\/v2\/categories?post=36005"},{"taxonomy":"post_tag","embeddable":true,"href":"http:\/\/hoycordobaweb.com\/index.php\/wp-json\/wp\/v2\/tags?post=36005"}],"curies":[{"name":"wp","href":"https:\/\/api.w.org\/{rel}","templated":true}]}}