{"id":35991,"date":"2022-01-21T21:56:42","date_gmt":"2022-01-21T21:56:42","guid":{"rendered":"https:\/\/www.ole.com.ar\/central-cordoba-santiago-del-estero\/central-cordoba-refuerzos_0_VCvMcNXu4P.html"},"modified":"2022-01-21T21:56:42","modified_gmt":"2022-01-21T21:56:42","slug":"central-cordoba-tres-nuevos-y-dos-al-caer","status":"publish","type":"post","link":"http:\/\/hoycordobaweb.com\/index.php\/2022\/01\/21\/central-cordoba-tres-nuevos-y-dos-al-caer\/","title":{"rendered":"Central C\u00f3rdoba: tres nuevos y dos al caer"},"content":{"rendered":"<p><img src=\"http:\/\/hoycordobaweb.com\/wp-content\/uploads\/2022\/01\/central-cordoba-tres-nuevos-y-dos-al-caer.jpg\"><\/p>\n<p>En <a alt=\"central-cordoba\" class=\"slug\" href=\"https:\/\/www.ole.com.ar\/tema\/central-cordoba.html\" target=\"_blank\" title=\"central-cordoba\" rel=\"noopener noreferrer\">Central C\u00f3rdoba<\/a> saben que este a\u00f1o no ser\u00e1 nada f\u00e1cil. Tienen una temporada por delante que ser\u00e1 exigente en cuanto a los promedios, porque ahora s\u00ed habr\u00e1 descensos. Por eso, sumado a las 15 bajas que sufrieron, la CD y el CT quieren reforzarse bien para dar un batacazo y mantenerse en la elite del f\u00fatbol local.<\/p>\n<div class=\"sp__SM\">\n<div class=\"content-new \">\n<span class=\"tit-mobile\">Mir\u00e1 tambi\u00e9n<\/span><\/p>\n<div class=\"mg\">\n<div class=\"wrap-figure\">\n<picture>\n<a href=\"https:\/\/www.ole.com.ar\/racing\/racing-rojas-mena-seleccion_0_HOCjB5PBOM.html\" target=\"_self\" rel=\"noopener noreferrer\"><br \/>\n<img class=\"img-responsive\" alt=\"Gago pierde a Rojas y Mena\" src=\"http:\/\/hoycordobaweb.com\/wp-content\/uploads\/2022\/01\/central-cordoba-tres-nuevos-y-dos-al-caer-2.jpg\" loading=\"lazy\"><br \/>\n<\/a>\n<\/picture>\n<\/div>\n<\/div><\/div>\n<\/div>\n<div class=\"sp__SM\">\n<div class=\"content-new \">\n<span class=\"tit-mobile\">Mir\u00e1 tambi\u00e9n<\/span><\/p>\n<div class=\"mg\">\n<div class=\"wrap-figure\">\n<picture>\n<a href=\"https:\/\/www.ole.com.ar\/boca-juniors\/benedetto-pulpo-gonzalez-trompadas-boca_0_NTTQWxGNt4.html\" target=\"_self\" rel=\"noopener noreferrer\"><br \/>\n<img class=\"img-responsive\" alt=\"Benedetto y su reencuentro con el Pulpo: &quot;Esperaban trompadas&quot;\" src=\"http:\/\/hoycordobaweb.com\/wp-content\/uploads\/2022\/01\/central-cordoba-tres-nuevos-y-dos-al-caer-3.jpg\" loading=\"lazy\"><br \/>\n<\/a>\n<\/picture>\n<\/div>\n<\/div><\/div>\n<\/div>\n<p>Y la realidad es que el mercado de pases viene siendo bastante exitoso para los de Santiago del Estero. Ya cuenten con ocho altas: Mat\u00edas Ruiz D\u00edaz, <a alt=\"francisco-grahl\" class=\"slug\" href=\"https:\/\/www.ole.com.ar\/tema\/francisco-grahl.html\" target=\"_blank\" title=\"francisco-grahl\" rel=\"noopener noreferrer\">Francisco Grahl<\/a>, <a alt=\"deian-veron\" class=\"slug\" href=\"https:\/\/www.ole.com.ar\/tema\/deian-veron.html\" target=\"_blank\" title=\"deian-veron\" rel=\"noopener noreferrer\">Deian Ver\u00f3n<\/a>, <a alt=\"juan-cruz-kaprof\" class=\"slug\" href=\"https:\/\/www.ole.com.ar\/tema\/juan-cruz-kaprof.html\" target=\"_blank\" title=\"juan-cruz-kaprof\" rel=\"noopener noreferrer\">Juan Cruz Kaprof<\/a>, Cristopher Toselli, Gonzalo R\u00edos, Mat\u00edas Di Benedetto, Fabio Pereyra. Pero <a alt=\"sergio-rondina\" class=\"slug\" href=\"https:\/\/www.ole.com.ar\/tema\/sergio-rondina.html\" target=\"_blank\" title=\"sergio-rondina\" rel=\"noopener noreferrer\">Sergio Rondina<\/a> quiere y necesita m\u00e1s.<\/p>\n<div class=\"sp__Normal\">\n<div class=\"image-embeb image-trigger\" readability=\"6\">\n<picture><source media=\"(min-width: 720px)\" srcset=\"http:\/\/hoycordobaweb.com\/wp-content\/uploads\/2022\/01\/central-cordoba-tres-nuevos-y-dos-al-caer-4.jpg\"><img itemprop=\"image\" src=\"http:\/\/hoycordobaweb.com\/wp-content\/uploads\/2022\/01\/central-cordoba-tres-nuevos-y-dos-al-caer-4.jpg\" loading=\"lazy\" alt=\"Gonz\u00e1lez Metilli viene de lograr el ascenso a Primera con Tigre. Foto: Prensa Central C\u00f3rdoba\">\n<\/picture><figcaption readability=\"2\">\n<p>Gonz\u00e1lez Metilli viene de lograr el ascenso a Primera con Tigre. Foto: Prensa Central C\u00f3rdoba\n<\/p>\n<\/figcaption><\/div>\n<\/div>\n<p>Y por eso se sumaron tres nuevos refuerzos. \u00bfQui\u00e9nes? <a alt=\"francisco-gonzalez-metilli\" class=\"slug\" href=\"https:\/\/www.ole.com.ar\/tema\/francisco-gonzalez-metilli.html\" target=\"_blank\" title=\"francisco-gonzalez-metilli\" rel=\"noopener noreferrer\">Francisco Gonz\u00e1lez Metilli<\/a>, <a alt=\"jose-leguizamon\" class=\"slug\" href=\"https:\/\/www.ole.com.ar\/tema\/jose-leguizamon.html\" target=\"_blank\" title=\"jose-leguizamon\" rel=\"noopener noreferrer\">Jos\u00e9 Leguizam\u00f3n<\/a> y <a alt=\"abel-bustos\" class=\"slug\" href=\"https:\/\/www.ole.com.ar\/tema\/abel-bustos.html\" target=\"_blank\" title=\"abel-bustos\" rel=\"noopener noreferrer\">Abel Bustos<\/a>. Metilli tiene 24 a\u00f1os y se desempe\u00f1a como volante ofensivo. <strong>Lleg\u00f3 a pr\u00e9stamo por un a\u00f1o desde<\/strong> <a alt=\"argentinos-juniors\" class=\"slug\" href=\"https:\/\/www.ole.com.ar\/tema\/argentinos-juniors.html\" target=\"_blank\" title=\"argentinos-juniors\" rel=\"noopener noreferrer\">Argentinos<\/a>, con opci\u00f3n de compra del 50%. Su \u00faltima temporada la disput\u00f3 con <a alt=\"tigre\" class=\"slug\" href=\"https:\/\/www.ole.com.ar\/tema\/tigre.html\" target=\"_blank\" title=\"tigre\" rel=\"noopener noreferrer\">Tigre<\/a>, equipo con el que logr\u00f3 el ascenso de la Primera Nacional a la m\u00e1xima categor\u00eda del f\u00fatbol argentino.<\/p>\n<div class=\"sp__Normal\">\n<div class=\"image-embeb image-trigger\" readability=\"7\">\n<picture><source media=\"(min-width: 720px)\" srcset=\"http:\/\/hoycordobaweb.com\/wp-content\/uploads\/2022\/01\/central-cordoba-tres-nuevos-y-dos-al-caer-5.jpg\"><img itemprop=\"image\" src=\"http:\/\/hoycordobaweb.com\/wp-content\/uploads\/2022\/01\/central-cordoba-tres-nuevos-y-dos-al-caer-5.jpg\" loading=\"lazy\" alt=\"Leguizam\u00f3n tendr\u00e1 su segunda experiencia en Argentina, la primera fue en Rosario Central. Foto: Prensa Central C\u00f3rdoba\">\n<\/picture><figcaption readability=\"4\">\n<p>Leguizam\u00f3n tendr\u00e1 su segunda experiencia en Argentina, la primera fue en Rosario Central. Foto: Prensa Central C\u00f3rdoba\n<\/p>\n<\/figcaption><\/div>\n<\/div>\n<p>Leguizam\u00f3n es un zaguero paraguayo de 30 a\u00f1os, y <strong>rescindi\u00f3 contrato con el <\/strong><a alt=\"olimpia-de-paraguay\" class=\"slug\" href=\"https:\/\/www.ole.com.ar\/tema\/olimpia-de-paraguay.html\" target=\"_blank\" title=\"olimpia-de-paraguay\" rel=\"noopener noreferrer\">Olimpia <\/a><strong>para poder recaer al Ferro por un contrato de un a\u00f1o<\/strong>. Su \u00fanica experiencia en un club argentino fue <a alt=\"rosario-central\" class=\"slug\" href=\"https:\/\/www.ole.com.ar\/tema\/rosario-central.html\" target=\"_blank\" title=\"rosario-central\" rel=\"noopener noreferrer\">Rosario Central<\/a>. Por su parte, Bustos, es un volante defensivo que conoce la zona: es nacido en Pozo Hondo. El joven de 22 a\u00f1os <strong>qued\u00f3 libre de<\/strong> <a alt=\"atletico-tucuman\" class=\"slug\" href=\"https:\/\/www.ole.com.ar\/tema\/atletico-tucuman.html\" target=\"_blank\" title=\"atletico-tucuman\" rel=\"noopener noreferrer\">Atl\u00e9tico Tucum\u00e1n<\/a>, equipo con el que debut\u00f3 y se form\u00f3. <strong>Firm\u00f3 por una temporada.<\/strong><\/p>\n<div class=\"sp__Normal\">\n<div class=\"image-embeb image-trigger\" readability=\"6\">\n<picture><source media=\"(min-width: 720px)\" srcset=\"http:\/\/hoycordobaweb.com\/wp-content\/uploads\/2022\/01\/central-cordoba-tres-nuevos-y-dos-al-caer-6.jpg\"><img itemprop=\"image\" src=\"http:\/\/hoycordobaweb.com\/wp-content\/uploads\/2022\/01\/central-cordoba-tres-nuevos-y-dos-al-caer-6.jpg\" loading=\"lazy\" alt=\"Abel Bustos ya se entrena con el resto del plantel. Foto: Prensa Central C\u00f3rdoba\">\n<\/picture><figcaption readability=\"2\">\n<p>Abel Bustos ya se entrena con el resto del plantel. Foto: Prensa Central C\u00f3rdoba\n<\/p>\n<\/figcaption><\/div>\n<\/div>\n<h2><strong>Dos nombres m\u00e1s que podr\u00edan llegar al Ferro<\/strong><\/h2>\n<div class=\"sp__SM\">\n<div class=\"content-new \">\n<span class=\"tit-mobile\">Mir\u00e1 tambi\u00e9n<\/span><\/p>\n<div class=\"mg\">\n<div class=\"wrap-figure\">\n<picture>\n<a href=\"https:\/\/www.ole.com.ar\/river-plate\/cruz-river-independiente-vuelta_0_fQgt0c3ytj.html\" target=\"_self\" rel=\"noopener noreferrer\"><br \/>\n<img class=\"img-responsive\" alt=\"De la Cruz volvi\u00f3 a jugar despu\u00e9s de tres meses\" src=\"http:\/\/hoycordobaweb.com\/wp-content\/uploads\/2022\/01\/central-cordoba-tres-nuevos-y-dos-al-caer-7.jpg\" loading=\"lazy\"><br \/>\n<\/a>\n<\/picture>\n<\/div>\n<\/div><\/div>\n<\/div>\n<p>Adem\u00e1s de las tres incorporaciones que ya pusieron el gancho, en <a alt=\"central-cordoba\" class=\"slug\" href=\"https:\/\/www.ole.com.ar\/tema\/central-cordoba.html\" target=\"_blank\" title=\"central-cordoba\" rel=\"noopener noreferrer\">Central C\u00f3rdoba<\/a> siguen avanzando por m\u00e1s nombres.<strong> Un arquero, Nelson Insfr\u00e1n<\/strong>; su pase pertenece a Gimnasia y se est\u00e1 buscando un pr\u00e9stamo por un a\u00f1o con opci\u00f3n de compra. <strong>El otro nombre se trata de un lateral derecho paraguayo, Iv\u00e1n Ram\u00edrez<\/strong>. Buscan un pr\u00e9stamo desde Libertad (Paraguay), por un a\u00f1o.<\/p>\n<div class=\"entry-tags\">\n<h2>TEMAS QUE APARECEN EN ESTA NOTA<\/h2>\n<\/p><\/div>\n","protected":false},"excerpt":{"rendered":"<p>En Central C\u00f3rdoba saben que este a\u00f1o no ser\u00e1 nada f\u00e1cil. Tienen una temporada por delante que ser\u00e1 exigente en cuanto a los promedios, porque ahora s\u00ed habr\u00e1 descensos. Por eso, sumado a las 15 bajas que sufrieron, la CD y el CT quieren reforzarse bien para dar un batacazo y mantenerse en la elite [&hellip;]<\/p>\n","protected":false},"author":1,"featured_media":35992,"comment_status":"open","ping_status":"closed","sticky":false,"template":"","format":"standard","meta":[],"categories":[16],"tags":[],"_links":{"self":[{"href":"http:\/\/hoycordobaweb.com\/index.php\/wp-json\/wp\/v2\/posts\/35991"}],"collection":[{"href":"http:\/\/hoycordobaweb.com\/index.php\/wp-json\/wp\/v2\/posts"}],"about":[{"href":"http:\/\/hoycordobaweb.com\/index.php\/wp-json\/wp\/v2\/types\/post"}],"author":[{"embeddable":true,"href":"http:\/\/hoycordobaweb.com\/index.php\/wp-json\/wp\/v2\/users\/1"}],"replies":[{"embeddable":true,"href":"http:\/\/hoycordobaweb.com\/index.php\/wp-json\/wp\/v2\/comments?post=35991"}],"version-history":[{"count":0,"href":"http:\/\/hoycordobaweb.com\/index.php\/wp-json\/wp\/v2\/posts\/35991\/revisions"}],"wp:featuredmedia":[{"embeddable":true,"href":"http:\/\/hoycordobaweb.com\/index.php\/wp-json\/wp\/v2\/media\/35992"}],"wp:attachment":[{"href":"http:\/\/hoycordobaweb.com\/index.php\/wp-json\/wp\/v2\/media?parent=35991"}],"wp:term":[{"taxonomy":"category","embeddable":true,"href":"http:\/\/hoycordobaweb.com\/index.php\/wp-json\/wp\/v2\/categories?post=35991"},{"taxonomy":"post_tag","embeddable":true,"href":"http:\/\/hoycordobaweb.com\/index.php\/wp-json\/wp\/v2\/tags?post=35991"}],"curies":[{"name":"wp","href":"https:\/\/api.w.org\/{rel}","templated":true}]}}