{"id":35989,"date":"2022-01-21T22:03:29","date_gmt":"2022-01-21T22:03:29","guid":{"rendered":"https:\/\/www.ole.com.ar\/boca-juniors\/clemente-rodriguez-benedetto-boca_0_9Gyg4NUnbU.html"},"modified":"2022-01-21T22:03:29","modified_gmt":"2022-01-21T22:03:29","slug":"clemente-rodriguez-estoy-contento-por-el-regreso-de-benedetto","status":"publish","type":"post","link":"http:\/\/hoycordobaweb.com\/index.php\/2022\/01\/21\/clemente-rodriguez-estoy-contento-por-el-regreso-de-benedetto\/","title":{"rendered":"Clemente Rodr\u00edguez: \u00abEstoy contento por el regreso de Benedetto\u00bb"},"content":{"rendered":"<p><strong><a alt=\"dario-benedetto\" class=\"slug\" href=\"https:\/\/www.ole.com.ar\/tema\/dario-benedetto.html\" target=\"_blank\" title=\"dario-benedetto\" rel=\"noopener noreferrer\">Dar\u00edo Benedetto<\/a> <a href=\"https:\/\/www.ole.com.ar\/boca-juniors\/boca-benedetto-firma-contrato_0_do8zAM8t1t.html\" target=\"_blank\" rel=\"noopener noreferrer\">firm\u00f3 contrato con Boca hasta diciembre de 2024<\/a> y ya fue presentado como nuevo jugador del club<\/strong>. <strong><a alt=\"clemente-rodriguez\" class=\"slug\" href=\"https:\/\/www.ole.com.ar\/tema\/clemente-rodriguez.html\" target=\"_blank\" title=\"clemente-rodriguez\" rel=\"noopener noreferrer\">Clemente Rodr\u00edguez<\/a><\/strong>, reconocido hincha y ex jugador xeneize <strong>se mostr\u00f3 contento por el regreso del Pipa.<\/strong> Adem\u00e1s, analiz\u00f3 el presente del club y destac\u00f3 a los juveniles Agust\u00edn S\u00e1ndez y Valent\u00edn Barco.<\/p>\n<p>\n<span class=\"title-box\">Segu\u00ed leyendo<\/span> <\/p>\n<p>\u00ab<strong>Como hincha de Boca estoy contento de que haya vuelto<\/strong>\u00ab, asegur\u00f3 el ex lateral de 40 a\u00f1os en dialogo con TyC Sports. Y a\u00f1adi\u00f3: \u00ab<strong>Es el nueve que Boca necesita para que est\u00e9 en el \u00e1rea, para que meta goles<\/strong>, eso es lo que estamos buscando\u00bb.<\/p>\n<div class=\"sp__Normal\">\n<div class=\"image-embeb image-trigger\" readability=\"6\">\n<picture><source media=\"(min-width: 720px)\" srcset=\"http:\/\/hoycordobaweb.com\/wp-content\/uploads\/2022\/01\/clemente-rodriguez-estoy-contento-por-el-regreso-de-benedetto.jpg\"><img itemprop=\"image\" src=\"http:\/\/hoycordobaweb.com\/wp-content\/uploads\/2022\/01\/clemente-rodriguez-estoy-contento-por-el-regreso-de-benedetto.jpg\" loading=\"lazy\" alt=\"Benedetto ya fue presentado en Boca.\nFotobaires\">\n<\/picture><figcaption readability=\"2\">\n<p>Benedetto ya fue presentado en Boca.<br \/>\nFotobaires\n<\/p>\n<\/figcaption><\/div>\n<\/div>\n<div class=\"sp__SM\">\n<div class=\"content-new \">\n<span class=\"tit-mobile\">Mir\u00e1 tambi\u00e9n<\/span><\/p>\n<div class=\"mg\">\n<div class=\"wrap-figure\">\n<picture>\n<a href=\"https:\/\/www.ole.com.ar\/tigre\/tigre-refuerzos-obando-salomon-boca_0_0L0gyr6zC4.html\" target=\"_self\" rel=\"noopener noreferrer\"><br \/>\n<img class=\"img-responsive\" alt=\"Tigre present\u00f3 a dos jugadores que llegan de Boca\" src=\"http:\/\/hoycordobaweb.com\/wp-content\/uploads\/2022\/01\/clemente-rodriguez-estoy-contento-por-el-regreso-de-benedetto-1.jpg\" loading=\"lazy\"><br \/>\n<\/a>\n<\/picture>\n<\/div>\n<\/div><\/div>\n<\/div>\n<h2><strong>EL PRESENTE DE BOCA<\/strong><\/h2>\n<p>Adem\u00e1s, analiz\u00f3 el presente del club: \u00abBoca est\u00e1 bien. Termin\u00f3 bien el a\u00f1o y sabe que<strong> este a\u00f1o tiene cosas muy importantes como la Copa Libertadores<\/strong>. La verdad que lo veo muy bien\u00bb. Y agreg\u00f3: \u00abFalta poco para comenzar el torneo y <strong>con estos partidos amistosos que se est\u00e1n jugando creo que los jugadores se van a ir sintiendo cada vez con m\u00e1s juego<\/strong>, que es lo que necesitan\u00bb<\/p>\n<div class=\"sp__SM\">\n<div class=\"content-new \">\n<span class=\"tit-mobile\">Mir\u00e1 tambi\u00e9n<\/span><\/p>\n<div class=\"mg\">\n<div class=\"wrap-figure\">\n<picture>\n<a href=\"https:\/\/www.ole.com.ar\/river-plate\/quintero-llegada-benedetto-boca-madrid_0_mmw3K5Arvx.html\" target=\"_self\" rel=\"noopener noreferrer\"><br \/>\n<img class=\"img-responsive\" alt=\"\u00bfQu\u00e9 dijo Quintero de la llegada de Benedetto y Madrid?\" src=\"http:\/\/hoycordobaweb.com\/wp-content\/uploads\/2022\/01\/clemente-rodriguez-estoy-contento-por-el-regreso-de-benedetto-2.jpg\" loading=\"lazy\"><br \/>\n<\/a>\n<\/picture>\n<\/div>\n<\/div><\/div>\n<\/div>\n<p>Sobre los juveniles,<a alt=\"agustin-sandez\" class=\"slug\" href=\"https:\/\/www.ole.com.ar\/tema\/agustin-sandez.html\" target=\"_blank\" title=\"agustin-sandez\" rel=\"noopener noreferrer\"> Agust\u00edn S\u00e1ndez<\/a> y <a alt=\"valentin-barco\" class=\"slug\" href=\"https:\/\/www.ole.com.ar\/tema\/valentin-barco.html\" target=\"_blank\" title=\"valentin-barco\" rel=\"noopener noreferrer\">Valent\u00edn Barco<\/a>, el tambi\u00e9n ex jugador de la <a alt=\"seleccion-argentina\" class=\"slug\" href=\"https:\/\/www.ole.com.ar\/tema\/seleccion-argentina.html\" target=\"_blank\" title=\"seleccion-argentina\" rel=\"noopener noreferrer\">Selecci\u00f3n Argentina<\/a>, asegur\u00f3: \u00ab<strong>Son chicos que est\u00e1n empezando y creo que tienen buen futuro.<\/strong> Tienen que ir de a poco, sumar partidos en Reserva y la oportunidad ya la van a tener el d\u00eda de ma\u00f1ana\u00bb.<\/p>\n<div class=\"sp__Normal\">\n<div class=\"image-embeb image-trigger\" readability=\"6.5\">\n<picture><source media=\"(min-width: 720px)\" srcset=\"http:\/\/hoycordobaweb.com\/wp-content\/uploads\/2022\/01\/clemente-rodriguez-estoy-contento-por-el-regreso-de-benedetto-3.jpg\"><img itemprop=\"image\" src=\"http:\/\/hoycordobaweb.com\/wp-content\/uploads\/2022\/01\/clemente-rodriguez-estoy-contento-por-el-regreso-de-benedetto-3.jpg\" loading=\"lazy\" alt=\"Valent\u00edn Barco y Agust\u00edn Sandez, las dos joyas del lateral izquierdo xeneize.\">\n<\/picture><figcaption readability=\"3\">\n<p>Valent\u00edn Barco y Agust\u00edn Sandez, las dos joyas del lateral izquierdo xeneize.\n<\/p>\n<\/figcaption><\/div>\n<\/div>\n<div class=\"sp__SM\">\n<div class=\"content-new \">\n<span class=\"tit-mobile\">Mir\u00e1 tambi\u00e9n<\/span><\/p>\n<div class=\"mg\">\n<div class=\"wrap-figure\">\n<picture>\n<a href=\"https:\/\/www.ole.com.ar\/futbol-primera\/boca-river-dario-benedetto-juan-fernando-quintero-regreso-transferencias-refuerzos-mercado-pases_0_3NOl4zPXX6.html\" target=\"_self\" rel=\"noopener noreferrer\"><br \/>\n<img class=\"img-responsive\" alt=\"S\u00faper vueltas: Quintero y Benedetto, la ilusi\u00f3n de los hinchas\" src=\"http:\/\/hoycordobaweb.com\/wp-content\/uploads\/2022\/01\/clemente-rodriguez-estoy-contento-por-el-regreso-de-benedetto-4.jpg\" loading=\"lazy\"><br \/>\n<\/a>\n<\/picture>\n<\/div>\n<\/div><\/div>\n<\/div>\n<p>\u00ab<strong>Ahora tienen que seguir sumando minutos, juego y conociendo lo que es Boca. <\/strong>Primera no es un lugar f\u00e1cil pero ellos est\u00e1n capacitados, son un buen proyecto para el d\u00eda de ma\u00f1ana\u00bb, concluy\u00f3.<\/p>\n<div class=\"sp__SM\">\n<div class=\"content-new \">\n<span class=\"tit-mobile\">Mir\u00e1 tambi\u00e9n<\/span><\/p>\n<div class=\"mg\">\n<div class=\"wrap-figure\">\n<picture>\n<a href=\"https:\/\/www.ole.com.ar\/boca-juniors\/benedetto-boca-ezeiza_0_Qeur1sLwhs.html\" target=\"_self\" rel=\"noopener noreferrer\"><br \/>\n<img class=\"img-responsive\" alt=\"Todas las declaraciones del Pipa al llegar\" src=\"http:\/\/hoycordobaweb.com\/wp-content\/uploads\/2022\/01\/clemente-rodriguez-estoy-contento-por-el-regreso-de-benedetto-5.jpg\" loading=\"lazy\"><br \/>\n<\/a>\n<\/picture>\n<\/div>\n<\/div><\/div>\n<\/div>\n<div class=\"entry-tags\">\n<h2>TEMAS QUE APARECEN EN ESTA NOTA<\/h2>\n<\/p><\/div>\n","protected":false},"excerpt":{"rendered":"<p>Dar\u00edo Benedetto firm\u00f3 contrato con Boca hasta diciembre de 2024 y ya fue presentado como nuevo jugador del club. Clemente Rodr\u00edguez, reconocido hincha y ex jugador xeneize se mostr\u00f3 contento por el regreso del Pipa. Adem\u00e1s, analiz\u00f3 el presente del club y destac\u00f3 a los juveniles Agust\u00edn S\u00e1ndez y Valent\u00edn Barco. Segu\u00ed leyendo \u00abComo hincha [&hellip;]<\/p>\n","protected":false},"author":1,"featured_media":35990,"comment_status":"open","ping_status":"closed","sticky":false,"template":"","format":"standard","meta":[],"categories":[16],"tags":[],"_links":{"self":[{"href":"http:\/\/hoycordobaweb.com\/index.php\/wp-json\/wp\/v2\/posts\/35989"}],"collection":[{"href":"http:\/\/hoycordobaweb.com\/index.php\/wp-json\/wp\/v2\/posts"}],"about":[{"href":"http:\/\/hoycordobaweb.com\/index.php\/wp-json\/wp\/v2\/types\/post"}],"author":[{"embeddable":true,"href":"http:\/\/hoycordobaweb.com\/index.php\/wp-json\/wp\/v2\/users\/1"}],"replies":[{"embeddable":true,"href":"http:\/\/hoycordobaweb.com\/index.php\/wp-json\/wp\/v2\/comments?post=35989"}],"version-history":[{"count":0,"href":"http:\/\/hoycordobaweb.com\/index.php\/wp-json\/wp\/v2\/posts\/35989\/revisions"}],"wp:featuredmedia":[{"embeddable":true,"href":"http:\/\/hoycordobaweb.com\/index.php\/wp-json\/wp\/v2\/media\/35990"}],"wp:attachment":[{"href":"http:\/\/hoycordobaweb.com\/index.php\/wp-json\/wp\/v2\/media?parent=35989"}],"wp:term":[{"taxonomy":"category","embeddable":true,"href":"http:\/\/hoycordobaweb.com\/index.php\/wp-json\/wp\/v2\/categories?post=35989"},{"taxonomy":"post_tag","embeddable":true,"href":"http:\/\/hoycordobaweb.com\/index.php\/wp-json\/wp\/v2\/tags?post=35989"}],"curies":[{"name":"wp","href":"https:\/\/api.w.org\/{rel}","templated":true}]}}