{"id":35985,"date":"2022-01-21T22:09:51","date_gmt":"2022-01-21T22:09:51","guid":{"rendered":"https:\/\/www.ole.com.ar\/arsenal\/arsenal-leonardo-madelon_0_RthMKUcUZg.html"},"modified":"2022-01-21T22:09:51","modified_gmt":"2022-01-21T22:09:51","slug":"madelon-el-equipo-no-paro-nunca","status":"publish","type":"post","link":"http:\/\/hoycordobaweb.com\/index.php\/2022\/01\/21\/madelon-el-equipo-no-paro-nunca\/","title":{"rendered":"Madel\u00f3n: \u00abEl equipo no par\u00f3 nunca\u00bb"},"content":{"rendered":"<p><img src=\"http:\/\/hoycordobaweb.com\/wp-content\/uploads\/2022\/01\/madelon-el-equipo-no-paro-nunca.jpg\"><\/p>\n<p><a alt=\"leonardo-madelon\" class=\"slug\" href=\"https:\/\/www.ole.com.ar\/tema\/leonardo-madelon.html\" target=\"_blank\" title=\"leonardo-madelon\" rel=\"noopener noreferrer\">Leonardo Madel\u00f3n <\/a>ya est\u00e1 asentado en su cargo en <a alt=\"arsenal-de-sarandi\" class=\"slug\" href=\"https:\/\/www.ole.com.ar\/tema\/arsenal-de-sarandi.html\" target=\"_blank\" title=\"arsenal-de-sarandi\" rel=\"noopener noreferrer\">Arsenal <\/a>y comenz\u00f3 a pensar en la <a alt=\"copa-de-la-liga-profesional-de-futbol\" class=\"slug\" href=\"https:\/\/www.ole.com.ar\/tema\/copa-de-la-liga-profesional-de-futbol.html\" target=\"_blank\" title=\"copa-de-la-liga-profesional-de-futbol\" rel=\"noopener noreferrer\">Copa de la Liga<\/a> que se viene. El ex entrenador de <a alt=\"union\" class=\"slug\" href=\"https:\/\/www.ole.com.ar\/tema\/union.html\" target=\"_blank\" title=\"union\" rel=\"noopener noreferrer\">Uni\u00f3n <\/a>habl\u00f3 en conferencia y se mostr\u00f3 conforme con la pretemporada. <strong>\u201cEl balance es positivo. Pese a que tuvimos que suspender el viaje a Mercedes, nos acomodados en el club y el equipo no par\u00f3 nunca<\/strong>\u201d, dijo.<\/p>\n<div class=\"sp__Normal htmlLibre\">\n<div class=\"embed-responsive-c\" readability=\"7.1012658227848\">\n<blockquote class=\"twitter-tweet\" readability=\"8.3544303797468\">\n<p lang=\"es\" dir=\"ltr\">Mano a mano con Leonardo Madel\u00f3n \ud83c\udde8\ud83c\udde9\ud83d\udde3\ufe0f\ud83c\udf99\ufe0f<\/p>\n<p>El DT habl\u00f3 de la actualidad del plantel, los desaf\u00edos a afrontar y m\u00e1s \u26bd\ud83d\ude4c<\/p>\n<p>Ac\u00e1 la nota \ud83d\udc47<a href=\"https:\/\/t.co\/yjiJaGuNK1\">https:\/\/t.co\/yjiJaGuNK1<\/a><\/p>\n<p>\u2014 Arsenal F\u00fatbol Club (@ArsenalOficial) <a href=\"https:\/\/twitter.com\/ArsenalOficial\/status\/1484274737840898055?ref_src=twsrc%5Etfw\">January 20, 2022<\/a><\/p><\/blockquote><\/div>\n<\/div>\n<div class=\"sp__SM\">\n<div class=\"content-new \">\n<span class=\"tit-mobile\">Mir\u00e1 tambi\u00e9n<\/span><\/p>\n<div class=\"mg\">\n<div class=\"wrap-figure\">\n<picture>\n<a href=\"https:\/\/www.ole.com.ar\/racing\/racing-rojas-mena-seleccion_0_HOCjB5PBOM.html\" target=\"_self\" rel=\"noopener noreferrer\"><br \/>\n<img class=\"img-responsive\" alt=\"Gago pierde a Rojas y Mena\" src=\"http:\/\/hoycordobaweb.com\/wp-content\/uploads\/2022\/01\/madelon-el-equipo-no-paro-nunca-2.jpg\" loading=\"lazy\"><br \/>\n<\/a>\n<\/picture>\n<\/div>\n<\/div><\/div>\n<\/div>\n<p>Varias bajas tuvo el Arse en este mercado de pases: 22 en total entre rescisiones y jugadores que quedaron libres. \u201c<strong>Se fueron muchos jugadores y est\u00e1n viniendo jugadores que quieren estar<\/strong>, nos estamos moviendo seg\u00fan lo que puede el club. Vinieron jugadores j\u00f3venes con ritmo, porque es lo que buscamos para el equipo\u201d, dijo <a alt=\"leonardo-madelon\" class=\"slug\" href=\"https:\/\/www.ole.com.ar\/tema\/leonardo-madelon.html\" target=\"_blank\" title=\"leonardo-madelon\" rel=\"noopener noreferrer\">Madel\u00f3n <\/a>sobre el mercado que est\u00e1 haciendo el Arse que ya trajo a siete jugadores.<\/p>\n<div class=\"sp__Normal\">\n<div class=\"image-embeb image-trigger\" readability=\"6.5\">\n<picture><source media=\"(min-width: 720px)\" srcset=\"http:\/\/hoycordobaweb.com\/wp-content\/uploads\/2022\/01\/madelon-el-equipo-no-paro-nunca-3.jpg\"><img itemprop=\"image\" src=\"http:\/\/hoycordobaweb.com\/wp-content\/uploads\/2022\/01\/madelon-el-equipo-no-paro-nunca-3.jpg\" loading=\"lazy\" alt=\"Shayr Mohamed, uno de los refuerzos que trajo el Arse. (Prensa Arsenal)\">\n<\/picture><figcaption readability=\"3\">\n<p>Shayr Mohamed, uno de los refuerzos que trajo el Arse. (Prensa Arsenal)\n<\/p>\n<\/figcaption><\/div>\n<\/div>\n<div class=\"sp__SM\">\n<div class=\"content-new \">\n<span class=\"tit-mobile\">Mir\u00e1 tambi\u00e9n<\/span><\/p>\n<div class=\"mg\">\n<div class=\"wrap-figure\">\n<picture>\n<a href=\"https:\/\/www.ole.com.ar\/river-plate\/julian-alvarez-manchester-prensa-the-sun_0_T5s92LjtRl.html\" target=\"_self\" rel=\"noopener noreferrer\"> <img class=\"img-responsive\" alt=\"El pase de \u00c1lvarez en Inglaterra: &quot;Ni\u00f1o prodigio&quot;\" src=\"http:\/\/hoycordobaweb.com\/wp-content\/uploads\/2022\/01\/madelon-el-equipo-no-paro-nunca-4.jpg\" loading=\"lazy\"><br \/>\n<\/a>\n<\/picture>\n<\/div>\n<\/div><\/div>\n<\/div>\n<p>Pese a que est\u00e1n llegando caras nuevas, el t\u00e9cnico de 58 a\u00f1os no se quiere olvidar de los pibes de las inferiores: \u201c<strong>Me gusta poner jugadores del club porque es una forma de capitalizar un club.<\/strong> Con Dar\u00edo Esp\u00ednola (DT de la Reserva) ya estuvimos hablando y, en la medida que vayan llegando jugadores, se lo iremos bajando. Hay muy buenos valores\u201d.<\/p>\n<p>Adem\u00e1s, se refiri\u00f3 a la<a alt=\"copa-de-la-liga-profesional-de-futbol\" class=\"slug\" href=\"https:\/\/www.ole.com.ar\/tema\/copa-de-la-liga-profesional-de-futbol.html\" target=\"_blank\" title=\"copa-de-la-liga-profesional-de-futbol\" rel=\"noopener noreferrer\"> Copa de la Liga<\/a> que se viene donde el Arse se encuentra en la Zona B. \u201cEs lindo cuando te tocan equipos dif\u00edciles. Yo miro siempre el primer partido, no las 13 fechas<strong>. Hay que ir de a uno, ahora pienso en <a alt=\"rosario-central\" class=\"slug\" href=\"https:\/\/www.ole.com.ar\/tema\/rosario-central.html\" target=\"_blank\" title=\"rosario-central\" rel=\"noopener noreferrer\">Central <\/a>que es un equipo que est\u00e1 bien armadito<\/strong>\u201d, analiz\u00f3.<\/p>\n<div class=\"sp__SM\">\n<div class=\"content-new \">\n<span class=\"tit-mobile\">Mir\u00e1 tambi\u00e9n<\/span><\/p>\n<div class=\"mg\">\n<div class=\"wrap-figure\">\n<picture>\n<a href=\"https:\/\/www.ole.com.ar\/tigre\/tigre-refuerzos-obando-salomon-boca_0_0L0gyr6zC4.html\" target=\"_self\" rel=\"noopener noreferrer\"><br \/>\n<img class=\"img-responsive\" alt=\"Tigre present\u00f3 a dos jugadores que llegan de Boca\" src=\"http:\/\/hoycordobaweb.com\/wp-content\/uploads\/2022\/01\/madelon-el-equipo-no-paro-nunca-5.jpg\" loading=\"lazy\"><br \/>\n<\/a>\n<\/picture>\n<\/div>\n<\/div><\/div>\n<\/div>\n<p>Para comenzar a ponerse a punto,<strong> el equipo de Sarand\u00ed tiene confirmado tres partidos amistosos. <\/strong>Este s\u00e1bado visitar\u00e1 a <a alt=\"defensa-y-justicia\" class=\"slug\" href=\"https:\/\/www.ole.com.ar\/tema\/defensa-y-justicia.html\" target=\"_blank\" title=\"defensa-y-justicia\" rel=\"noopener noreferrer\">Defensa<\/a> en Varela, el pr\u00f3ximo fin de semana ir\u00e1 a la cancha de <a alt=\"banfield\" class=\"slug\" href=\"https:\/\/www.ole.com.ar\/tema\/banfield.html\" target=\"_blank\" title=\"banfield\" rel=\"noopener noreferrer\">Banfield <\/a>para jugar ante el Taladro y luego tendr\u00e1 un amistoso televisado ante<a alt=\"san-lorenzo\" class=\"slug\" href=\"https:\/\/www.ole.com.ar\/tema\/san-lorenzo.html\" target=\"_blank\" title=\"san-lorenzo\" rel=\"noopener noreferrer\"> San Lorenzo.<\/a><\/p>\n<div class=\"sp__SM\">\n<div class=\"content-new \">\n<span class=\"tit-mobile\">Mir\u00e1 tambi\u00e9n<\/span><\/p>\n<div class=\"mg\">\n<div class=\"wrap-figure\">\n<picture>\n<a href=\"https:\/\/www.ole.com.ar\/futbol-ascenso\/p-nacional-temperley-coronavirus_0_nC76oWTCFF.html\" target=\"_self\" rel=\"noopener noreferrer\"><br \/>\n<img class=\"img-responsive\" alt=\"Con brote de covid y sin cuadrangular\" src=\"http:\/\/hoycordobaweb.com\/wp-content\/uploads\/2022\/01\/madelon-el-equipo-no-paro-nunca-6.jpg\" loading=\"lazy\"><br \/>\n<\/a>\n<\/picture>\n<\/div>\n<\/div><\/div>\n<\/div>\n<h2><strong>UNA CARA NUEVA<\/strong><\/h2>\n<div class=\"sp__Normal htmlLibre\">\n<div class=\"embed-responsive-c\" readability=\"6.1304347826087\">\n<blockquote class=\"twitter-tweet\" readability=\"6.5391304347826\">\n<p lang=\"es\" dir=\"ltr\">Aldo Maiz es cedido a pr\u00e9stamo sin cargo y sin opci\u00f3n de compra a Arsenal de Sarand\u00ed por una temporada.<\/p>\n<p>\u00a1\u00c9xito Aldo! <a href=\"https:\/\/t.co\/lsWqhNmGes\">pic.twitter.com\/lsWqhNmGes<\/a><\/p>\n<p>\u2014 Defensa y Justicia (Segu\u00ed cuid\u00e1ndote\ud83d\ude37) (@ClubDefensayJus) <a href=\"https:\/\/twitter.com\/ClubDefensayJus\/status\/1483423775945150464?ref_src=twsrc%5Etfw\">January 18, 2022<\/a><\/p><\/blockquote><\/div>\n<\/div>\n<p>Aldo Maiz, cuyo pase pertenece a <a alt=\"defensa-y-justicia\" class=\"slug\" href=\"https:\/\/www.ole.com.ar\/tema\/defensa-y-justicia.html\" target=\"_blank\" title=\"defensa-y-justicia\" rel=\"noopener noreferrer\">Defensa y Justicia, <\/a>llegar\u00e1 a <a alt=\"arsenal-de-sarandi\" class=\"slug\" href=\"https:\/\/www.ole.com.ar\/tema\/arsenal-de-sarandi.html\" target=\"_blank\" title=\"arsenal-de-sarandi\" rel=\"noopener noreferrer\">Arsenal <\/a>a pr\u00e9stamo. <strong>El volante paraguayo de 21 a\u00f1os llegar\u00e1 por un a\u00f1o sin cargo ni opci\u00f3n de compra.<\/strong><\/p>\n<div class=\"sp__SM\">\n<div class=\"content-new \">\n<span class=\"tit-mobile\">Mir\u00e1 tambi\u00e9n<\/span><\/p>\n<div class=\"mg\">\n<div class=\"wrap-figure\">\n<picture>\n<a href=\"https:\/\/www.ole.com.ar\/colon\/pulga-accidente-transito-colon-ayuda_0_hkwD60dF4Z.html\" target=\"_self\" rel=\"noopener noreferrer\"><br \/>\n<img class=\"img-responsive\" alt=\"El Pulga cont\u00f3 c\u00f3mo rescat\u00f3 a la mujer accidentada\" src=\"http:\/\/hoycordobaweb.com\/wp-content\/uploads\/2022\/01\/madelon-el-equipo-no-paro-nunca-7.jpg\" loading=\"lazy\"><br \/>\n<\/a>\n<\/picture>\n<\/div>\n<\/div><\/div>\n<\/div>\n<div class=\"entry-tags\">\n<h2>TEMAS QUE APARECEN EN ESTA NOTA<\/h2>\n<\/p><\/div>\n","protected":false},"excerpt":{"rendered":"<p>Leonardo Madel\u00f3n ya est\u00e1 asentado en su cargo en Arsenal y comenz\u00f3 a pensar en la Copa de la Liga que se viene. El ex entrenador de Uni\u00f3n habl\u00f3 en conferencia y se mostr\u00f3 conforme con la pretemporada. \u201cEl balance es positivo. Pese a que tuvimos que suspender el viaje a Mercedes, nos acomodados en [&hellip;]<\/p>\n","protected":false},"author":1,"featured_media":35986,"comment_status":"open","ping_status":"closed","sticky":false,"template":"","format":"standard","meta":[],"categories":[16],"tags":[],"_links":{"self":[{"href":"http:\/\/hoycordobaweb.com\/index.php\/wp-json\/wp\/v2\/posts\/35985"}],"collection":[{"href":"http:\/\/hoycordobaweb.com\/index.php\/wp-json\/wp\/v2\/posts"}],"about":[{"href":"http:\/\/hoycordobaweb.com\/index.php\/wp-json\/wp\/v2\/types\/post"}],"author":[{"embeddable":true,"href":"http:\/\/hoycordobaweb.com\/index.php\/wp-json\/wp\/v2\/users\/1"}],"replies":[{"embeddable":true,"href":"http:\/\/hoycordobaweb.com\/index.php\/wp-json\/wp\/v2\/comments?post=35985"}],"version-history":[{"count":0,"href":"http:\/\/hoycordobaweb.com\/index.php\/wp-json\/wp\/v2\/posts\/35985\/revisions"}],"wp:featuredmedia":[{"embeddable":true,"href":"http:\/\/hoycordobaweb.com\/index.php\/wp-json\/wp\/v2\/media\/35986"}],"wp:attachment":[{"href":"http:\/\/hoycordobaweb.com\/index.php\/wp-json\/wp\/v2\/media?parent=35985"}],"wp:term":[{"taxonomy":"category","embeddable":true,"href":"http:\/\/hoycordobaweb.com\/index.php\/wp-json\/wp\/v2\/categories?post=35985"},{"taxonomy":"post_tag","embeddable":true,"href":"http:\/\/hoycordobaweb.com\/index.php\/wp-json\/wp\/v2\/tags?post=35985"}],"curies":[{"name":"wp","href":"https:\/\/api.w.org\/{rel}","templated":true}]}}