{"id":35956,"date":"2022-01-20T22:27:00","date_gmt":"2022-01-20T22:27:00","guid":{"rendered":"http:\/\/hoycordobaweb.com\/index.php\/2022\/01\/20\/la-tv-publica-estrena-documental-cientifico-sobre-cambio-climatico-en-el-canal-de-beagle\/"},"modified":"2022-01-20T22:27:00","modified_gmt":"2022-01-20T22:27:00","slug":"la-tv-publica-estrena-documental-cientifico-sobre-cambio-climatico-en-el-canal-de-beagle","status":"publish","type":"post","link":"http:\/\/hoycordobaweb.com\/index.php\/2022\/01\/20\/la-tv-publica-estrena-documental-cientifico-sobre-cambio-climatico-en-el-canal-de-beagle\/","title":{"rendered":"La TV P\u00fablica estrena documental cient\u00edfico sobre cambio clim\u00e1tico en el canal de Beagle"},"content":{"rendered":"<p><img src=\"http:\/\/hoycordobaweb.com\/wp-content\/uploads\/2022\/01\/la-tv-publica-estrena-documental-cientifico-sobre-cambio-climatico-en-el-canal-de-beagle.jpg\"><\/p>\n<figure class=\"mb-3\"><img loading=\"lazy\" src=\"http:\/\/hoycordobaweb.com\/wp-content\/uploads\/2022\/01\/la-tv-publica-estrena-documental-cientifico-sobre-cambio-climatico-en-el-canal-de-beagle-2.jpg\" width=\"100%\" height=\"100%\" alt=\"El Canal de Beagle eje del trabajo que se ver por la Televisin Pblica\"><figcaption> El Canal de Beagle, eje del trabajo que se ver\u00e1 por la Televisi\u00f3n P\u00fablica. <\/figcaption><\/figure>\n<p>La Televisi\u00f3n P\u00fablica estrena el pr\u00f3ximo s\u00e1bado <strong>\u00abEl Beagle y sus dos naciones\u00bb<\/strong>, documental que rese\u00f1a la primera cooperaci\u00f3n binacional entre Argentina y Chile para investigar en la regi\u00f3n m\u00e1s austral de ambos pa\u00edses los efectos del calentamiento global.<\/p>\n<p>El programa saldr\u00e1 a las 15.30 y fue producido por <strong>Conicet Documental, la se\u00f1al del Ministerio de Ciencia, Tecnolog\u00eda e Innovaci\u00f3n \u00abTECtv\u00bb, el Centro Austral de Investigaciones Cient\u00edficas y el Centro IDEAL de Chile.<\/strong><\/p>\n<p>La propuesta se trata de un registro documental de la primera campa\u00f1a para el estudio y conocimiento integral del ecosistema del canal Beagle.<\/p>\n<p>El trabajo rese\u00f1a <strong>\u00abla importancia pol\u00edtica de aunar esfuerzos en pos del estudio y la generaci\u00f3n de conocimientos sobre los efectos del cambio clim\u00e1tico en la regi\u00f3n m\u00e1s austral de ambos pa\u00edses y retrata los contextos hist\u00f3ricos desde la llegada de los primeros pobladores, el conflicto geopol\u00edtico y territorial de 1978 y llega hasta la actualidad, cuando un grupo de cient\u00edficos argentinos y chilenos trabajan para entender la incidencia del calentamiento global en el ecosistema regional y promover la protecci\u00f3n de sus recursos naturales\u00bb<\/strong>, inform\u00f3 un comunicado.<\/p>\n<p>En 53 minutos, el director del Centro Austral de Investigaciones Cient\u00edficas, <strong>Gustavo Ferreyra,<\/strong> y su par del chileno Centro de Investigaci\u00f3n Din\u00e1mica de Ecosistemas Marinos de Altas Latitudes, <strong>Humberto Gonz\u00e1lez<\/strong>, describen los principales temas cient\u00edficos de mutuo inter\u00e9s propuestos para su estudio durante el desarrollo de esta primera campa\u00f1a binacional.<\/p>\n<p>En tanto, <strong>Carla Berghoff<\/strong>, qu\u00edmica marina del Instituto Nacional de Investigaci\u00f3n y Desarrollo Pesquero (INIDEP) expone la preocupaci\u00f3n respecto de la acidificaci\u00f3n del agua del mar, como una de las problem\u00e1ticas principales derivada de los excesos de emisi\u00f3n de di\u00f3xido de carbono a la atm\u00f3sfera.<\/p>\n<p>Adem\u00e1s, sus colegas R<strong>icardo Giesecke<\/strong> (Centro Ideal), <strong>Clara Iachetti<\/strong> (Cadic), Rodrigo Torres (Centro de Investigaci\u00f3n en Ecosistemas de la Patagonia) y <strong>Mariano Diez<\/strong> (Cadic) resaltan la importancia del estudio de los glaciares y los efectos del cambio clim\u00e1tico en el ecosistema general para poder predecir la incidencia de estos factores en la Ant\u00e1rtida.<\/p>\n<p>Asimismo, el documental <strong>brinda, a trav\u00e9s de im\u00e1genes de archivo y testimonios de habitantes de la regi\u00f3n, una mirada sobre el contexto hist\u00f3rico de 1978 en referencia al conflicto geopol\u00edtico y territorial y el papel de la Iglesia Cat\u00f3lica como garante de la paz entre ambas naciones,<\/strong> con la palabra de los doctores <strong>Pablo Fontana<\/strong> del Instituto Ant\u00e1rtico Argentino y <strong>Alberto Harambour<\/strong> del Centro Ideal.<\/p>\n<p>La pel\u00edcula tambi\u00e9n <strong>rescata la historia de los primeros humanos que llegaron a la regi\u00f3n hace 12.500 a\u00f1os y c\u00f3mo se convirtieron en sus primeros pobladores,<\/strong> formando v\u00ednculos a partir de sus costumbres n\u00f3madas canoeras. <\/p>\n","protected":false},"excerpt":{"rendered":"<p>El Canal de Beagle, eje del trabajo que se ver\u00e1 por la Televisi\u00f3n P\u00fablica. La Televisi\u00f3n P\u00fablica estrena el pr\u00f3ximo s\u00e1bado \u00abEl Beagle y sus dos naciones\u00bb, documental que rese\u00f1a la primera cooperaci\u00f3n binacional entre Argentina y Chile para investigar en la regi\u00f3n m\u00e1s austral de ambos pa\u00edses los efectos del calentamiento global. El programa [&hellip;]<\/p>\n","protected":false},"author":1,"featured_media":35957,"comment_status":"open","ping_status":"closed","sticky":false,"template":"","format":"standard","meta":[],"categories":[19],"tags":[],"_links":{"self":[{"href":"http:\/\/hoycordobaweb.com\/index.php\/wp-json\/wp\/v2\/posts\/35956"}],"collection":[{"href":"http:\/\/hoycordobaweb.com\/index.php\/wp-json\/wp\/v2\/posts"}],"about":[{"href":"http:\/\/hoycordobaweb.com\/index.php\/wp-json\/wp\/v2\/types\/post"}],"author":[{"embeddable":true,"href":"http:\/\/hoycordobaweb.com\/index.php\/wp-json\/wp\/v2\/users\/1"}],"replies":[{"embeddable":true,"href":"http:\/\/hoycordobaweb.com\/index.php\/wp-json\/wp\/v2\/comments?post=35956"}],"version-history":[{"count":0,"href":"http:\/\/hoycordobaweb.com\/index.php\/wp-json\/wp\/v2\/posts\/35956\/revisions"}],"wp:featuredmedia":[{"embeddable":true,"href":"http:\/\/hoycordobaweb.com\/index.php\/wp-json\/wp\/v2\/media\/35957"}],"wp:attachment":[{"href":"http:\/\/hoycordobaweb.com\/index.php\/wp-json\/wp\/v2\/media?parent=35956"}],"wp:term":[{"taxonomy":"category","embeddable":true,"href":"http:\/\/hoycordobaweb.com\/index.php\/wp-json\/wp\/v2\/categories?post=35956"},{"taxonomy":"post_tag","embeddable":true,"href":"http:\/\/hoycordobaweb.com\/index.php\/wp-json\/wp\/v2\/tags?post=35956"}],"curies":[{"name":"wp","href":"https:\/\/api.w.org\/{rel}","templated":true}]}}