{"id":35952,"date":"2022-01-20T13:56:31","date_gmt":"2022-01-20T13:56:31","guid":{"rendered":"https:\/\/www.mujerhoy.com\/moda\/no-te-pierdas\/isabel-diaz-ayuso-zapatillas-comodas-mujer-correr-madrid-look-zara-barato-instagram-20220120105239-nt.html"},"modified":"2022-01-20T13:56:31","modified_gmt":"2022-01-20T13:56:31","slug":"las-originales-y-llamativas-zapatillas-de-isabel-diaz-ayuso-que-han-causado-furor-en-instagram","status":"publish","type":"post","link":"http:\/\/hoycordobaweb.com\/index.php\/2022\/01\/20\/las-originales-y-llamativas-zapatillas-de-isabel-diaz-ayuso-que-han-causado-furor-en-instagram\/","title":{"rendered":"Las originales y llamativas zapatillas de Isabel D\u00edaz Ayuso que han causado furor en Instagram"},"content":{"rendered":"<p><!-- AUTHOR --><!-- COMPONENTS --><\/p>\n<p class=\"voc-paragraph\"><strong>Isabel D\u00edaz Ayuso<\/strong> ha demostrado que tiene un estilo muy definido y que los trajes -como<br \/>\n<a data-voc-vtm-id=\"in-text-traffic\" href=\"https:\/\/www.mujerhoy.com\/moda\/no-te-pierdas\/isabel-diaz-ayuso-traje-zara-chaqueta-pantalon-blazer-favorece-rejuvenece-look-barato-20211223103753-nt.html\"> este rojo de Zara<\/a>&#8211; son su look comod\u00edn que usar casi siempre. Sin embargo, en ocasiones versiona estos estilismo y apuesta por <strong>propuestas m\u00e1s casual y c\u00f3modas<\/strong> que luce en actos y eventos sin car\u00e1cter pol\u00edtico e institucional. Es el caso de<br \/>\n<a data-voc-vtm-id=\"in-text-traffic\" href=\"https:\/\/www.mujerhoy.com\/moda\/no-te-pierdas\/isabel-diaz-ayuso-blazer-zara-zapatillas-converse-look-rejuvenecedor-comodo-ponible-barato-20211218101518-nt.html\"> este outfit con blazer y zapatillas<\/a> que luci\u00f3 en un concierto y el que lleva en <strong>su \u00faltima foto de Instagram<\/strong>. Un look con <a data-voc-vtm-id=\"in-text-traffic\" href=\"https:\/\/www.mujerhoy.com\/moda\/no-te-pierdas\/isabel-diaz-ayuso-look-traje-chaqueta-zara-verde-favorito-rebajas-barato-sienta-bien-estiliza-favorece-20220119122809-nt.html\">su traje verde de Zara favorito <\/a>y unas <strong>zapatillas s\u00faper originales <\/strong>con las que ha posado orgullosa.\n<\/p>\n<p class=\"voc-paragraph\">Despu\u00e9s de asistir a la inauguraci\u00f3n de FITUR <a data-voc-vtm-id=\"in-text-traffic\" href=\"https:\/\/www.mujerhoy.com\/moda\/no-te-pierdas\/reina-letizia-abrigo-cuadros-gabardina-made-in-spain-agotado-rebajas-lista-espera-20220119121005-nt.html\">junto a la Reina Letizia<\/a>, la presidenta de la Comunidad de Madrid actualiz\u00f3 su perfil de Instagram con una imagen que no tiene nada que ver con la feria, pero que ha gustado much\u00edsimo en las redes. \u00bfEl motivo? No es su traje de Zara verde oscuro -firma a la que recurre much\u00edsimo-, son <strong>las llamativas zapatillas de las que presume <\/strong>que no pueden ser m\u00e1s corporativas y que no hemos podido evitar fichar.\n<\/p>\n<p class=\"voc-paragraph\">Se trata de unas <strong>zapatillas de Joma<\/strong> que pertenecen a una serie de edici\u00f3n limitada dedicada a la <strong>Media Marat\u00f3n de Madrid<\/strong>, que se organiza anualmente en la capital. En concreto, se trata de las <strong>Storm Viper Medio Marat\u00f3n de Madrid<\/strong>, un dise\u00f1o en color verde y azul que lleva el mensaje &#8216;De Madrid al cielo&#8217; y simula el c\u00e9sped y las nubes de la capital. Unas zapatillas que representan a la ciudad (igual que ella) y que est\u00e1n agotadas, ya que son el modelo que la firma deportiva lanz\u00f3 a la venta para la edici\u00f3n anterior, la de 2020.\n<\/p>\n<div class=\"voc-detail__cmp\">\n<div class=\"voc-article-container\">\n<article class=\"voc-article voc-article--cmp-photo-text\">\n<div class=\"voc-img-container\"><picture>\n<div class=\"voc-horizontal voc-img-icon-link\"><img class=\"lazy\" loading=\"lazy\" data-original=\"\/\/static2.mujerhoy.com\/www\/multimedia\/202201\/20\/media\/cortadas\/zapatillas-movistar-maraton-storm-viper-joma-isabel-diaz-ayuso-k3QC--624x624@MujerHoy.jpg\" alt><\/div>\n<\/picture>\n<p class=\"figure-caption \"><span class=\"voc-photo-author\"> joma <\/span><\/p>\n<\/div>\n<\/article>\n<\/div>\n<\/div>\n<p class=\"voc-paragraph\">Si quieres copiar este original calzado de Ayuso, puedes probar con el modelo que hay a la venta para este a\u00f1o. Para esta edici\u00f3n, han optado por una zapatilla en color negro con el Madrid en color azul y que cuestan <strong>99 euros<\/strong>. Menos llamativas y algo m\u00e1s sencillas, pero igual de corporativas.\n<\/p>\n<div class=\"voc-detail__cmp\">\n<div class=\"voc-article-container\">\n<article class=\"voc-article voc-article--cmp-photo-text\">\n<div class=\"voc-img-container\"><picture>\n<div class=\"voc-horizontal voc-img-icon-link\"><img class=\"lazy\" loading=\"lazy\" data-original=\"\/\/static1.mujerhoy.com\/www\/multimedia\/202201\/20\/media\/cortadas\/zapatillas-correr-mujer-joma-k3QC--624x624@MujerHoy.jpg\" alt><\/div>\n<\/picture>\n<p class=\"figure-caption \"><span class=\"voc-photo-author\"> joma <\/span><\/p>\n<\/div>\n<\/article>\n<\/div>\n<\/div>\n<div class=\"voc-detail__cmp voc-detail__cmp--pad-lr voc-detail__cmp--pad-lr--bdr\">\n<div class=\"voc-ficha-detail__wrapper\">\n<section class=\"voc-ficha-detail\">\n<h4 class=\"voc-ficha-detail-title voc-title-section\">te recomendamos<\/h4>\n<\/section>\n<\/div>\n<\/div>\n<p><!-- TOPICS --><\/p>\n","protected":false},"excerpt":{"rendered":"<p>Isabel D\u00edaz Ayuso ha demostrado que tiene un estilo muy definido y que los trajes -como este rojo de Zara&#8211; son su look comod\u00edn que usar casi siempre. Sin embargo, en ocasiones versiona estos estilismo y apuesta por propuestas m\u00e1s casual y c\u00f3modas que luce en actos y eventos sin car\u00e1cter pol\u00edtico e institucional. Es [&hellip;]<\/p>\n","protected":false},"author":1,"featured_media":35953,"comment_status":"closed","ping_status":"closed","sticky":false,"template":"","format":"standard","meta":[],"categories":[1],"tags":[],"_links":{"self":[{"href":"http:\/\/hoycordobaweb.com\/index.php\/wp-json\/wp\/v2\/posts\/35952"}],"collection":[{"href":"http:\/\/hoycordobaweb.com\/index.php\/wp-json\/wp\/v2\/posts"}],"about":[{"href":"http:\/\/hoycordobaweb.com\/index.php\/wp-json\/wp\/v2\/types\/post"}],"author":[{"embeddable":true,"href":"http:\/\/hoycordobaweb.com\/index.php\/wp-json\/wp\/v2\/users\/1"}],"replies":[{"embeddable":true,"href":"http:\/\/hoycordobaweb.com\/index.php\/wp-json\/wp\/v2\/comments?post=35952"}],"version-history":[{"count":0,"href":"http:\/\/hoycordobaweb.com\/index.php\/wp-json\/wp\/v2\/posts\/35952\/revisions"}],"wp:featuredmedia":[{"embeddable":true,"href":"http:\/\/hoycordobaweb.com\/index.php\/wp-json\/wp\/v2\/media\/35953"}],"wp:attachment":[{"href":"http:\/\/hoycordobaweb.com\/index.php\/wp-json\/wp\/v2\/media?parent=35952"}],"wp:term":[{"taxonomy":"category","embeddable":true,"href":"http:\/\/hoycordobaweb.com\/index.php\/wp-json\/wp\/v2\/categories?post=35952"},{"taxonomy":"post_tag","embeddable":true,"href":"http:\/\/hoycordobaweb.com\/index.php\/wp-json\/wp\/v2\/tags?post=35952"}],"curies":[{"name":"wp","href":"https:\/\/api.w.org\/{rel}","templated":true}]}}