{"id":3594,"date":"2020-10-18T23:19:22","date_gmt":"2020-10-18T23:19:22","guid":{"rendered":"https:\/\/ladecimaweb.com\/?p=7119"},"modified":"2020-10-18T23:19:22","modified_gmt":"2020-10-18T23:19:22","slug":"absoluto-respaldo-al-candidato-del-partido-de-evo-en-la-votacion-del-cpc-villa-el-libertador","status":"publish","type":"post","link":"http:\/\/hoycordobaweb.com\/index.php\/2020\/10\/18\/absoluto-respaldo-al-candidato-del-partido-de-evo-en-la-votacion-del-cpc-villa-el-libertador\/","title":{"rendered":"Absoluto respaldo al candidato del partido de Evo en la votaci\u00f3n del CPC Villa El Libertador"},"content":{"rendered":"<div class=\"\" data-block=\"true\" data-editor=\"6n91\" data-offset-key=\"6m2pr-0-0\">\n<div class=\"_1mf _1mj\" data-offset-key=\"6m2pr-0-0\"><span data-offset-key=\"6m2pr-0-0\">Luis Arce, ex ministro de Econom\u00eda de Morales y candidato a presidente por el Movimiento al Socialismo (MAS), recibi\u00f3 el 90% de los votos emitidos hoy en el Centro de Participaci\u00f3n Comunal 6, de acuerdo al escrutinio oficial enviado a este medio desde la Subdirecci\u00f3n del organismo municipal. Si es un presagio de lo que ocurrir\u00e1 a nivel nacional se sabr\u00e1 con el correr de las horas cuando se dilucide el conteo final.\u00a0<\/span><\/div>\n<div data-offset-key=\"6m2pr-0-0\"><\/div>\n<\/div>\n<div class=\"\" data-block=\"true\" data-editor=\"6n91\" data-offset-key=\"eogrp-0-0\">\n<div class=\"_1mf _1mj\" data-offset-key=\"eogrp-0-0\"><span data-offset-key=\"eogrp-0-0\">En segundo lugar se ubic\u00f3 el expresidente Carlos Mesa de Comunidad Ciudadana (CC), con apenas 6,40 por ciento de los votos y a un oc\u00e9ano de distancia del candidato del MAS.<\/span><\/div>\n<\/div>\n<div class=\"\" data-block=\"true\" data-editor=\"6n91\" data-offset-key=\"dl1is-0-0\">\n<div data-offset-key=\"dl1is-0-0\"><\/div>\n<div class=\"_1mf _1mj\" data-offset-key=\"dl1is-0-0\"><span data-offset-key=\"dl1is-0-0\">En tercer lugar fue votado el coreano residente Chi Hyun Chung, candidato del Frente para la Victoria, con 1,93 por ciento de los votos, y en cuarto escal\u00f3n, el ex prefecto de Santa Cruz de la Sierra Luis Fernando Camacho (Creemos)<\/span><\/div>\n<\/div>\n<div class=\"\" data-block=\"true\" data-editor=\"6n91\" data-offset-key=\"9ngpj-0-0\">\n<div data-offset-key=\"9ngpj-0-0\"><\/div>\n<div class=\"_1mf _1mj\" data-offset-key=\"9ngpj-0-0\"><span data-offset-key=\"9ngpj-0-0\">El escrutinio da cuenta que fueron emitidos 850 votos (56,70% del padr\u00f3n), los v\u00e1lidos fueron 827 sufragios y apenas 5 votos en blanco (0,60 por ciento)<\/span><\/div>\n<div data-offset-key=\"9ngpj-0-0\"><\/div>\n<\/div>\n<div class=\"\" data-block=\"true\" data-editor=\"6n91\" data-offset-key=\"bef3t-0-0\">\n<div class=\"_1mf _1mj\" data-offset-key=\"bef3t-0-0\">Escrutinio del CPC:<\/div>\n<\/div>\n<div class=\"\" data-block=\"true\" data-editor=\"6n91\" data-offset-key=\"9do3d-0-0\">\n<div data-offset-key=\"9do3d-0-0\"><\/div>\n<div class=\"_1mf _1mj\" data-offset-key=\"9do3d-0-0\"><strong>MAS 745 (90,08%)<\/strong><\/div>\n<\/div>\n<div class=\"\" data-block=\"true\" data-editor=\"6n91\" data-offset-key=\"3qhna-0-0\">\n<div class=\"_1mf _1mj\" data-offset-key=\"3qhna-0-0\"><strong>CC 53 (6,40%)<\/strong><\/div>\n<\/div>\n<div class=\"\" data-block=\"true\" data-editor=\"6n91\" data-offset-key=\"b5mkm-0-0\">\n<div class=\"_1mf _1mj\" data-offset-key=\"b5mkm-0-0\"><strong>FPV 16 (1,93%)<\/strong><\/div>\n<\/div>\n<div class=\"\" data-block=\"true\" data-editor=\"6n91\" data-offset-key=\"1d9jt-0-0\">\n<div class=\"_1mf _1mj\" data-offset-key=\"1d9jt-0-0\"><strong>Creemos 15 (1,81%)<\/strong><\/div>\n<\/div>\n<div class=\"\" data-block=\"true\" data-editor=\"6n91\" data-offset-key=\"7fp8r-0-0\">\n<div class=\"_1mf _1mj\" data-offset-key=\"7fp8r-0-0\"><strong>Pan Bol 10 (1,20%)<\/strong><\/div>\n<\/div>\n<div class=\"\" data-block=\"true\" data-editor=\"6n91\" data-offset-key=\"800or-0-0\">\n<div class=\"_1mf _1mj\" data-offset-key=\"800or-0-0\"><strong>Juntos 2 (0,24%)<\/strong><\/div>\n<\/div>\n<div class=\"\" data-block=\"true\" data-editor=\"6n91\" data-offset-key=\"b862q-0-0\">\n<div class=\"_1mf _1mj\" data-offset-key=\"b862q-0-0\"><strong>ADN 2 (0,24%)<\/strong><\/div>\n<\/div>\n<div class=\"\" data-block=\"true\" data-editor=\"6n91\" data-offset-key=\"fi4r5-0-0\">\n<div class=\"_1mf _1mj\" data-offset-key=\"fi4r5-0-0\"><strong>Libre 1 (0,12%)<\/strong><\/div>\n<\/div>\n<div data-offset-key=\"fi4r5-0-0\"><\/div>\n<div data-offset-key=\"fi4r5-0-0\">\n<div class=\"ubm_banner\"><a href=\"https:\/\/www.cba.gov.ar\/cordoba-rosa-2020\/%20\" target=\"_blank\" rel=\"dofollow noopener noreferrer\"><img src=\"http:\/\/hoycordobaweb.com\/wp-content\/uploads\/2020\/10\/absoluto-respaldo-al-candidato-del-partido-de-evo-en-la-votacion-del-cpc-villa-el-libertador.gif\" alt=\"\"><\/a><\/div>\n<\/div>\n<div data-offset-key=\"fi4r5-0-0\"><\/div>\n<div class=\"\" data-block=\"true\" data-editor=\"6n91\" data-offset-key=\"e8p23-0-0\"><\/div>\n<p>La entrada <a rel=\"nofollow\" href=\"https:\/\/ladecimaweb.com\/absoluto-respaldo-al-candidato-del-partido-de-evo-en-la-votacion-del-cpc-villa-el-libertador\/\">Absoluto respaldo al candidato del partido de Evo en la votaci\u00f3n del CPC Villa El Libertador<\/a> se public\u00f3 primero en <a rel=\"nofollow\" href=\"https:\/\/ladecimaweb.com\">LaDecima<\/a>.<\/p>\n","protected":false},"excerpt":{"rendered":"<p>Luis Arce, ex ministro de Econom\u00eda de Morales y candidato a presidente por el Movimiento al Socialismo (MAS), recibi\u00f3 el 90% de los votos emitidos hoy en el Centro de Participaci\u00f3n Comunal 6, de acuerdo al escrutinio oficial enviado a este medio desde la Subdirecci\u00f3n del organismo municipal. Si es un presagio de lo que [&hellip;]<\/p>\n","protected":false},"author":1,"featured_media":3595,"comment_status":"closed","ping_status":"closed","sticky":false,"template":"","format":"standard","meta":[],"categories":[19],"tags":[],"_links":{"self":[{"href":"http:\/\/hoycordobaweb.com\/index.php\/wp-json\/wp\/v2\/posts\/3594"}],"collection":[{"href":"http:\/\/hoycordobaweb.com\/index.php\/wp-json\/wp\/v2\/posts"}],"about":[{"href":"http:\/\/hoycordobaweb.com\/index.php\/wp-json\/wp\/v2\/types\/post"}],"author":[{"embeddable":true,"href":"http:\/\/hoycordobaweb.com\/index.php\/wp-json\/wp\/v2\/users\/1"}],"replies":[{"embeddable":true,"href":"http:\/\/hoycordobaweb.com\/index.php\/wp-json\/wp\/v2\/comments?post=3594"}],"version-history":[{"count":0,"href":"http:\/\/hoycordobaweb.com\/index.php\/wp-json\/wp\/v2\/posts\/3594\/revisions"}],"wp:featuredmedia":[{"embeddable":true,"href":"http:\/\/hoycordobaweb.com\/index.php\/wp-json\/wp\/v2\/media\/3595"}],"wp:attachment":[{"href":"http:\/\/hoycordobaweb.com\/index.php\/wp-json\/wp\/v2\/media?parent=3594"}],"wp:term":[{"taxonomy":"category","embeddable":true,"href":"http:\/\/hoycordobaweb.com\/index.php\/wp-json\/wp\/v2\/categories?post=3594"},{"taxonomy":"post_tag","embeddable":true,"href":"http:\/\/hoycordobaweb.com\/index.php\/wp-json\/wp\/v2\/tags?post=3594"}],"curies":[{"name":"wp","href":"https:\/\/api.w.org\/{rel}","templated":true}]}}