{"id":35888,"date":"2022-01-18T08:38:00","date_gmt":"2022-01-18T08:38:00","guid":{"rendered":"https:\/\/fm-comunicar.com.ar\/contenido\/18759\/mas-de-23-mil-personas-en-el-cierre-del-festival"},"modified":"2022-01-18T08:38:00","modified_gmt":"2022-01-18T08:38:00","slug":"mas-de-23-mil-personas-en-el-cierre-del-festival","status":"publish","type":"post","link":"http:\/\/hoycordobaweb.com\/index.php\/2022\/01\/18\/mas-de-23-mil-personas-en-el-cierre-del-festival\/","title":{"rendered":"M\u00e1s de 23 mil personas en el cierre del Festival"},"content":{"rendered":"<p>Tini, Luciano Pereyra y Los Palmeras fueron los protagonistas de la \u00faltima jornada de la 56\u00ba edici\u00f3n. Fue la segunda noche de mayor convocatoria, detr\u00e1s del viernes 14 del Chaque\u00f1o Palavecino y Ulises.<img src=\"http:\/\/hoycordobaweb.com\/wp-content\/uploads\/2022\/01\/mas-de-23-mil-personas-en-el-cierre-del-festival.jpg\"><\/p>\n","protected":false},"excerpt":{"rendered":"<p>Tini, Luciano Pereyra y Los Palmeras fueron los protagonistas de la \u00faltima jornada de la 56\u00ba edici\u00f3n. Fue la segunda noche de mayor convocatoria, detr\u00e1s del viernes 14 del Chaque\u00f1o Palavecino y Ulises.<\/p>\n","protected":false},"author":1,"featured_media":35889,"comment_status":"closed","ping_status":"closed","sticky":false,"template":"","format":"standard","meta":[],"categories":[18],"tags":[],"_links":{"self":[{"href":"http:\/\/hoycordobaweb.com\/index.php\/wp-json\/wp\/v2\/posts\/35888"}],"collection":[{"href":"http:\/\/hoycordobaweb.com\/index.php\/wp-json\/wp\/v2\/posts"}],"about":[{"href":"http:\/\/hoycordobaweb.com\/index.php\/wp-json\/wp\/v2\/types\/post"}],"author":[{"embeddable":true,"href":"http:\/\/hoycordobaweb.com\/index.php\/wp-json\/wp\/v2\/users\/1"}],"replies":[{"embeddable":true,"href":"http:\/\/hoycordobaweb.com\/index.php\/wp-json\/wp\/v2\/comments?post=35888"}],"version-history":[{"count":0,"href":"http:\/\/hoycordobaweb.com\/index.php\/wp-json\/wp\/v2\/posts\/35888\/revisions"}],"wp:featuredmedia":[{"embeddable":true,"href":"http:\/\/hoycordobaweb.com\/index.php\/wp-json\/wp\/v2\/media\/35889"}],"wp:attachment":[{"href":"http:\/\/hoycordobaweb.com\/index.php\/wp-json\/wp\/v2\/media?parent=35888"}],"wp:term":[{"taxonomy":"category","embeddable":true,"href":"http:\/\/hoycordobaweb.com\/index.php\/wp-json\/wp\/v2\/categories?post=35888"},{"taxonomy":"post_tag","embeddable":true,"href":"http:\/\/hoycordobaweb.com\/index.php\/wp-json\/wp\/v2\/tags?post=35888"}],"curies":[{"name":"wp","href":"https:\/\/api.w.org\/{rel}","templated":true}]}}