{"id":35866,"date":"2022-01-18T22:06:16","date_gmt":"2022-01-18T22:06:16","guid":{"rendered":"https:\/\/www.ole.com.ar\/futbol-internacional\/simeone-convocatoria-periodista-hijo_0_NQka75vlrJ.html"},"modified":"2022-01-18T22:06:16","modified_gmt":"2022-01-18T22:06:16","slug":"la-convocatoria-por-primera-vez-de-simeone-al-hijo-de-un-famoso-periodista","status":"publish","type":"post","link":"http:\/\/hoycordobaweb.com\/index.php\/2022\/01\/18\/la-convocatoria-por-primera-vez-de-simeone-al-hijo-de-un-famoso-periodista\/","title":{"rendered":"La convocatoria por primera vez de Simeone al hijo de un famoso periodista"},"content":{"rendered":"<p><img src=\"http:\/\/hoycordobaweb.com\/wp-content\/uploads\/2022\/01\/la-convocatoria-por-primera-vez-de-simeone-al-hijo-de-un-famoso-periodista.jpg\"><\/p>\n<p>Se vienen los octavos de final de la Copa del Rey entre Atl\u00e9tico de Madrid y la Real Sociedad y Diego Simeone decidi\u00f3 incluir en la convocatoria a un jugador que hasta el momento no tuvo rodaje en el primer equipo.<strong> Ante las bajas por lesiones y sanciones, el Cholo tuvo que reestructurar y Manu Lama podr\u00eda hacer su gran debut.<\/strong> <\/p>\n<div class=\"sp__SM\">\n<div class=\"content-new \">\n<span class=\"tit-mobile\">Mir\u00e1 tambi\u00e9n<\/span><\/p>\n<div class=\"mg\">\n<div class=\"wrap-figure\">\n<picture>\n<a href=\"https:\/\/www.ole.com.ar\/futbol-internacional\/espana\/athletic-bilbao-real-madrid-supercopa-espana-historia-finales-supercopa-2022_0_RMTijR4iY8.html\" target=\"_self\" rel=\"noopener noreferrer\"><br \/>\n<img class=\"img-responsive\" alt=\"El Athletic, pap\u00e1 del Madrid en las finales\" src=\"http:\/\/hoycordobaweb.com\/wp-content\/uploads\/2022\/01\/la-convocatoria-por-primera-vez-de-simeone-al-hijo-de-un-famoso-periodista-2.jpg\" loading=\"lazy\"><br \/>\n<\/a>\n<\/picture>\n<\/div>\n<\/div><\/div>\n<\/div>\n<p>El hijo del periodista espa\u00f1ol de la cadena COPE, podr\u00eda entrar en el partido en San Sebasti\u00e1n y con 20 a\u00f1os tiene chances de hacer su debut. Es que ante la ausencia de Antoine Griezmann, Marcos Llorente, Kondogbia y Savic, por lesi\u00f3n y la falta de Jos\u00e9 Mar\u00eda Gim\u00e9nez, por sanci\u00f3n, el entrenador argentino decidi\u00f3 incluirlo entre sus 20.<\/p>\n<div class=\"sp__SM\">\n<div class=\"content-new \">\n<span class=\"tit-mobile\">Mir\u00e1 tambi\u00e9n<\/span><\/p>\n<div class=\"mg\">\n<div class=\"wrap-figure\">\n<picture>\n<a href=\"https:\/\/www.ole.com.ar\/futbol-internacional\/espana\/cholo-simeone-paciencia-atletico-madrid_0_cw8bOtgyCp.html\" target=\"_self\" rel=\"noopener noreferrer\"><br \/>\n<img class=\"img-responsive\" alt=\"Cholo Simeone: &quot;Paciencia, el equipo aparecer\u00e1&quot;\" src=\"http:\/\/hoycordobaweb.com\/wp-content\/uploads\/2022\/01\/la-convocatoria-por-primera-vez-de-simeone-al-hijo-de-un-famoso-periodista-3.jpg\" loading=\"lazy\"><br \/>\n<\/a>\n<\/picture>\n<\/div>\n<\/div><\/div>\n<\/div>\n<p>Para el partido que se disputar\u00e1 este mi\u00e9rcoles a las 17 hs de Argentina, fueron incluidos 15 futbolistas del primer equipo y cinco de la cantera. Los elegidos fueron: <strong>Oblak y Lecomte; Vrsaljko, Felipe, Hermoso, Lodi, Lama y Sergio; Correa, Carrasco, De Paul, Herrera, Koke, Lemar, Javi Serrano, Carlos Mart\u00edn y Alberto Moreno; y Cunha, Jo\u00e3o F\u00e9lix y Luis Su\u00e1rez.<\/strong><\/p>\n<div class=\"sp__SM\">\n<div class=\"content-new \">\n<span class=\"tit-mobile\">Mir\u00e1 tambi\u00e9n<\/span><\/p>\n<div class=\"mg\">\n<div class=\"wrap-figure\">\n<picture>\n<a href=\"https:\/\/www.ole.com.ar\/futbol-internacional\/espana\/athletic-bilbao-real-madrid-supercopa-espana-historia-finales-supercopa-2022_0_RMTijR4iY8.html\" target=\"_self\" rel=\"noopener noreferrer\"><br \/>\n<img class=\"img-responsive\" alt=\"El Athletic, pap\u00e1 del Madrid en las finales\" src=\"http:\/\/hoycordobaweb.com\/wp-content\/uploads\/2022\/01\/la-convocatoria-por-primera-vez-de-simeone-al-hijo-de-un-famoso-periodista-2.jpg\" loading=\"lazy\"><br \/>\n<\/a>\n<\/picture>\n<\/div>\n<\/div><\/div>\n<\/div>\n<p>En la temporada pasada jug\u00f3 en La Nuc\u00eda, en Segunda B, donde fue titular indiscutible hasta que se lesion\u00f3 de gravedad a mitad de temporada<strong>. Lama estuvo en recuperaci\u00f3n varios meses y reci\u00e9n volvi\u00f3 a tener rodaje hace tres partidos. Con las Inferiores fue titular en Parla y este domingo estuvo del arranque contra el Ursaria.<\/strong><\/p>\n<p>El defensor central, que tambi\u00e9n puede ocupar el puesto de&nbsp;centrocampista defensivo, tiene 20 a\u00f1os y una de sus cualidades es el manejo de pelota a\u00e9rea gracias a sus 1,92 metros de altura.&nbsp;Para el cruce por la clasificaci\u00f3n a cuartos, el Cholo s\u00f3lo tiene a Mario Hermoso y Felipe como centrales y Lama podr\u00eda ser una opci\u00f3n para el cambio.<\/p>\n<div class=\"sp__SM\">\n<div class=\"content-new \">\n<span class=\"tit-mobile\">Mir\u00e1 tambi\u00e9n<\/span><\/p>\n<div class=\"mg\">\n<div class=\"wrap-figure\">\n<picture>\n<a href=\"https:\/\/www.ole.com.ar\/futbol-internacional\/italia\/gio-simeone-sassuolo-verona-scaloni_0_PFjxjkQoL.html\" target=\"_self\" rel=\"noopener noreferrer\"><br \/>\n<img class=\"img-responsive\" alt=\"El Verona, con Gio Simeone, gole\u00f3 de visitante\" src=\"http:\/\/hoycordobaweb.com\/wp-content\/uploads\/2022\/01\/la-convocatoria-por-primera-vez-de-simeone-al-hijo-de-un-famoso-periodista-4.jpg\" loading=\"lazy\"><br \/>\n<\/a>\n<\/picture>\n<\/div>\n<\/div><\/div>\n<\/div>\n<h2><strong>\u00bfC\u00f3mo llega el Atl\u00e9tico de Madrid?<\/strong><\/h2>\n<p>Cuarto en LaLiga, Atl\u00e9tico de Madrid viene de caer en semis de la Supercopa de Espa\u00f1a ante el Athletic y atraviesa un momento sensible en la temporada. Sin embargo, a pesar de la irregularidad en el juego y los resultados &#8211;<strong>cinco derrotas en los \u00faltimos nueve partidos-,<\/strong> Diego Simeone se mostr\u00f3 confiado en corregir el rumbo y les pidi\u00f3 tranquilidad a los hinchas colchoneros.<\/p>\n<p><strong>\u00abNo le puedo reclamar otra cosa al equipo porque responde bien, trabaja, la preparaci\u00f3n a los partidos es muy buena, la intenci\u00f3n, la ilusi\u00f3n, las ganas de demostrarlo, y hay que tener tranquilidad, paciencia, para esperar al equipo aparezca porque aparecer\u00e1, seguro, y esperamos que sea ma\u00f1ana\u00bb,<\/strong> afirm\u00f3 el Cholo en la previa del duelo de octavos de final de la Copa del Rey contra la Real Sociedad.<\/p>\n<div class=\"entry-tags\">\n<h2>TEMAS QUE APARECEN EN ESTA NOTA<\/h2>\n<\/p><\/div>\n","protected":false},"excerpt":{"rendered":"<p>Se vienen los octavos de final de la Copa del Rey entre Atl\u00e9tico de Madrid y la Real Sociedad y Diego Simeone decidi\u00f3 incluir en la convocatoria a un jugador que hasta el momento no tuvo rodaje en el primer equipo. Ante las bajas por lesiones y sanciones, el Cholo tuvo que reestructurar y Manu [&hellip;]<\/p>\n","protected":false},"author":1,"featured_media":35867,"comment_status":"open","ping_status":"closed","sticky":false,"template":"","format":"standard","meta":[],"categories":[16],"tags":[],"_links":{"self":[{"href":"http:\/\/hoycordobaweb.com\/index.php\/wp-json\/wp\/v2\/posts\/35866"}],"collection":[{"href":"http:\/\/hoycordobaweb.com\/index.php\/wp-json\/wp\/v2\/posts"}],"about":[{"href":"http:\/\/hoycordobaweb.com\/index.php\/wp-json\/wp\/v2\/types\/post"}],"author":[{"embeddable":true,"href":"http:\/\/hoycordobaweb.com\/index.php\/wp-json\/wp\/v2\/users\/1"}],"replies":[{"embeddable":true,"href":"http:\/\/hoycordobaweb.com\/index.php\/wp-json\/wp\/v2\/comments?post=35866"}],"version-history":[{"count":0,"href":"http:\/\/hoycordobaweb.com\/index.php\/wp-json\/wp\/v2\/posts\/35866\/revisions"}],"wp:featuredmedia":[{"embeddable":true,"href":"http:\/\/hoycordobaweb.com\/index.php\/wp-json\/wp\/v2\/media\/35867"}],"wp:attachment":[{"href":"http:\/\/hoycordobaweb.com\/index.php\/wp-json\/wp\/v2\/media?parent=35866"}],"wp:term":[{"taxonomy":"category","embeddable":true,"href":"http:\/\/hoycordobaweb.com\/index.php\/wp-json\/wp\/v2\/categories?post=35866"},{"taxonomy":"post_tag","embeddable":true,"href":"http:\/\/hoycordobaweb.com\/index.php\/wp-json\/wp\/v2\/tags?post=35866"}],"curies":[{"name":"wp","href":"https:\/\/api.w.org\/{rel}","templated":true}]}}