{"id":35864,"date":"2022-01-18T22:07:06","date_gmt":"2022-01-18T22:07:06","guid":{"rendered":"https:\/\/www.ole.com.ar\/futbol-internacional\/var-penal-pies-anulo_0_za6C3Jr7V6.html"},"modified":"2022-01-18T22:07:06","modified_gmt":"2022-01-18T22:07:06","slug":"increible-el-var-anulo-un-penal-por-pegarle-con-los-dos-pies","status":"publish","type":"post","link":"http:\/\/hoycordobaweb.com\/index.php\/2022\/01\/18\/increible-el-var-anulo-un-penal-por-pegarle-con-los-dos-pies\/","title":{"rendered":"\u00a1Incre\u00edble! El VAR anul\u00f3 un penal por pegarle con los dos pies"},"content":{"rendered":"<p><img src=\"http:\/\/hoycordobaweb.com\/wp-content\/uploads\/2022\/01\/increible-el-var-anulo-un-penal-por-pegarle-con-los-dos-pies.jpg\"><\/p>\n<p>Un momento ins\u00f3lito se vivi\u00f3 en la<a alt=\"copa-de-alemania\" class=\"slug\" href=\"https:\/\/www.ole.com.ar\/tema\/copa-de-alemania.html\" target=\"_blank\" title=\"copa-de-alemania\" rel=\"noopener noreferrer\"> Copa de Alemania<\/a> en el partido entre el<strong> Colonia<\/strong> y <strong><a alt=\"hamburg\" class=\"slug\" href=\"https:\/\/www.ole.com.ar\/tema\/hamburg.html\" target=\"_blank\" title=\"hamburg\" rel=\"noopener noreferrer\">Hamburg<\/a>o<\/strong> por los octavos de final, donde el mediocampista de los Machos Cabr\u00edos, <strong><a alt=\"florian-kainz\" class=\"slug\" href=\"https:\/\/www.ole.com.ar\/tema\/florian-kainz.html\" target=\"_blank\" title=\"florian-kainz\" rel=\"noopener noreferrer\">Florian Kainz<\/a><\/strong>, pate\u00f3 un penal y lo convirti\u00f3, pero fue anulado por el VAR, que<strong> cobr\u00f3 que el jugador pate\u00f3 con ambos pies<\/strong>. Para colmo,&nbsp;<strong>su equipo qued\u00f3 afuera del torneo<\/strong>.<\/p>\n<div class=\"sp__SM\">\n<div class=\"content-new \">\n<span class=\"tit-mobile\">Mir\u00e1 tambi\u00e9n<\/span><\/p>\n<div class=\"mg\">\n<div class=\"wrap-figure\">\n<picture>\n<a href=\"https:\/\/www.ole.com.ar\/futbol-internacional\/mario-gotze-renacer-psv-_0_zOEh4KRKYR.html\" target=\"_self\" rel=\"noopener noreferrer\"><br \/>\n<img class=\"img-responsive\" alt=\"El renacer de Gotze\" src=\"http:\/\/hoycordobaweb.com\/wp-content\/uploads\/2022\/01\/increible-el-var-anulo-un-penal-por-pegarle-con-los-dos-pies-2.jpg\" loading=\"lazy\"><br \/>\n<\/a>\n<\/picture>\n<\/div>\n<\/div><\/div>\n<\/div>\n<p>Al momento de patear,<strong> Kainz tom\u00f3 distancia y antes de dar el golpe se resbal\u00f3 y le peg\u00f3 a la pelota&nbsp;con las dos piernas&nbsp;mientras se ca\u00eda,<\/strong> por lo que, de manera inmediata el \u00e1rbitro fue llamado por sus colegas, que se encuentran mirando detalladamente a trav\u00e9s de las pantallas. Ellos le advirtieron sobre la falta y anul\u00f3 el gol.&nbsp;<\/p>\n<div class=\"sp__Normal\">\n<div class=\"image-embeb image-trigger\" readability=\"6\">\n<picture><source media=\"(min-width: 720px)\" srcset=\"http:\/\/hoycordobaweb.com\/wp-content\/uploads\/2022\/01\/increible-el-var-anulo-un-penal-por-pegarle-con-los-dos-pies-3.jpg\"><img itemprop=\"image\" src=\"http:\/\/hoycordobaweb.com\/wp-content\/uploads\/2022\/01\/increible-el-var-anulo-un-penal-por-pegarle-con-los-dos-pies-3.jpg\" loading=\"lazy\" alt=\"Kainz se lamenta luego de que el \u00e1rbitro le anule el gol. EFE\/EPA\/SASCHA STEINBACH\">\n<\/picture><figcaption readability=\"2\">\n<p>Kainz se lamenta luego de que el \u00e1rbitro le anule el gol. EFE\/EPA\/SASCHA STEINBACH\n<\/p>\n<\/figcaption><\/div>\n<\/div>\n<div class=\"sp__SM\">\n<div class=\"content-new \">\n<span class=\"tit-mobile\">Mir\u00e1 tambi\u00e9n<\/span><\/p>\n<div class=\"mg\">\n<div class=\"wrap-figure\">\n<picture>\n<a href=\"https:\/\/www.ole.com.ar\/futbol-internacional\/inglaterra\/bielsa-leeds-record-premier-league_0_LkXSHEWoHj.html\" target=\"_self\" rel=\"noopener noreferrer\"><br \/>\n<img class=\"img-responsive\" alt=\"Un r\u00e9cord de precocidad de Bielsa en el Leeds\" src=\"http:\/\/hoycordobaweb.com\/wp-content\/uploads\/2022\/01\/increible-el-var-anulo-un-penal-por-pegarle-con-los-dos-pies-4.jpg\" loading=\"lazy\"><br \/>\n<\/a>\n<\/picture>\n<\/div>\n<\/div><\/div>\n<\/div>\n<p><strong>\u200bEn los 90 minutos el partido finaliz\u00f3 con un empate 0-0, por lo que, accedieron a un largue que termin\u00f3 con otra igualdad, esta vez 1-1,<\/strong> con goles de Anthony Modeste por parte de Colonia y de Robert Glatzel por el lado de Hamburgo. De esa forma, llegaron a la instancia de penales, la cual concluy\u00f3 con victoria parala visita&nbsp;por 4 a 3.<\/p>\n<div class=\"sp__SM\">\n<div class=\"content-new \">\n<span class=\"tit-mobile\">Mir\u00e1 tambi\u00e9n<\/span><\/p>\n<div class=\"mg\">\n<div class=\"wrap-figure\">\n<picture>\n<a href=\"https:\/\/www.ole.com.ar\/futbol-internacional\/inglaterra\/leeds-united-bielsa-brenden-aaronson_0_TzR9Kdr9In.html\" target=\"_self\" rel=\"noopener noreferrer\"><br \/>\n<img class=\"img-responsive\" alt=\"Leeds va por su primer refuerzo: ofert\u00f3 15 millones por una figura del Salzburgo\" src=\"http:\/\/hoycordobaweb.com\/wp-content\/uploads\/2022\/01\/increible-el-var-anulo-un-penal-por-pegarle-con-los-dos-pies-5.jpg\" loading=\"lazy\"><br \/>\n<\/a>\n<\/picture>\n<\/div>\n<\/div><\/div>\n<\/div>\n<div class=\"entry-tags\">\n<h2>TEMAS QUE APARECEN EN ESTA NOTA<\/h2>\n<\/p><\/div>\n","protected":false},"excerpt":{"rendered":"<p>Un momento ins\u00f3lito se vivi\u00f3 en la Copa de Alemania en el partido entre el Colonia y Hamburgo por los octavos de final, donde el mediocampista de los Machos Cabr\u00edos, Florian Kainz, pate\u00f3 un penal y lo convirti\u00f3, pero fue anulado por el VAR, que cobr\u00f3 que el jugador pate\u00f3 con ambos pies. Para colmo,&nbsp;su [&hellip;]<\/p>\n","protected":false},"author":1,"featured_media":35865,"comment_status":"open","ping_status":"closed","sticky":false,"template":"","format":"standard","meta":[],"categories":[16],"tags":[],"_links":{"self":[{"href":"http:\/\/hoycordobaweb.com\/index.php\/wp-json\/wp\/v2\/posts\/35864"}],"collection":[{"href":"http:\/\/hoycordobaweb.com\/index.php\/wp-json\/wp\/v2\/posts"}],"about":[{"href":"http:\/\/hoycordobaweb.com\/index.php\/wp-json\/wp\/v2\/types\/post"}],"author":[{"embeddable":true,"href":"http:\/\/hoycordobaweb.com\/index.php\/wp-json\/wp\/v2\/users\/1"}],"replies":[{"embeddable":true,"href":"http:\/\/hoycordobaweb.com\/index.php\/wp-json\/wp\/v2\/comments?post=35864"}],"version-history":[{"count":0,"href":"http:\/\/hoycordobaweb.com\/index.php\/wp-json\/wp\/v2\/posts\/35864\/revisions"}],"wp:featuredmedia":[{"embeddable":true,"href":"http:\/\/hoycordobaweb.com\/index.php\/wp-json\/wp\/v2\/media\/35865"}],"wp:attachment":[{"href":"http:\/\/hoycordobaweb.com\/index.php\/wp-json\/wp\/v2\/media?parent=35864"}],"wp:term":[{"taxonomy":"category","embeddable":true,"href":"http:\/\/hoycordobaweb.com\/index.php\/wp-json\/wp\/v2\/categories?post=35864"},{"taxonomy":"post_tag","embeddable":true,"href":"http:\/\/hoycordobaweb.com\/index.php\/wp-json\/wp\/v2\/tags?post=35864"}],"curies":[{"name":"wp","href":"https:\/\/api.w.org\/{rel}","templated":true}]}}